{"id":21516,"date":"2023-03-28T12:15:19","date_gmt":"2023-03-28T15:15:19","guid":{"rendered":"https:\/\/elfederalmendoza.com\/?p=21516"},"modified":"2023-03-28T12:15:28","modified_gmt":"2023-03-28T15:15:28","slug":"la-encuesta-que-preocupa-al-gobierno-y-encamina-a-los-candidatos-duros","status":"publish","type":"post","link":"https:\/\/elfederalmendoza.com.ar\/index.php\/2023\/03\/28\/la-encuesta-que-preocupa-al-gobierno-y-encamina-a-los-candidatos-duros\/","title":{"rendered":"La encuesta que preocupa al Gobierno y encamina a los candidatos duros"},"content":{"rendered":"\n<p>Enojo, frustraci\u00f3n y descontento. La acuarela de la percepci\u00f3n argentina. La inseguridad como punto de dolor y la econom\u00eda como desgaste progresivo. Sociedad golpeada. \u00abTriste\u00bb, supo decir el consultor\u00a0<strong>Jorge Giacobbe\u00a0<\/strong>en una reciente entrevista con\u00a0medios nacionales. Las elecciones\u00a0se acercan, el oficialismo juega las \u00faltimas fichas\u00a0y la oposici\u00f3n se acomoda para la contienda.\u00a0<\/p>\n\n\n\n<p>El relevamiento en cuesti\u00f3n es de la consultora<strong>\u00a0Giacobbe &amp; Asociados<\/strong>. Se realiz\u00f3\u00a0entre el 8 y el 12 de marzo. La muestra fue de 2.500 casos y se\u00a0llev\u00f3 a cabo a nivel nacional.<strong> El margen de error es del +\/- 2%<\/strong> y se utiliz\u00f3 un sistema de consulta a trav\u00e9s de dispositivos m\u00f3viles.\u00a0<\/p>\n\n\n\n<h2 class=\"wp-block-heading\"><strong>Los puntos destacados son los siguientes:\u00a0<\/strong><\/h2>\n\n\n\n<ul class=\"wp-block-list\">\n<li>El 62,7% quiere que el&nbsp;<strong>Frente de Todos<\/strong>&nbsp;pierda las elecciones y al 12,1% le da lo mismo.&nbsp;<\/li>\n\n\n\n<li>El 69,8% cree que el&nbsp;oficialismo est\u00e1 dilatando los problemas econ\u00f3micos para dej\u00e1rselos al pr\u00f3ximo Gobierno.<\/li>\n\n\n\n<li>El 59,6% piensa hay carteles de narcotr\u00e1fico y que se sabe p\u00fablicamente.&nbsp;<\/li>\n\n\n\n<li>El 66,6%&nbsp;considera que se debe militarizar la Ciudad de Rosario para combatir el narcotr\u00e1fico.&nbsp;<\/li>\n\n\n\n<li>La presidenta del\u00a0<strong>PRO<\/strong>,\u00a0<strong>Patricia Bullrich<\/strong>, encabeza la lista de imagen positiva con un 43,4% y le sigue el diputado de\u00a0<strong>La Libertad Avanza<\/strong>,\u00a0<strong>Javier Milei<\/strong>, con un 29,8%.\u00a0<\/li>\n<\/ul>\n\n\n\n<h2 class=\"wp-block-heading\">La inseguridad como punto de partida<\/h2>\n\n\n\n<p>Los hechos delictivos en la Ciudad de Rosario fueron el puntapi\u00e9 inicial para la descompensaci\u00f3n colectiva respecto a la inseguridad creciente. El asesinato de un chico de once a\u00f1os y los balazos al supermercado del padre de&nbsp;<strong>Antonella Roccuzzo<\/strong>. Las amenazas a&nbsp;<strong>Lionel Messi<\/strong>. El ataque y saqueo&nbsp;de los civiles a la casa narco.&nbsp;<\/p>\n\n\n\n<p>El ministro de Seguridad de la Naci\u00f3n,\u00a0<strong>An\u00edbal Fern\u00e1ndez<\/strong>, aterriz\u00f3 en la Comisi\u00f3n de Seguridad Interior de la C\u00e1mara de Diputados el 9 de marzo para presentar los n\u00fameros de su gesti\u00f3n. Cont\u00f3 con un enfoque particular: no hubo autocr\u00edtica ni indicios de acci\u00f3n futura respecto al narcotr\u00e1fico. \u00abDe los 17.631 millones de pesos invertidos, 8 mil millones fueron para Santa Fe\u201d, argument\u00f3 en ese tiempo pasado.\u00a0<\/p>\n","protected":false},"excerpt":{"rendered":"<p>Enojo, frustraci\u00f3n y descontento. La acuarela de la percepci\u00f3n argentina. La inseguridad como punto de dolor y la econom\u00eda como desgaste progresivo. Sociedad golpeada. \u00abTriste\u00bb, supo decir el consultor\u00a0Jorge Giacobbe\u00a0en una reciente entrevista con\u00a0medios nacionales. Las elecciones\u00a0se acercan, el oficialismo juega las \u00faltimas fichas\u00a0y la oposici\u00f3n se acomoda para la contienda.\u00a0 El relevamiento en cuesti\u00f3n<a class=\"read-more\" href=\"https:\/\/elfederalmendoza.com.ar\/index.php\/2023\/03\/28\/la-encuesta-que-preocupa-al-gobierno-y-encamina-a-los-candidatos-duros\/\"> [&hellip;]<\/a><\/p>\n","protected":false},"author":2,"featured_media":21517,"comment_status":"open","ping_status":"open","sticky":false,"template":"","format":"standard","meta":{"footnotes":""},"categories":[5618],"tags":[],"class_list":["post-21516","post","type-post","status-publish","format-standard","has-post-thumbnail","hentry","category-arg"],"rttpg_featured_image_url":{"full":["https:\/\/elfederalmendoza.com.ar\/wp-content\/uploads\/2023\/03\/mujer-votando.jpg",1079,602,false],"landscape":["https:\/\/elfederalmendoza.com.ar\/wp-content\/uploads\/2023\/03\/mujer-votando.jpg",1079,602,false],"portraits":["https:\/\/elfederalmendoza.com.ar\/wp-content\/uploads\/2023\/03\/mujer-votando.jpg",1079,602,false],"thumbnail":["https:\/\/elfederalmendoza.com.ar\/wp-content\/uploads\/2023\/03\/mujer-votando-150x150.jpg",150,150,true],"medium":["https:\/\/elfederalmendoza.com.ar\/wp-content\/uploads\/2023\/03\/mujer-votando-300x167.jpg",300,167,true],"large":["https:\/\/elfederalmendoza.com.ar\/wp-content\/uploads\/2023\/03\/mujer-votando-1024x571.jpg",640,357,true],"1536x1536":["https:\/\/elfederalmendoza.com.ar\/wp-content\/uploads\/2023\/03\/mujer-votando.jpg",1079,602,false],"2048x2048":["https:\/\/elfederalmendoza.com.ar\/wp-content\/uploads\/2023\/03\/mujer-votando.jpg",1079,602,false],"ultp_layout_landscape_large":["https:\/\/elfederalmendoza.com.ar\/wp-content\/uploads\/2023\/03\/mujer-votando.jpg",1079,602,false],"ultp_layout_landscape":["https:\/\/elfederalmendoza.com.ar\/wp-content\/uploads\/2023\/03\/mujer-votando-870x570.jpg",870,570,true],"ultp_layout_portrait":["https:\/\/elfederalmendoza.com.ar\/wp-content\/uploads\/2023\/03\/mujer-votando-600x602.jpg",600,602,true],"ultp_layout_square":["https:\/\/elfederalmendoza.com.ar\/wp-content\/uploads\/2023\/03\/mujer-votando-600x600.jpg",600,600,true],"rpwe-thumbnail":["https:\/\/elfederalmendoza.com.ar\/wp-content\/uploads\/2023\/03\/mujer-votando-45x45.jpg",45,45,true],"advps-thumb-one":["https:\/\/elfederalmendoza.com.ar\/wp-content\/uploads\/2023\/03\/mujer-votando-1079x420.jpg",1079,420,true]},"rttpg_author":{"display_name":"Redacci\u00f3n El Federal","author_link":"https:\/\/elfederalmendoza.com.ar\/index.php\/author\/angelflores\/"},"rttpg_comment":0,"rttpg_category":"<a href=\"https:\/\/elfederalmendoza.com.ar\/index.php\/category\/arg\/\" rel=\"category tag\">Argentina<\/a>","rttpg_excerpt":"Enojo, frustraci\u00f3n y descontento. La acuarela de la percepci\u00f3n argentina. La inseguridad como punto de dolor y la econom\u00eda como desgaste progresivo. Sociedad golpeada. \u00abTriste\u00bb, supo decir el consultor\u00a0Jorge Giacobbe\u00a0en una reciente entrevista con\u00a0medios nacionales. Las elecciones\u00a0se acercan, el oficialismo juega las \u00faltimas fichas\u00a0y la oposici\u00f3n se acomoda para la contienda.\u00a0 El relevamiento en cuesti\u00f3n&hellip;","_links":{"self":[{"href":"https:\/\/elfederalmendoza.com.ar\/index.php\/wp-json\/wp\/v2\/posts\/21516","targetHints":{"allow":["GET"]}}],"collection":[{"href":"https:\/\/elfederalmendoza.com.ar\/index.php\/wp-json\/wp\/v2\/posts"}],"about":[{"href":"https:\/\/elfederalmendoza.com.ar\/index.php\/wp-json\/wp\/v2\/types\/post"}],"author":[{"embeddable":true,"href":"https:\/\/elfederalmendoza.com.ar\/index.php\/wp-json\/wp\/v2\/users\/2"}],"replies":[{"embeddable":true,"href":"https:\/\/elfederalmendoza.com.ar\/index.php\/wp-json\/wp\/v2\/comments?post=21516"}],"version-history":[{"count":1,"href":"https:\/\/elfederalmendoza.com.ar\/index.php\/wp-json\/wp\/v2\/posts\/21516\/revisions"}],"predecessor-version":[{"id":21518,"href":"https:\/\/elfederalmendoza.com.ar\/index.php\/wp-json\/wp\/v2\/posts\/21516\/revisions\/21518"}],"wp:featuredmedia":[{"embeddable":true,"href":"https:\/\/elfederalmendoza.com.ar\/index.php\/wp-json\/wp\/v2\/media\/21517"}],"wp:attachment":[{"href":"https:\/\/elfederalmendoza.com.ar\/index.php\/wp-json\/wp\/v2\/media?parent=21516"}],"wp:term":[{"taxonomy":"category","embeddable":true,"href":"https:\/\/elfederalmendoza.com.ar\/index.php\/wp-json\/wp\/v2\/categories?post=21516"},{"taxonomy":"post_tag","embeddable":true,"href":"https:\/\/elfederalmendoza.com.ar\/index.php\/wp-json\/wp\/v2\/tags?post=21516"}],"curies":[{"name":"wp","href":"https:\/\/api.w.org\/{rel}","templated":true}]}}