{"id":21523,"date":"2023-03-28T01:00:00","date_gmt":"2023-03-28T04:00:00","guid":{"rendered":"https:\/\/elfederalmendoza.com\/?p=21523"},"modified":"2023-03-28T13:00:22","modified_gmt":"2023-03-28T16:00:22","slug":"se-estreno-en-netflix-hace-poco-y-es-la-mas-vista-en-argentina-mira-el-trailer","status":"publish","type":"post","link":"https:\/\/elfederalmendoza.com.ar\/index.php\/2023\/03\/28\/se-estreno-en-netflix-hace-poco-y-es-la-mas-vista-en-argentina-mira-el-trailer\/","title":{"rendered":"Se estren\u00f3 en Netflix hace poco y es la m\u00e1s vista en Argentina: mir\u00e1 el tr\u00e1iler"},"content":{"rendered":"\n<p><strong><a href=\"https:\/\/www.diariouno.com.ar\/acaba-estrenarse-netflix-y-ya-esta-las-mas-vistas-n1079768\" target=\"_blank\" rel=\"noreferrer noopener\">Netflix<\/a><\/strong>\u00a0prometi\u00f3 que el 2023 iba a estar cargado de estrenos para los amantes de las\u00a0<strong>series y pel\u00edculas<\/strong>, as\u00ed poder combatir esas horas de aburrimiento con historias atrapantes de todos los g\u00e9neros posibles.<\/p>\n\n\n\n<p>En los \u00faltimos d\u00edas de marzo, la plataforma\u00a0<strong>sum\u00f3 una serie que conjuga el misterio y el suspenso<\/strong>, que es casi un hecho que te atrapar\u00e1 con su relato basado en un exitoso libro.<\/p>\n\n\n\n<figure class=\"wp-block-image\"><img decoding=\"async\" src=\"https:\/\/media.diariouno.com.ar\/p\/acba0798bbe1d49c899771c5ce17814e\/adjuntos\/298\/imagenes\/009\/133\/0009133633\/1200x0\/smart\/el-agente-nocturno-1webp.png\" alt=\"\"\/><\/figure>\n\n\n\n<p>\u201c<strong>El agente nocturno<\/strong>\u201d lleg\u00f3 a&nbsp;<strong>Netflix&nbsp;<\/strong>en el mes de marzo, y en muy pocos d\u00edas se posicion\u00f3 como la&nbsp;<strong>m\u00e1s vista del pa\u00eds<\/strong>&nbsp;entre los amantes de la plataforma. A lo largo del relato veremos tem\u00e1ticas tan atrapantes como lo son las&nbsp;<strong>conspiraciones y el espionaje en los Estados Unidos<\/strong>.<\/p>\n\n\n\n<h2 class=\"wp-block-heading\" id=\"Netflix:_de_que_trata_\u201cEl_agente_nocturno\u201d\"><strong>Netflix: de que trata \u201cEl agente nocturno\u201d<\/strong><\/h2>\n\n\n\n<p>\u201c<strong>Cuando un agente del FBI contesta una l\u00ednea telef\u00f3nica de emergencia en la Casa Blanca, su vida se sumerge en un mundo de conspiraciones, peligros mortales y espionaje<\/strong>\u201d as\u00ed presenta&nbsp;<strong>Netflix&nbsp;<\/strong>esta&nbsp;<strong>serie&nbsp;<\/strong>de suspenso y misterio que promete conquistar a todos desde su primera temporada.<\/p>\n\n\n\n<p>A lo largo de la nueva historia de\u00a0<strong>Netflix<\/strong>, conoceremos a\u00a0<strong>Peter Sutherland<\/strong>, un agente del\u00a0<strong>FBI\u00a0<\/strong>de bajo nivel, que ocupa un puesto en lo que es el s\u00f3tano de la mism\u00edsima\u00a0<strong>Casa Blanca<\/strong>, a cargo de un tel\u00e9fono de emergencia, que nunca suena. En un momento impensado, una llamada llega y lo impulsa a investigar una conspiraci\u00f3n que lo lleva hasta la\u00a0<strong>Oficina Oval<\/strong>.<\/p>\n\n\n\n<figure class=\"wp-block-embed is-type-video is-provider-youtube wp-block-embed-youtube wp-embed-aspect-16-9 wp-has-aspect-ratio\"><div class=\"wp-block-embed__wrapper\">\n<iframe loading=\"lazy\" title=\"El agente nocturno (EN ESPA\u00d1OL) | Tr\u00e1iler oficial | Netflix\" width=\"640\" height=\"360\" src=\"https:\/\/www.youtube.com\/embed\/yU6t0YPYdVw?feature=oembed\" frameborder=\"0\" allow=\"accelerometer; autoplay; clipboard-write; encrypted-media; gyroscope; picture-in-picture; web-share\" referrerpolicy=\"strict-origin-when-cross-origin\" allowfullscreen><\/iframe>\n<\/div><\/figure>\n","protected":false},"excerpt":{"rendered":"<p>Netflix\u00a0prometi\u00f3 que el 2023 iba a estar cargado de estrenos para los amantes de las\u00a0series y pel\u00edculas, as\u00ed poder combatir esas horas de aburrimiento con historias atrapantes de todos los g\u00e9neros posibles. En los \u00faltimos d\u00edas de marzo, la plataforma\u00a0sum\u00f3 una serie que conjuga el misterio y el suspenso, que es casi un hecho que<a class=\"read-more\" href=\"https:\/\/elfederalmendoza.com.ar\/index.php\/2023\/03\/28\/se-estreno-en-netflix-hace-poco-y-es-la-mas-vista-en-argentina-mira-el-trailer\/\"> [&hellip;]<\/a><\/p>\n","protected":false},"author":2,"featured_media":21524,"comment_status":"open","ping_status":"open","sticky":false,"template":"","format":"standard","meta":{"footnotes":""},"categories":[5618],"tags":[],"class_list":["post-21523","post","type-post","status-publish","format-standard","has-post-thumbnail","hentry","category-arg"],"rttpg_featured_image_url":{"full":["https:\/\/elfederalmendoza.com.ar\/wp-content\/uploads\/2023\/03\/AGENTE-NOCTURNO.jpg",868,487,false],"landscape":["https:\/\/elfederalmendoza.com.ar\/wp-content\/uploads\/2023\/03\/AGENTE-NOCTURNO.jpg",868,487,false],"portraits":["https:\/\/elfederalmendoza.com.ar\/wp-content\/uploads\/2023\/03\/AGENTE-NOCTURNO.jpg",868,487,false],"thumbnail":["https:\/\/elfederalmendoza.com.ar\/wp-content\/uploads\/2023\/03\/AGENTE-NOCTURNO-150x150.jpg",150,150,true],"medium":["https:\/\/elfederalmendoza.com.ar\/wp-content\/uploads\/2023\/03\/AGENTE-NOCTURNO-300x168.jpg",300,168,true],"large":["https:\/\/elfederalmendoza.com.ar\/wp-content\/uploads\/2023\/03\/AGENTE-NOCTURNO.jpg",640,359,false],"1536x1536":["https:\/\/elfederalmendoza.com.ar\/wp-content\/uploads\/2023\/03\/AGENTE-NOCTURNO.jpg",868,487,false],"2048x2048":["https:\/\/elfederalmendoza.com.ar\/wp-content\/uploads\/2023\/03\/AGENTE-NOCTURNO.jpg",868,487,false],"ultp_layout_landscape_large":["https:\/\/elfederalmendoza.com.ar\/wp-content\/uploads\/2023\/03\/AGENTE-NOCTURNO.jpg",868,487,false],"ultp_layout_landscape":["https:\/\/elfederalmendoza.com.ar\/wp-content\/uploads\/2023\/03\/AGENTE-NOCTURNO.jpg",868,487,false],"ultp_layout_portrait":["https:\/\/elfederalmendoza.com.ar\/wp-content\/uploads\/2023\/03\/AGENTE-NOCTURNO-600x487.jpg",600,487,true],"ultp_layout_square":["https:\/\/elfederalmendoza.com.ar\/wp-content\/uploads\/2023\/03\/AGENTE-NOCTURNO-600x487.jpg",600,487,true],"rpwe-thumbnail":["https:\/\/elfederalmendoza.com.ar\/wp-content\/uploads\/2023\/03\/AGENTE-NOCTURNO-45x45.jpg",45,45,true],"advps-thumb-one":["https:\/\/elfederalmendoza.com.ar\/wp-content\/uploads\/2023\/03\/AGENTE-NOCTURNO-868x420.jpg",868,420,true]},"rttpg_author":{"display_name":"Redacci\u00f3n El Federal","author_link":"https:\/\/elfederalmendoza.com.ar\/index.php\/author\/angelflores\/"},"rttpg_comment":0,"rttpg_category":"<a href=\"https:\/\/elfederalmendoza.com.ar\/index.php\/category\/arg\/\" rel=\"category tag\">Argentina<\/a>","rttpg_excerpt":"Netflix\u00a0prometi\u00f3 que el 2023 iba a estar cargado de estrenos para los amantes de las\u00a0series y pel\u00edculas, as\u00ed poder combatir esas horas de aburrimiento con historias atrapantes de todos los g\u00e9neros posibles. En los \u00faltimos d\u00edas de marzo, la plataforma\u00a0sum\u00f3 una serie que conjuga el misterio y el suspenso, que es casi un hecho que&hellip;","_links":{"self":[{"href":"https:\/\/elfederalmendoza.com.ar\/index.php\/wp-json\/wp\/v2\/posts\/21523","targetHints":{"allow":["GET"]}}],"collection":[{"href":"https:\/\/elfederalmendoza.com.ar\/index.php\/wp-json\/wp\/v2\/posts"}],"about":[{"href":"https:\/\/elfederalmendoza.com.ar\/index.php\/wp-json\/wp\/v2\/types\/post"}],"author":[{"embeddable":true,"href":"https:\/\/elfederalmendoza.com.ar\/index.php\/wp-json\/wp\/v2\/users\/2"}],"replies":[{"embeddable":true,"href":"https:\/\/elfederalmendoza.com.ar\/index.php\/wp-json\/wp\/v2\/comments?post=21523"}],"version-history":[{"count":1,"href":"https:\/\/elfederalmendoza.com.ar\/index.php\/wp-json\/wp\/v2\/posts\/21523\/revisions"}],"predecessor-version":[{"id":21525,"href":"https:\/\/elfederalmendoza.com.ar\/index.php\/wp-json\/wp\/v2\/posts\/21523\/revisions\/21525"}],"wp:featuredmedia":[{"embeddable":true,"href":"https:\/\/elfederalmendoza.com.ar\/index.php\/wp-json\/wp\/v2\/media\/21524"}],"wp:attachment":[{"href":"https:\/\/elfederalmendoza.com.ar\/index.php\/wp-json\/wp\/v2\/media?parent=21523"}],"wp:term":[{"taxonomy":"category","embeddable":true,"href":"https:\/\/elfederalmendoza.com.ar\/index.php\/wp-json\/wp\/v2\/categories?post=21523"},{"taxonomy":"post_tag","embeddable":true,"href":"https:\/\/elfederalmendoza.com.ar\/index.php\/wp-json\/wp\/v2\/tags?post=21523"}],"curies":[{"name":"wp","href":"https:\/\/api.w.org\/{rel}","templated":true}]}}