{"id":21536,"date":"2023-03-28T06:18:00","date_gmt":"2023-03-28T09:18:00","guid":{"rendered":"https:\/\/elfederalmendoza.com\/?p=21536"},"modified":"2023-03-28T18:27:12","modified_gmt":"2023-03-28T21:27:12","slug":"estos-son-los-jugadores-argentinos-que-serian-citados-por-la-seleccion-de-italia-luego-del-exito-de-retegui","status":"publish","type":"post","link":"https:\/\/elfederalmendoza.com.ar\/index.php\/2023\/03\/28\/estos-son-los-jugadores-argentinos-que-serian-citados-por-la-seleccion-de-italia-luego-del-exito-de-retegui\/","title":{"rendered":"Estos son los jugadores argentinos que ser\u00edan citados por la selecci\u00f3n de Italia luego del \u00e9xito de Retegui"},"content":{"rendered":"\n<p><strong>El argentino<\/strong>&nbsp;<strong>Mateo Retegui (23)&nbsp;<\/strong>se convirti\u00f3 en la noticia de la \u00faltima semana para el&nbsp;<strong>f\u00fatbol italiano<\/strong>, desde que se conoci\u00f3 su citaci\u00f3n hasta su gran actuaci\u00f3n en los dos partidos que disput\u00f3 la<strong>&nbsp;Selecci\u00f3n de Italia<\/strong>&nbsp;en las Eliminatorias para la Eurocopa 2024. El talentoso delantero de Tigre se convirti\u00f3 en uno de los \u00fanicos cuatro jugadores en convertir goles en sus dos primeros partidos con la Azzurra.<\/p>\n\n\n\n<p>A pesar de las cr\u00edticas que hab\u00eda recibido&nbsp;<strong>Roberto Mancini, DT de la Selecci\u00f3n de Italia,<\/strong>&nbsp;por citar al jugador de Tigre sin tener experiencia europea, el entrenador hab\u00eda declarado que Italia \u00abno tiene goleadores como \u00e9l\u00bb.&nbsp;<strong>Mancini<\/strong>&nbsp;no se equivoc\u00f3, ya que&nbsp;<strong>Mateo Retegui<\/strong>&nbsp;convirti\u00f3 el \u00fanico gol italiano en la derrota frente a Inglaterra por 2 a 1, y tambi\u00e9n marc\u00f3 el primer gol en la victoria frente a Malta.&nbsp;<\/p>\n\n\n\n<p>\u00abNecesit\u00e1bamos un goleador y estamos contento de haberlo encontrado\u00bb, coment\u00f3 el seleccionador luego de los partidos en los que&nbsp;<strong>Retegui<\/strong>&nbsp;fue tapa de todos los diarios. Italia se encuentra en medio de una renovaci\u00f3n generacional, luego de no haber participado de los \u00faltimos dos mundiales de Rusia 2018 y de Qatar 2022.<\/p>\n\n\n\n<figure class=\"wp-block-image is-resized\"><img loading=\"lazy\" decoding=\"async\" src=\"https:\/\/www.mendozapost.com\/files\/image\/469\/469581\/64234995f18fa.jpg\" alt=\"\" width=\"952\" height=\"535\"\/><figcaption class=\"wp-element-caption\">Mateo Retegui marc\u00f3 frente a Inglaterra<\/figcaption><\/figure>\n\n\n\n<p>Es por esto que en Italia se est\u00e1 llevando&nbsp;<strong>un plan de captaci\u00f3n de talentos en Sudam\u00e9rica<\/strong>, a trav\u00e9s de scouts que trabajan en el f\u00fatbol argentino y el f\u00fatbol brasile\u00f1o. Buscan a j\u00f3venes jugadores con el pasaporte italiano y ya&nbsp;<strong>tienen a cuatro argentinos en vista<\/strong>, que no ser\u00edan tenidos en cuenta por la Selecci\u00f3n Argentina.<\/p>\n\n\n\n<figure class=\"wp-block-image size-large\"><img loading=\"lazy\" decoding=\"async\" width=\"1024\" height=\"576\" src=\"https:\/\/elfederalmendoza.com\/wp-content\/uploads\/2023\/03\/lucas-beltran-1024x576.jpg\" alt=\"\" class=\"wp-image-21537\" srcset=\"https:\/\/elfederalmendoza.com.ar\/wp-content\/uploads\/2023\/03\/lucas-beltran-1024x576.jpg 1024w, https:\/\/elfederalmendoza.com.ar\/wp-content\/uploads\/2023\/03\/lucas-beltran-300x169.jpg 300w, https:\/\/elfederalmendoza.com.ar\/wp-content\/uploads\/2023\/03\/lucas-beltran-768x432.jpg 768w, https:\/\/elfederalmendoza.com.ar\/wp-content\/uploads\/2023\/03\/lucas-beltran-1536x864.jpg 1536w, https:\/\/elfederalmendoza.com.ar\/wp-content\/uploads\/2023\/03\/lucas-beltran.jpg 1980w\" sizes=\"auto, (max-width: 1024px) 100vw, 1024px\" \/><figcaption class=\"wp-element-caption\">Lucas Beltr\u00e1n<\/figcaption><\/figure>\n\n\n\n<p>En las \u00faltimas horas, son\u00f3 que est\u00e1n siguiendo a <strong>Lucas Beltr\u00e1n, en centro delantero de River Plate<\/strong>. \u00abEs una posibilidad dentro del recambio de jugadores que pueden aportar la fuerza de la nueva generaci\u00f3n en la selecci\u00f3n\u00bb, dijo un periodista italiano.<\/p>\n\n\n\n<figure class=\"wp-block-image is-resized\"><img loading=\"lazy\" decoding=\"async\" src=\"https:\/\/www.mendozapost.com\/files\/image\/469\/469583\/64234a14e9438_570_687!.jpg?s=60dd42ac9e02046f638537e78dd116f5&amp;d=1680034331\" alt=\"\" width=\"952\" height=\"1147\"\/><figcaption class=\"wp-element-caption\">Nicol\u00e1s Capaldo es uno de los seguidos por Mancini<\/figcaption><\/figure>\n\n\n\n<p>Otro de los seguidos es&nbsp;<strong>Nicol\u00e1s Capaldo<\/strong>. El volante de 24 a\u00f1os es seguido desde que comenz\u00f3 su carrera en Boca. Ahora, en el Salzburgo de Austria, Capaldo es una de las revelaciones del equipo austr\u00edaco, donde ha marcado 5 goles en 22 partidos esta temporada.<\/p>\n\n\n\n<figure class=\"wp-block-image is-resized\"><img loading=\"lazy\" decoding=\"async\" src=\"https:\/\/www.mendozapost.com\/files\/image\/469\/469585\/64234ab1c808d_570_426!.jpg?s=d38d7b79e438258766b9bf5e15bd8dbc&amp;d=1680034486\" alt=\"\" width=\"957\" height=\"715\"\/><figcaption class=\"wp-element-caption\">Galoppo se lesion\u00f3 la rodilla en Sao Paulo<\/figcaption><\/figure>\n\n\n\n<p>El otro argentino que milita en el exterior es&nbsp;<strong>Giuliano Galoppo<\/strong>. El ex Banfield, de destacado paso por el club del sur de Buenos Aires, ahora milita en el Sao Paulo de Brasil. Con 23 a\u00f1os, Galoppo es figura en Brasil, donde ha marcado 7 goles y es el goleador del Campeonato Paulista. Transita su recuperaci\u00f3n por una rotura de ligamentos ocurrida a principios de marzo.<\/p>\n\n\n\n<figure class=\"wp-block-image is-resized\"><img loading=\"lazy\" decoding=\"async\" src=\"https:\/\/www.mendozapost.com\/files\/image\/469\/469591\/64234b6590cc7_570_321!.jpg?s=067f0cd11f385e362a89eafc59b8aae9&amp;d=1680034665\" alt=\"\" width=\"954\" height=\"537\"\/><figcaption class=\"wp-element-caption\">Gianluca Prestianni, con la camiseta de V\u00e9lez<\/figcaption><\/figure>\n\n\n\n<p>Del f\u00fatbol argentino, desde Italia est\u00e1n siguiendo a&nbsp;<strong>Gianluca Prestianni<\/strong>&nbsp;y a Marco Di Cesare. Prestianni, de V\u00e9lez, ha sido una de las gratas apariciones del &#8216;Fort\u00edn&#8217; en las \u00faltimas semanas. A sus 17 a\u00f1os, viene de marcar su primer gol en Primera Divisi\u00f3n, en la goleada de su equipo frente a Central C\u00f3rdoba y ya lo siguen los grandes equipos de Espa\u00f1a.<\/p>\n\n\n\n<figure class=\"wp-block-image is-resized\"><img loading=\"lazy\" decoding=\"async\" src=\"https:\/\/www.mendozapost.com\/files\/image\/469\/469593\/64234bd36524b_570_570!.jpg?s=8d955398027b8436a9c0b3836805c953&amp;d=1680034775\" alt=\"\" width=\"948\" height=\"948\"\/><figcaption class=\"wp-element-caption\">Marco Di Cesare, marcador central del &#8216;Bicho&#8217;<\/figcaption><\/figure>\n\n\n\n<p>Por su parte,<strong>&nbsp;Marco Di Cesare<\/strong>, defensor central de Argentinos Juniors, acumula 28 partidos en la primera del &#8216;Bicho&#8217;, pero con Gabriel Milito ha perdido continuidad. Adem\u00e1s de ellos, son varios los futbolistas argentinos que sigue el staff t\u00e9cnico de la Selecci\u00f3n de Italia, buscando pr\u00f3ximos jugadores para la &#8216;Azzurra&#8217;.<\/p>\n","protected":false},"excerpt":{"rendered":"<p>El argentino&nbsp;Mateo Retegui (23)&nbsp;se convirti\u00f3 en la noticia de la \u00faltima semana para el&nbsp;f\u00fatbol italiano, desde que se conoci\u00f3 su citaci\u00f3n hasta su gran actuaci\u00f3n en los dos partidos que disput\u00f3 la&nbsp;Selecci\u00f3n de Italia&nbsp;en las Eliminatorias para la Eurocopa 2024. El talentoso delantero de Tigre se convirti\u00f3 en uno de los \u00fanicos cuatro jugadores en<a class=\"read-more\" href=\"https:\/\/elfederalmendoza.com.ar\/index.php\/2023\/03\/28\/estos-son-los-jugadores-argentinos-que-serian-citados-por-la-seleccion-de-italia-luego-del-exito-de-retegui\/\"> [&hellip;]<\/a><\/p>\n","protected":false},"author":2,"featured_media":21538,"comment_status":"open","ping_status":"open","sticky":false,"template":"","format":"standard","meta":{"footnotes":""},"categories":[5620],"tags":[],"class_list":["post-21536","post","type-post","status-publish","format-standard","has-post-thumbnail","hentry","category-deportes"],"rttpg_featured_image_url":{"full":["https:\/\/elfederalmendoza.com.ar\/wp-content\/uploads\/2023\/03\/retegui.jpg",1007,558,false],"landscape":["https:\/\/elfederalmendoza.com.ar\/wp-content\/uploads\/2023\/03\/retegui.jpg",1007,558,false],"portraits":["https:\/\/elfederalmendoza.com.ar\/wp-content\/uploads\/2023\/03\/retegui.jpg",1007,558,false],"thumbnail":["https:\/\/elfederalmendoza.com.ar\/wp-content\/uploads\/2023\/03\/retegui-150x150.jpg",150,150,true],"medium":["https:\/\/elfederalmendoza.com.ar\/wp-content\/uploads\/2023\/03\/retegui-300x166.jpg",300,166,true],"large":["https:\/\/elfederalmendoza.com.ar\/wp-content\/uploads\/2023\/03\/retegui.jpg",640,355,false],"1536x1536":["https:\/\/elfederalmendoza.com.ar\/wp-content\/uploads\/2023\/03\/retegui.jpg",1007,558,false],"2048x2048":["https:\/\/elfederalmendoza.com.ar\/wp-content\/uploads\/2023\/03\/retegui.jpg",1007,558,false],"ultp_layout_landscape_large":["https:\/\/elfederalmendoza.com.ar\/wp-content\/uploads\/2023\/03\/retegui.jpg",1007,558,false],"ultp_layout_landscape":["https:\/\/elfederalmendoza.com.ar\/wp-content\/uploads\/2023\/03\/retegui-870x558.jpg",870,558,true],"ultp_layout_portrait":["https:\/\/elfederalmendoza.com.ar\/wp-content\/uploads\/2023\/03\/retegui-600x558.jpg",600,558,true],"ultp_layout_square":["https:\/\/elfederalmendoza.com.ar\/wp-content\/uploads\/2023\/03\/retegui-600x558.jpg",600,558,true],"rpwe-thumbnail":["https:\/\/elfederalmendoza.com.ar\/wp-content\/uploads\/2023\/03\/retegui-45x45.jpg",45,45,true],"advps-thumb-one":["https:\/\/elfederalmendoza.com.ar\/wp-content\/uploads\/2023\/03\/retegui-1007x420.jpg",1007,420,true]},"rttpg_author":{"display_name":"Redacci\u00f3n El Federal","author_link":"https:\/\/elfederalmendoza.com.ar\/index.php\/author\/angelflores\/"},"rttpg_comment":0,"rttpg_category":"<a href=\"https:\/\/elfederalmendoza.com.ar\/index.php\/category\/deportes\/\" rel=\"category tag\">Deportes<\/a>","rttpg_excerpt":"El argentino&nbsp;Mateo Retegui (23)&nbsp;se convirti\u00f3 en la noticia de la \u00faltima semana para el&nbsp;f\u00fatbol italiano, desde que se conoci\u00f3 su citaci\u00f3n hasta su gran actuaci\u00f3n en los dos partidos que disput\u00f3 la&nbsp;Selecci\u00f3n de Italia&nbsp;en las Eliminatorias para la Eurocopa 2024. El talentoso delantero de Tigre se convirti\u00f3 en uno de los \u00fanicos cuatro jugadores en&hellip;","_links":{"self":[{"href":"https:\/\/elfederalmendoza.com.ar\/index.php\/wp-json\/wp\/v2\/posts\/21536","targetHints":{"allow":["GET"]}}],"collection":[{"href":"https:\/\/elfederalmendoza.com.ar\/index.php\/wp-json\/wp\/v2\/posts"}],"about":[{"href":"https:\/\/elfederalmendoza.com.ar\/index.php\/wp-json\/wp\/v2\/types\/post"}],"author":[{"embeddable":true,"href":"https:\/\/elfederalmendoza.com.ar\/index.php\/wp-json\/wp\/v2\/users\/2"}],"replies":[{"embeddable":true,"href":"https:\/\/elfederalmendoza.com.ar\/index.php\/wp-json\/wp\/v2\/comments?post=21536"}],"version-history":[{"count":2,"href":"https:\/\/elfederalmendoza.com.ar\/index.php\/wp-json\/wp\/v2\/posts\/21536\/revisions"}],"predecessor-version":[{"id":21540,"href":"https:\/\/elfederalmendoza.com.ar\/index.php\/wp-json\/wp\/v2\/posts\/21536\/revisions\/21540"}],"wp:featuredmedia":[{"embeddable":true,"href":"https:\/\/elfederalmendoza.com.ar\/index.php\/wp-json\/wp\/v2\/media\/21538"}],"wp:attachment":[{"href":"https:\/\/elfederalmendoza.com.ar\/index.php\/wp-json\/wp\/v2\/media?parent=21536"}],"wp:term":[{"taxonomy":"category","embeddable":true,"href":"https:\/\/elfederalmendoza.com.ar\/index.php\/wp-json\/wp\/v2\/categories?post=21536"},{"taxonomy":"post_tag","embeddable":true,"href":"https:\/\/elfederalmendoza.com.ar\/index.php\/wp-json\/wp\/v2\/tags?post=21536"}],"curies":[{"name":"wp","href":"https:\/\/api.w.org\/{rel}","templated":true}]}}