{"id":21543,"date":"2023-03-29T07:16:38","date_gmt":"2023-03-29T10:16:38","guid":{"rendered":"https:\/\/elfederalmendoza.com\/?p=21543"},"modified":"2023-03-29T07:16:40","modified_gmt":"2023-03-29T10:16:40","slug":"echaron-a-ibarra-y-un-tecnico-ya-comenzo-a-negociar-con-boca","status":"publish","type":"post","link":"https:\/\/elfederalmendoza.com.ar\/index.php\/2023\/03\/29\/echaron-a-ibarra-y-un-tecnico-ya-comenzo-a-negociar-con-boca\/","title":{"rendered":"Echaron a Ibarra y un t\u00e9cnico ya comenz\u00f3 a negociar con Boca"},"content":{"rendered":"\n<p>La mala campa\u00f1a actual y un nivel de juego lejos del ideal provocaron<strong> la decisi\u00f3n tomada por Juan Rom\u00e1n Riquelme<\/strong> y el Consejo de F\u00fatbol. Mariano Herr\u00f3n, a cargo hasta hoy de la Reserva, lo reemplazar\u00e1 interinamente a la espera de un nuevo cuerpo t\u00e9cnico.<\/p>\n\n\n\n<p>No hay equipo que haya ganado m\u00e1s que\u00a0Boca\u00a0en el f\u00fatbol argentino en los \u00faltimos tiempos y, sin embargo, es el mismo club que probar\u00e1 con su cuarto entrenador en el \u00faltimo a\u00f1o y medio: Hugo Ibarra dej\u00f3 esta noche de ser el director t\u00e9cnico tras una decisi\u00f3n tomada por el vicepresidente Juan Rom\u00e1n Riquelme y el Consejo de F\u00fatbol. <strong>Ser\u00e1 reemplazado de manera interina por Mariano Herr\u00f3n, actual entrenador de la Reserva.<\/strong><\/p>\n\n\n\n<p>El ex lateral derecho y gloria de la \u00e9poca dorada internacional de\u00a0Boca\u00a0fue el entrenador del equipo que gan\u00f3 la \u00faltima Liga Profesional, la 2022, pero el decimocuarto puesto en el actual torneo m\u00e1s un nivel de juego por debajo de lo esperado provocaron la decisi\u00f3n dirigencial.<\/p>\n\n\n\n<p>Curiosamente, los anteriores t\u00e9cnicos de la era Riquelme, <strong>Miguel Russo y Sebasti\u00e1n Battaglia<\/strong>, tambi\u00e9n ganaron t\u00edtulos (liga o Copa Argentina) pero no siguieron mucho en sus cargos: el primero fue despedido en agosto de 2021 y el segundo en julio de 2022.<\/p>\n\n\n\n<blockquote class=\"twitter-tweet\"><p lang=\"es\" dir=\"ltr\"><a href=\"https:\/\/twitter.com\/hashtag\/Serna?src=hash&amp;ref_src=twsrc%5Etfw\">#Serna<\/a> confirm\u00f3 que <a href=\"https:\/\/twitter.com\/hashtag\/Ibarra?src=hash&amp;ref_src=twsrc%5Etfw\">#Ibarra<\/a>, <a href=\"https:\/\/twitter.com\/hashtag\/Graci%C3%A1n?src=hash&amp;ref_src=twsrc%5Etfw\">#Graci\u00e1n<\/a> y <a href=\"https:\/\/twitter.com\/hashtag\/Pompei?src=hash&amp;ref_src=twsrc%5Etfw\">#Pompei<\/a> NO seguir\u00e1n en el club. <a href=\"https:\/\/t.co\/6D7s9TfKzQ\">pic.twitter.com\/6D7s9TfKzQ<\/a><\/p>&mdash; Boca Juniors &#8211; La12Tuittera (@la12tuittera) <a href=\"https:\/\/twitter.com\/la12tuittera\/status\/1640851097232310277?ref_src=twsrc%5Etfw\">March 28, 2023<\/a><\/blockquote> <script async src=\"https:\/\/platform.twitter.com\/widgets.js\" charset=\"utf-8\"><\/script>\n\n\n\n<p>En el medio de la despedida, ya se tom\u00f3 contacto con el primero en la lista de posibles candidatos a tecnico de Boca, como lo es el <strong>\u00abTata\u00bb Martino<\/strong>.<\/p>\n\n\n\n<blockquote class=\"twitter-tweet\"><p lang=\"es\" dir=\"ltr\">\ud83d\udea8 AHORA <br><br>Informa <a href=\"https:\/\/twitter.com\/JulioPavoni?ref_src=twsrc%5Etfw\">@JulioPavoni<\/a> que <br>hubo contacto entre Boca y Gerardo Martino. Boca quiere definirlo ANTES DEL VIERNES.<a href=\"https:\/\/twitter.com\/hashtag\/Martino?src=hash&amp;ref_src=twsrc%5Etfw\">#Martino<\/a> ya dio el Ok para negociar. Ma\u00f1ana comenzar\u00e1n las charlas. <a href=\"https:\/\/t.co\/ObEyPYfI2v\">pic.twitter.com\/ObEyPYfI2v<\/a><\/p>&mdash; Boca Juniors &#8211; La12Tuittera (@la12tuittera) <a href=\"https:\/\/twitter.com\/la12tuittera\/status\/1640882570312269826?ref_src=twsrc%5Etfw\">March 29, 2023<\/a><\/blockquote> <script async src=\"https:\/\/platform.twitter.com\/widgets.js\" charset=\"utf-8\"><\/script>\n","protected":false},"excerpt":{"rendered":"<p>La mala campa\u00f1a actual y un nivel de juego lejos del ideal provocaron la decisi\u00f3n tomada por Juan Rom\u00e1n Riquelme y el Consejo de F\u00fatbol. Mariano Herr\u00f3n, a cargo hasta hoy de la Reserva, lo reemplazar\u00e1 interinamente a la espera de un nuevo cuerpo t\u00e9cnico. No hay equipo que haya ganado m\u00e1s que\u00a0Boca\u00a0en el f\u00fatbol<a class=\"read-more\" href=\"https:\/\/elfederalmendoza.com.ar\/index.php\/2023\/03\/29\/echaron-a-ibarra-y-un-tecnico-ya-comenzo-a-negociar-con-boca\/\"> [&hellip;]<\/a><\/p>\n","protected":false},"author":2,"featured_media":21544,"comment_status":"open","ping_status":"open","sticky":false,"template":"","format":"standard","meta":{"footnotes":""},"categories":[5620],"tags":[],"class_list":["post-21543","post","type-post","status-publish","format-standard","has-post-thumbnail","hentry","category-deportes"],"rttpg_featured_image_url":{"full":["https:\/\/elfederalmendoza.com.ar\/wp-content\/uploads\/2023\/03\/ibarra.jpg",841,629,false],"landscape":["https:\/\/elfederalmendoza.com.ar\/wp-content\/uploads\/2023\/03\/ibarra.jpg",841,629,false],"portraits":["https:\/\/elfederalmendoza.com.ar\/wp-content\/uploads\/2023\/03\/ibarra.jpg",841,629,false],"thumbnail":["https:\/\/elfederalmendoza.com.ar\/wp-content\/uploads\/2023\/03\/ibarra-150x150.jpg",150,150,true],"medium":["https:\/\/elfederalmendoza.com.ar\/wp-content\/uploads\/2023\/03\/ibarra-300x224.jpg",300,224,true],"large":["https:\/\/elfederalmendoza.com.ar\/wp-content\/uploads\/2023\/03\/ibarra.jpg",640,479,false],"1536x1536":["https:\/\/elfederalmendoza.com.ar\/wp-content\/uploads\/2023\/03\/ibarra.jpg",841,629,false],"2048x2048":["https:\/\/elfederalmendoza.com.ar\/wp-content\/uploads\/2023\/03\/ibarra.jpg",841,629,false],"ultp_layout_landscape_large":["https:\/\/elfederalmendoza.com.ar\/wp-content\/uploads\/2023\/03\/ibarra.jpg",841,629,false],"ultp_layout_landscape":["https:\/\/elfederalmendoza.com.ar\/wp-content\/uploads\/2023\/03\/ibarra-841x570.jpg",841,570,true],"ultp_layout_portrait":["https:\/\/elfederalmendoza.com.ar\/wp-content\/uploads\/2023\/03\/ibarra-600x629.jpg",600,629,true],"ultp_layout_square":["https:\/\/elfederalmendoza.com.ar\/wp-content\/uploads\/2023\/03\/ibarra-600x600.jpg",600,600,true],"rpwe-thumbnail":["https:\/\/elfederalmendoza.com.ar\/wp-content\/uploads\/2023\/03\/ibarra-45x45.jpg",45,45,true],"advps-thumb-one":["https:\/\/elfederalmendoza.com.ar\/wp-content\/uploads\/2023\/03\/ibarra-841x420.jpg",841,420,true]},"rttpg_author":{"display_name":"Redacci\u00f3n El Federal","author_link":"https:\/\/elfederalmendoza.com.ar\/index.php\/author\/angelflores\/"},"rttpg_comment":0,"rttpg_category":"<a href=\"https:\/\/elfederalmendoza.com.ar\/index.php\/category\/deportes\/\" rel=\"category tag\">Deportes<\/a>","rttpg_excerpt":"La mala campa\u00f1a actual y un nivel de juego lejos del ideal provocaron la decisi\u00f3n tomada por Juan Rom\u00e1n Riquelme y el Consejo de F\u00fatbol. Mariano Herr\u00f3n, a cargo hasta hoy de la Reserva, lo reemplazar\u00e1 interinamente a la espera de un nuevo cuerpo t\u00e9cnico. No hay equipo que haya ganado m\u00e1s que\u00a0Boca\u00a0en el f\u00fatbol&hellip;","_links":{"self":[{"href":"https:\/\/elfederalmendoza.com.ar\/index.php\/wp-json\/wp\/v2\/posts\/21543","targetHints":{"allow":["GET"]}}],"collection":[{"href":"https:\/\/elfederalmendoza.com.ar\/index.php\/wp-json\/wp\/v2\/posts"}],"about":[{"href":"https:\/\/elfederalmendoza.com.ar\/index.php\/wp-json\/wp\/v2\/types\/post"}],"author":[{"embeddable":true,"href":"https:\/\/elfederalmendoza.com.ar\/index.php\/wp-json\/wp\/v2\/users\/2"}],"replies":[{"embeddable":true,"href":"https:\/\/elfederalmendoza.com.ar\/index.php\/wp-json\/wp\/v2\/comments?post=21543"}],"version-history":[{"count":1,"href":"https:\/\/elfederalmendoza.com.ar\/index.php\/wp-json\/wp\/v2\/posts\/21543\/revisions"}],"predecessor-version":[{"id":21545,"href":"https:\/\/elfederalmendoza.com.ar\/index.php\/wp-json\/wp\/v2\/posts\/21543\/revisions\/21545"}],"wp:featuredmedia":[{"embeddable":true,"href":"https:\/\/elfederalmendoza.com.ar\/index.php\/wp-json\/wp\/v2\/media\/21544"}],"wp:attachment":[{"href":"https:\/\/elfederalmendoza.com.ar\/index.php\/wp-json\/wp\/v2\/media?parent=21543"}],"wp:term":[{"taxonomy":"category","embeddable":true,"href":"https:\/\/elfederalmendoza.com.ar\/index.php\/wp-json\/wp\/v2\/categories?post=21543"},{"taxonomy":"post_tag","embeddable":true,"href":"https:\/\/elfederalmendoza.com.ar\/index.php\/wp-json\/wp\/v2\/tags?post=21543"}],"curies":[{"name":"wp","href":"https:\/\/api.w.org\/{rel}","templated":true}]}}