{"id":21551,"date":"2023-03-29T02:24:00","date_gmt":"2023-03-29T05:24:00","guid":{"rendered":"https:\/\/elfederalmendoza.com\/?p=21551"},"modified":"2023-03-29T11:10:33","modified_gmt":"2023-03-29T14:10:33","slug":"maximo-kirchner-redobla-la-presion-para-que-axel-kicillof-sea-candidato-a-presidente-pero-no-le-acepta","status":"publish","type":"post","link":"https:\/\/elfederalmendoza.com.ar\/index.php\/2023\/03\/29\/maximo-kirchner-redobla-la-presion-para-que-axel-kicillof-sea-candidato-a-presidente-pero-no-le-acepta\/","title":{"rendered":"M\u00e1ximo Kirchner redobla la presi\u00f3n para que Axel Kicillof sea candidato a presidente, pero no le acepta"},"content":{"rendered":"\n<p>En el kirchnerismo duro reinan el desconcierto y el recalentamiento de tensiones internas tras la decisi\u00f3n del expresidente Mauricio Macri de no ser candidato.<\/p>\n\n\n\n<p><strong>La jugada del l\u00edder del PRO cay\u00f3 como una bomba en el sector m\u00e1s radicalizado del oficialismo, en cabeza de la vicepresidenta Cristina Kirchner y de La C\u00e1mpora.<\/strong><br>El cristinismo insiste en que el gobernador bonarense, Axel Kicillof, compita por la presidencia, pero el exministro de Econom\u00eda resiste las presiones y mantiene su proyecto para ir por la reelecci\u00f3n.<br>La postura de Kicillof agrava el v\u00ednculo con el l\u00edder de La C\u00e1mpora, M\u00e1ximo Kirchner.<br>Ante la decisi\u00f3n de la l\u00edder del Frente de Todos de no ser candidata, como ella misma lo anunci\u00f3 tras la condena por la causa Vialidad, en el kirchnerismo argumentan que Kicillof es el dirigente que retiene m\u00e1s votos de Cristina Kirchner.<\/p>\n\n\n\n<p>El oficialismo se enfrenta a un gran problema por resolver, ante la negativa de la Vice de competir, la resistencia a que el presidente, Alberto Fern\u00e1ndez, vaya por la reelecci\u00f3n y las eventuales aspiraciones de referentes de La C\u00e1mpora, M\u00e1ximo Kirchner o el ministro del Interior, Eduardo \u201cWado\u201d de Pedro, y de su par de Econom\u00eda, Sergio Massa, por la escalada inflacionaria.<\/p>\n\n\n\n<p><strong><u>Axel Kicillof no quiere competir por la Presidencia y crece la tensi\u00f3n con M\u00e1ximo Kirchner<\/u><\/strong><\/p>\n\n\n\n<p>El gobernador bonarense no quiere saber nada con ser candidato presidencial, lo que aumenta la tensi\u00f3n con el jefe de La C\u00e1mpora.<\/p>\n\n\n\n<p>Kicillof confirma su deseo de ir por la reelecci\u00f3n al plantear que seguramente pueda conservar la provincia de Buenos Aires, donde no hay balotaje y conf\u00eda en que pueda retener la gobernaci\u00f3n por otros cuatro a\u00f1os.<\/p>\n\n\n\n<p>Dice en privado que no est\u00e1 dispuesto a \u201csacrificarse\u201d en las elecciones para que otro dirigente, eventualmente, vaya a sucederlo, y que potencialmente perder\u00eda como candidato a presidente.<\/p>\n\n\n\n<p><strong><u>El enojo de M\u00e1ximo Kirchner con Axel Kicillof: \u201cEs ego\u00edsta, se tiene que poner a disposici\u00f3n del proyecto\u201d<\/u><\/strong><\/p>\n\n\n\n<p>El hijo de Cristina Kirchner brama: \u201cAxel es ego\u00edsta, se tiene que poner a disposici\u00f3n del proyecto\u201d.<br>Al mismos tiempo redobla las presiones para que e<strong>l exministro de Econom\u00eda d\u00e9 el brazo a torcer y compita por el Ejecutivo, ante la falta de competitividad del oficialismo en las presidenciales.<\/strong><strong><br><\/strong><strong>Preocupaci\u00f3n y desconcierto en el kirchnerismo duro por la decisi\u00f3n de Mauricio Macri de no ser candidato<\/strong><\/p>\n\n\n\n<p>En el kirchnerismo duro, en especial en La C\u00e1mpora, hay una gran preocupaci\u00f3n por la decisi\u00f3n del l\u00edder del PRO, y la jefa del Frente de Todos est\u00e1 desconcertada por la estrategia a seguir.<\/p>\n\n\n\n<p>La maniobra de Macri impact\u00f3 de lleno contra el \u201coperativo clamor\u201d para que Cristina Kirchner vuelva a competir por la presidencia, porque debilitan tanto la presi\u00f3n a coro del kirchnerismo como las m\u00faltiples cr\u00edticas al expresidente para polarizar.<\/p>\n\n\n\n<p>El anuncio del l\u00edder del PRO descoloc\u00f3 a la Vicepresidenta, en momentos en que al Frente de Todos se le complica encontrar opciones viables de candidaturas para retener el voto en las elecciones presidenciales.<\/p>\n","protected":false},"excerpt":{"rendered":"<p>En el kirchnerismo duro reinan el desconcierto y el recalentamiento de tensiones internas tras la decisi\u00f3n del expresidente Mauricio Macri de no ser candidato. La jugada del l\u00edder del PRO cay\u00f3 como una bomba en el sector m\u00e1s radicalizado del oficialismo, en cabeza de la vicepresidenta Cristina Kirchner y de La C\u00e1mpora.El cristinismo insiste en<a class=\"read-more\" href=\"https:\/\/elfederalmendoza.com.ar\/index.php\/2023\/03\/29\/maximo-kirchner-redobla-la-presion-para-que-axel-kicillof-sea-candidato-a-presidente-pero-no-le-acepta\/\"> [&hellip;]<\/a><\/p>\n","protected":false},"author":2,"featured_media":21553,"comment_status":"open","ping_status":"open","sticky":false,"template":"","format":"standard","meta":{"footnotes":""},"categories":[5618],"tags":[],"class_list":["post-21551","post","type-post","status-publish","format-standard","has-post-thumbnail","hentry","category-arg"],"rttpg_featured_image_url":{"full":["https:\/\/elfederalmendoza.com.ar\/wp-content\/uploads\/2023\/03\/V2HCYWL5RFCBJE24KCA2SW3KQA.jpg",1920,1080,false],"landscape":["https:\/\/elfederalmendoza.com.ar\/wp-content\/uploads\/2023\/03\/V2HCYWL5RFCBJE24KCA2SW3KQA.jpg",1920,1080,false],"portraits":["https:\/\/elfederalmendoza.com.ar\/wp-content\/uploads\/2023\/03\/V2HCYWL5RFCBJE24KCA2SW3KQA.jpg",1920,1080,false],"thumbnail":["https:\/\/elfederalmendoza.com.ar\/wp-content\/uploads\/2023\/03\/V2HCYWL5RFCBJE24KCA2SW3KQA-150x150.jpg",150,150,true],"medium":["https:\/\/elfederalmendoza.com.ar\/wp-content\/uploads\/2023\/03\/V2HCYWL5RFCBJE24KCA2SW3KQA-300x169.jpg",300,169,true],"large":["https:\/\/elfederalmendoza.com.ar\/wp-content\/uploads\/2023\/03\/V2HCYWL5RFCBJE24KCA2SW3KQA-1024x576.jpg",640,360,true],"1536x1536":["https:\/\/elfederalmendoza.com.ar\/wp-content\/uploads\/2023\/03\/V2HCYWL5RFCBJE24KCA2SW3KQA-1536x864.jpg",1536,864,true],"2048x2048":["https:\/\/elfederalmendoza.com.ar\/wp-content\/uploads\/2023\/03\/V2HCYWL5RFCBJE24KCA2SW3KQA.jpg",1920,1080,false],"ultp_layout_landscape_large":["https:\/\/elfederalmendoza.com.ar\/wp-content\/uploads\/2023\/03\/V2HCYWL5RFCBJE24KCA2SW3KQA-1200x800.jpg",1200,800,true],"ultp_layout_landscape":["https:\/\/elfederalmendoza.com.ar\/wp-content\/uploads\/2023\/03\/V2HCYWL5RFCBJE24KCA2SW3KQA-870x570.jpg",870,570,true],"ultp_layout_portrait":["https:\/\/elfederalmendoza.com.ar\/wp-content\/uploads\/2023\/03\/V2HCYWL5RFCBJE24KCA2SW3KQA-600x900.jpg",600,900,true],"ultp_layout_square":["https:\/\/elfederalmendoza.com.ar\/wp-content\/uploads\/2023\/03\/V2HCYWL5RFCBJE24KCA2SW3KQA-600x600.jpg",600,600,true],"rpwe-thumbnail":["https:\/\/elfederalmendoza.com.ar\/wp-content\/uploads\/2023\/03\/V2HCYWL5RFCBJE24KCA2SW3KQA-45x45.jpg",45,45,true],"advps-thumb-one":["https:\/\/elfederalmendoza.com.ar\/wp-content\/uploads\/2023\/03\/V2HCYWL5RFCBJE24KCA2SW3KQA-1200x420.jpg",1200,420,true]},"rttpg_author":{"display_name":"Redacci\u00f3n El Federal","author_link":"https:\/\/elfederalmendoza.com.ar\/index.php\/author\/angelflores\/"},"rttpg_comment":0,"rttpg_category":"<a href=\"https:\/\/elfederalmendoza.com.ar\/index.php\/category\/arg\/\" rel=\"category tag\">Argentina<\/a>","rttpg_excerpt":"En el kirchnerismo duro reinan el desconcierto y el recalentamiento de tensiones internas tras la decisi\u00f3n del expresidente Mauricio Macri de no ser candidato. La jugada del l\u00edder del PRO cay\u00f3 como una bomba en el sector m\u00e1s radicalizado del oficialismo, en cabeza de la vicepresidenta Cristina Kirchner y de La C\u00e1mpora.El cristinismo insiste en&hellip;","_links":{"self":[{"href":"https:\/\/elfederalmendoza.com.ar\/index.php\/wp-json\/wp\/v2\/posts\/21551","targetHints":{"allow":["GET"]}}],"collection":[{"href":"https:\/\/elfederalmendoza.com.ar\/index.php\/wp-json\/wp\/v2\/posts"}],"about":[{"href":"https:\/\/elfederalmendoza.com.ar\/index.php\/wp-json\/wp\/v2\/types\/post"}],"author":[{"embeddable":true,"href":"https:\/\/elfederalmendoza.com.ar\/index.php\/wp-json\/wp\/v2\/users\/2"}],"replies":[{"embeddable":true,"href":"https:\/\/elfederalmendoza.com.ar\/index.php\/wp-json\/wp\/v2\/comments?post=21551"}],"version-history":[{"count":1,"href":"https:\/\/elfederalmendoza.com.ar\/index.php\/wp-json\/wp\/v2\/posts\/21551\/revisions"}],"predecessor-version":[{"id":21554,"href":"https:\/\/elfederalmendoza.com.ar\/index.php\/wp-json\/wp\/v2\/posts\/21551\/revisions\/21554"}],"wp:featuredmedia":[{"embeddable":true,"href":"https:\/\/elfederalmendoza.com.ar\/index.php\/wp-json\/wp\/v2\/media\/21553"}],"wp:attachment":[{"href":"https:\/\/elfederalmendoza.com.ar\/index.php\/wp-json\/wp\/v2\/media?parent=21551"}],"wp:term":[{"taxonomy":"category","embeddable":true,"href":"https:\/\/elfederalmendoza.com.ar\/index.php\/wp-json\/wp\/v2\/categories?post=21551"},{"taxonomy":"post_tag","embeddable":true,"href":"https:\/\/elfederalmendoza.com.ar\/index.php\/wp-json\/wp\/v2\/tags?post=21551"}],"curies":[{"name":"wp","href":"https:\/\/api.w.org\/{rel}","templated":true}]}}