{"id":21558,"date":"2023-03-29T06:32:00","date_gmt":"2023-03-29T09:32:00","guid":{"rendered":"https:\/\/elfederalmendoza.com\/?p=21558"},"modified":"2023-03-29T11:41:46","modified_gmt":"2023-03-29T14:41:46","slug":"el-video-una-tiktoker-grabo-un-fantasma-por-el-bosque-y-genero-terror-entre-sus-seguidores","status":"publish","type":"post","link":"https:\/\/elfederalmendoza.com.ar\/index.php\/2023\/03\/29\/el-video-una-tiktoker-grabo-un-fantasma-por-el-bosque-y-genero-terror-entre-sus-seguidores\/","title":{"rendered":"-EL VIDEO- Una tiktoker grab\u00f3 un fantasma por el bosque y gener\u00f3 terror entre sus seguidores"},"content":{"rendered":"\n<p>Jimena con jota, como se hace llamar en sus redes sociales, comparti\u00f3 con sus seguidores un video en donde hablaba del maravilloso momento que hab\u00eda vivido recorriendo un\u00a0<strong>bosque de\u00a0Bariloche<\/strong>, y asegur\u00f3 que \u201caunque hace m\u00e1s de 5 a\u00f1os que vive ah\u00ed a\u00fan se sigue maravillando con el lugar\u201d. Pero al momento de postearlo not\u00f3 una\u00a0<strong>figura extra\u00f1a que pas\u00f3 detr\u00e1s de ella<\/strong>.<\/p>\n\n\n\n<p>\u201cGrabando en la monta\u00f1a cuando de repente&#8230;\u00a0<strong>\u00bfAlguien m\u00e1s lo vio?<\/strong>\u201d, escribi\u00f3 en su video, donde se la ve caminando felizmente mientras comenta su hermosa experiencia, cuando en un segundo, detr\u00e1s de ella, se ve pasar una\u00a0<strong>figura roja que desaparece de inmediato<\/strong>.<\/p>\n\n\n\n<figure class=\"wp-block-image is-resized\"><img loading=\"lazy\" decoding=\"async\" src=\"https:\/\/tn.com.ar\/resizer\/Ke2QxAVRW5xVNhawT9el3t5pQL4=\/767x0\/smart\/filters:format(webp)\/cloudfront-us-east-1.images.arcpublishing.com\/artear\/R4ND65FTCVAC7OX2MLBBNHKCUQ.png\" alt=\"Jimena mostr\u00f3 en TikTok la incre\u00edble secuencia paranormal que vivi\u00f3 cuando paseaba por un bosque de Bariloche. (Foto: captura video)\" width=\"952\" height=\"1414\"\/><figcaption class=\"wp-element-caption\">Jimena mostr\u00f3 en TikTok la incre\u00edble secuencia paranormal que vivi\u00f3 cuando paseaba por un bosque de Bariloche. (Foto: captura video)<\/figcaption><\/figure>\n\n\n\n<p>El posteo en&nbsp;<strong>TikTok<\/strong>&nbsp;alcanz\u00f3 los&nbsp;<strong>6 millones de visualizaciones<\/strong>&nbsp;en cuesti\u00f3n de horas y m\u00e1s de 3.800 comentarios en donde todo el mundo se sorprendi\u00f3 por la presencia inexplicable del ente al que denominaron \u201cfantasma\u201d.<\/p>\n\n\n\n<p>Si bien hubo gente que no crey\u00f3 la historia y asegur\u00f3 que se trataba, simplemente, de una persona que pas\u00f3 caminando, Jimena explic\u00f3 que no hab\u00eda nadie m\u00e1s en el lugar m\u00e1s que ella y sus amigas.<\/p>\n\n\n\n<p>Ante la gran repercusi\u00f3n que tuvo su experiencia sobrenatural, Jimena subi\u00f3 otro video en donde mostr\u00f3 como fue el camino que recorri\u00f3 y dio m\u00e1s detalles sobre la tenebrosa aparici\u00f3n. \u201cApareci\u00f3<strong>&nbsp;una persona de otra frecuencia, de otra dimensi\u00f3n.&nbsp;<\/strong>Elijo creer. No me asust\u00f3, no me caus\u00f3 miedo, no lo vi, no ten\u00eda idea\u201d, confes\u00f3.<\/p>\n\n\n\n<p><strong>\u201c<\/strong>Esa sombra roja pasa en otra direcci\u00f3n a la que yo voy caminando. Es muy loco\u201d, agreg\u00f3. \u201cYo no ten\u00eda ni idea de lo que pasaba, yo ve\u00eda el celular desconcertada porque ven\u00eda bajando, y ya estaba cansada\u201d, argument\u00f3.<\/p>\n\n\n\n<p>Tambi\u00e9n explic\u00f3 que el sendero por el cual estaba caminando tiene, de un lado, el precipicio y del otro la monta\u00f1a, por lo cual no es com\u00fan que pasen muchas personas cruzando detr\u00e1s de ella \u201ccomo en direcci\u00f3n al precipicio\u201d.<\/p>\n\n\n\n<p>\u201cSi van a Bariloche tienen que ir a visitar este bosque y ah\u00ed me dir\u00e1n que sienten y que ven\u201d, aconsej\u00f3 Jimena y adem\u00e1s agreg\u00f3 que \u201cfue muy loco lo que le pas\u00f3\u201d. \u201c<strong>El bosque es m\u00e1gico, conf\u00eden en eso<\/strong>\u201d, concluy\u00f3 con un dejo de paz en su voz.<\/p>\n\n\n\n<figure class=\"wp-block-video\"><video controls src=\"https:\/\/elfederalmendoza.com\/wp-content\/uploads\/2023\/03\/338198939_1455277031941729_271115967951439640_n.mp4\"><\/video><\/figure>\n\n\n\n<h2 class=\"wp-block-heading\">Las reacciones de sus seguidores: \u201cPuede ser un guardi\u00e1n, un alma en pena que se aferr\u00f3 ah\u00ed\u201d<\/h2>\n\n\n\n<p>La figura con un manto rojo cruzando por detr\u00e1s de Jimena es muy notoria y no se puede negar su presencia, aunque&nbsp;<strong>algunos m\u00e1s as\u00e9pticos a los hechos sobrenaturales aseguraron que se trataba solo de una persona que estaba por ah\u00ed<\/strong>&nbsp;paseando.<\/p>\n\n\n\n<figure class=\"wp-block-image is-resized\"><img loading=\"lazy\" decoding=\"async\" src=\"https:\/\/tn.com.ar\/resizer\/JB1c2u76_Y4noSNuwQx8c34s-4c=\/767x0\/smart\/filters:format(webp)\/cloudfront-us-east-1.images.arcpublishing.com\/artear\/XOJGVQ4K7BDSFO2NW4SN7GJTEI.png\" alt=\"Jimena comparti\u00f3 im\u00e1genes del bosque y el sendero por el cual pas\u00f3 cuando se apareci\u00f3 esta figura sobrenatural. (Foto: captura video)\" width=\"952\" height=\"1374\"\/><figcaption class=\"wp-element-caption\">Jimena comparti\u00f3 im\u00e1genes del bosque y el sendero por el cual pas\u00f3 cuando se apareci\u00f3 esta figura sobrenatural. (Foto: captura video)<\/figcaption><\/figure>\n\n\n\n<p>Otros, por su parte, aseguraron que los bosques son \u201clugares sagrados\u201d para los esp\u00edritus y antes de entrar en ellos se debe pedir permiso a estas entidades. \u201c<strong>Antes de entrar pidan permiso y expliquen que solo vana a explorar y disfrutar del bosque<\/strong>\u201d, coment\u00f3 una chica, a lo que Jimena asegur\u00f3 que \u201csiempre lo hace\u201d.<\/p>\n\n\n\n<p>\u201c<strong>Puede ser un guardi\u00e1n, un alma en pena que se aferr\u00f3 ah\u00ed o un nagual del bosque. Ellos son protectores<\/strong>\u201d, dijo otra joven. \u00bfEn qu\u00e9 parte de Bariloche es? As\u00ed no voy nunca\u201d, manifest\u00f3 una seguidora con mucho temor.\u201cTiene una forma muy extra\u00f1a. Puede ser alg\u00fan esp\u00edritu\u201d, sostuvo otro usuario. \u201cMe dio escalofr\u00edos\u201d, agreg\u00f3 uno m\u00e1s.<\/p>\n","protected":false},"excerpt":{"rendered":"<p>Jimena con jota, como se hace llamar en sus redes sociales, comparti\u00f3 con sus seguidores un video en donde hablaba del maravilloso momento que hab\u00eda vivido recorriendo un\u00a0bosque de\u00a0Bariloche, y asegur\u00f3 que \u201caunque hace m\u00e1s de 5 a\u00f1os que vive ah\u00ed a\u00fan se sigue maravillando con el lugar\u201d. Pero al momento de postearlo not\u00f3 una\u00a0figura<a class=\"read-more\" href=\"https:\/\/elfederalmendoza.com.ar\/index.php\/2023\/03\/29\/el-video-una-tiktoker-grabo-un-fantasma-por-el-bosque-y-genero-terror-entre-sus-seguidores\/\"> [&hellip;]<\/a><\/p>\n","protected":false},"author":2,"featured_media":21560,"comment_status":"open","ping_status":"open","sticky":false,"template":"","format":"standard","meta":{"footnotes":""},"categories":[5618],"tags":[],"class_list":["post-21558","post","type-post","status-publish","format-standard","has-post-thumbnail","hentry","category-arg"],"rttpg_featured_image_url":{"full":["https:\/\/elfederalmendoza.com.ar\/wp-content\/uploads\/2023\/03\/FANTASMA-BARILOCHE.jpg",849,566,false],"landscape":["https:\/\/elfederalmendoza.com.ar\/wp-content\/uploads\/2023\/03\/FANTASMA-BARILOCHE.jpg",849,566,false],"portraits":["https:\/\/elfederalmendoza.com.ar\/wp-content\/uploads\/2023\/03\/FANTASMA-BARILOCHE.jpg",849,566,false],"thumbnail":["https:\/\/elfederalmendoza.com.ar\/wp-content\/uploads\/2023\/03\/FANTASMA-BARILOCHE-150x150.jpg",150,150,true],"medium":["https:\/\/elfederalmendoza.com.ar\/wp-content\/uploads\/2023\/03\/FANTASMA-BARILOCHE-300x200.jpg",300,200,true],"large":["https:\/\/elfederalmendoza.com.ar\/wp-content\/uploads\/2023\/03\/FANTASMA-BARILOCHE.jpg",640,427,false],"1536x1536":["https:\/\/elfederalmendoza.com.ar\/wp-content\/uploads\/2023\/03\/FANTASMA-BARILOCHE.jpg",849,566,false],"2048x2048":["https:\/\/elfederalmendoza.com.ar\/wp-content\/uploads\/2023\/03\/FANTASMA-BARILOCHE.jpg",849,566,false],"ultp_layout_landscape_large":["https:\/\/elfederalmendoza.com.ar\/wp-content\/uploads\/2023\/03\/FANTASMA-BARILOCHE.jpg",849,566,false],"ultp_layout_landscape":["https:\/\/elfederalmendoza.com.ar\/wp-content\/uploads\/2023\/03\/FANTASMA-BARILOCHE.jpg",849,566,false],"ultp_layout_portrait":["https:\/\/elfederalmendoza.com.ar\/wp-content\/uploads\/2023\/03\/FANTASMA-BARILOCHE-600x566.jpg",600,566,true],"ultp_layout_square":["https:\/\/elfederalmendoza.com.ar\/wp-content\/uploads\/2023\/03\/FANTASMA-BARILOCHE-600x566.jpg",600,566,true],"rpwe-thumbnail":["https:\/\/elfederalmendoza.com.ar\/wp-content\/uploads\/2023\/03\/FANTASMA-BARILOCHE-45x45.jpg",45,45,true],"advps-thumb-one":["https:\/\/elfederalmendoza.com.ar\/wp-content\/uploads\/2023\/03\/FANTASMA-BARILOCHE-849x420.jpg",849,420,true]},"rttpg_author":{"display_name":"Redacci\u00f3n El Federal","author_link":"https:\/\/elfederalmendoza.com.ar\/index.php\/author\/angelflores\/"},"rttpg_comment":0,"rttpg_category":"<a href=\"https:\/\/elfederalmendoza.com.ar\/index.php\/category\/arg\/\" rel=\"category tag\">Argentina<\/a>","rttpg_excerpt":"Jimena con jota, como se hace llamar en sus redes sociales, comparti\u00f3 con sus seguidores un video en donde hablaba del maravilloso momento que hab\u00eda vivido recorriendo un\u00a0bosque de\u00a0Bariloche, y asegur\u00f3 que \u201caunque hace m\u00e1s de 5 a\u00f1os que vive ah\u00ed a\u00fan se sigue maravillando con el lugar\u201d. Pero al momento de postearlo not\u00f3 una\u00a0figura&hellip;","_links":{"self":[{"href":"https:\/\/elfederalmendoza.com.ar\/index.php\/wp-json\/wp\/v2\/posts\/21558","targetHints":{"allow":["GET"]}}],"collection":[{"href":"https:\/\/elfederalmendoza.com.ar\/index.php\/wp-json\/wp\/v2\/posts"}],"about":[{"href":"https:\/\/elfederalmendoza.com.ar\/index.php\/wp-json\/wp\/v2\/types\/post"}],"author":[{"embeddable":true,"href":"https:\/\/elfederalmendoza.com.ar\/index.php\/wp-json\/wp\/v2\/users\/2"}],"replies":[{"embeddable":true,"href":"https:\/\/elfederalmendoza.com.ar\/index.php\/wp-json\/wp\/v2\/comments?post=21558"}],"version-history":[{"count":1,"href":"https:\/\/elfederalmendoza.com.ar\/index.php\/wp-json\/wp\/v2\/posts\/21558\/revisions"}],"predecessor-version":[{"id":21561,"href":"https:\/\/elfederalmendoza.com.ar\/index.php\/wp-json\/wp\/v2\/posts\/21558\/revisions\/21561"}],"wp:featuredmedia":[{"embeddable":true,"href":"https:\/\/elfederalmendoza.com.ar\/index.php\/wp-json\/wp\/v2\/media\/21560"}],"wp:attachment":[{"href":"https:\/\/elfederalmendoza.com.ar\/index.php\/wp-json\/wp\/v2\/media?parent=21558"}],"wp:term":[{"taxonomy":"category","embeddable":true,"href":"https:\/\/elfederalmendoza.com.ar\/index.php\/wp-json\/wp\/v2\/categories?post=21558"},{"taxonomy":"post_tag","embeddable":true,"href":"https:\/\/elfederalmendoza.com.ar\/index.php\/wp-json\/wp\/v2\/tags?post=21558"}],"curies":[{"name":"wp","href":"https:\/\/api.w.org\/{rel}","templated":true}]}}