{"id":21562,"date":"2023-03-29T01:53:00","date_gmt":"2023-03-29T04:53:00","guid":{"rendered":"https:\/\/elfederalmendoza.com\/?p=21562"},"modified":"2023-03-29T12:10:55","modified_gmt":"2023-03-29T15:10:55","slug":"vecinos-atraparon-a-cuatro-ladrones-los-desnudaron-y-los-golpearon-la-proxima-los-prendemos-fuego","status":"publish","type":"post","link":"https:\/\/elfederalmendoza.com.ar\/index.php\/2023\/03\/29\/vecinos-atraparon-a-cuatro-ladrones-los-desnudaron-y-los-golpearon-la-proxima-los-prendemos-fuego\/","title":{"rendered":"Vecinos atraparon a cuatro ladrones, los desnudaron y los golpearon: \u00abLa pr\u00f3xima los prendemos fuego\u00bb"},"content":{"rendered":"\n<p><strong>Un grupo de vecinos impidi\u00f3 a los golpes que cuatro delincuentes le robaran la camioneta a una pareja en la localidad de 9 de Abril, en el partido de Esteban Echeverr\u00eda.&nbsp;<\/strong>\u201cLa pr\u00f3xima no te vas vivo\u201d, advirti\u00f3 una mujer, cuando lleg\u00f3 la polic\u00eda. La violenta secuencia fue registrada por una c\u00e1mara de seguridad.<strong><br><\/strong><br>Las im\u00e1genes, que se viralizaron en las \u00faltimas horas, muestran el momento en el que los ladrones toman por sorpresa al conductor y al acompa\u00f1ante de una Toyota Hilux color negro.<\/p>\n\n\n\n<p>Mientras intentaban sacar a la pareja por la fuerza del veh\u00edculo, los gritos de las v\u00edctimas desataron la r\u00e1pida intervenci\u00f3n de los vecinos que estaban en la zona, que decidieron intervenir y los acorralaron para evitar que se pudieran escapar.<\/p>\n\n\n\n<p><strong>\u201c\u00bfPara qu\u00e9 rob\u00e1s? Hay que laburar\u201d, recriminaban los vecinos mientras repart\u00edan golpes de pu\u00f1o, patadas y hasta cinturonazos. A uno de los asaltantes, incluso, lo obligaron a desvestirse y a pedir perd\u00f3n para que dejaran de golpearlo.<\/strong><br><strong><br>\u201cMe est\u00e1s matando, par\u00e1\u201d, se lo escucha suplicar a uno de los ladrones, sentado sobre una calle de tierra. \u00c9l fue quien se gan\u00f3 la advertencia de dos mujeres que participaron del linchamiento. \u201cLa pr\u00f3xima los prendemos fuego\u201d, dijo una de ellas.&nbsp;<\/strong>La otra vecina, agreg\u00f3: \u201cTodo el d\u00eda nos vienen a robar ac\u00e1. La pr\u00f3xima no se van vivos\u201d.<\/p>\n\n\n\n<figure class=\"wp-block-embed is-type-video is-provider-youtube wp-block-embed-youtube wp-embed-aspect-16-9 wp-has-aspect-ratio\"><div class=\"wp-block-embed__wrapper\">\n<iframe loading=\"lazy\" title=\"\ud83d\udea8 Vecinos de Esteban Echeverr\u00eda le dieron una golpiza a dos delincuentes\" width=\"640\" height=\"360\" src=\"https:\/\/www.youtube.com\/embed\/uC5n3v0Gik0?feature=oembed\" frameborder=\"0\" allow=\"accelerometer; autoplay; clipboard-write; encrypted-media; gyroscope; picture-in-picture; web-share\" referrerpolicy=\"strict-origin-when-cross-origin\" allowfullscreen><\/iframe>\n<\/div><\/figure>\n\n\n\n<p>Solo uno de los cuatro delincuentes que intentaron asaltar a la pareja pudo escapar del lugar antes de que la turba de vecinos enardecidos descargara su bronca contra el resto de sus c\u00f3mplices. La polic\u00eda lleg\u00f3 despu\u00e9s de media hora, indicaron los testigos, y se llev\u00f3 a los tres ladrones detenidos.<\/p>\n","protected":false},"excerpt":{"rendered":"<p>Un grupo de vecinos impidi\u00f3 a los golpes que cuatro delincuentes le robaran la camioneta a una pareja en la localidad de 9 de Abril, en el partido de Esteban Echeverr\u00eda.&nbsp;\u201cLa pr\u00f3xima no te vas vivo\u201d, advirti\u00f3 una mujer, cuando lleg\u00f3 la polic\u00eda. La violenta secuencia fue registrada por una c\u00e1mara de seguridad.Las im\u00e1genes, que<a class=\"read-more\" href=\"https:\/\/elfederalmendoza.com.ar\/index.php\/2023\/03\/29\/vecinos-atraparon-a-cuatro-ladrones-los-desnudaron-y-los-golpearon-la-proxima-los-prendemos-fuego\/\"> [&hellip;]<\/a><\/p>\n","protected":false},"author":2,"featured_media":21565,"comment_status":"open","ping_status":"open","sticky":false,"template":"","format":"standard","meta":{"footnotes":""},"categories":[5618],"tags":[],"class_list":["post-21562","post","type-post","status-publish","format-standard","has-post-thumbnail","hentry","category-arg"],"rttpg_featured_image_url":{"full":["https:\/\/elfederalmendoza.com.ar\/wp-content\/uploads\/2023\/03\/WhatsApp-Image-2023-03-29-at-12.10.20.jpeg",1440,873,false],"landscape":["https:\/\/elfederalmendoza.com.ar\/wp-content\/uploads\/2023\/03\/WhatsApp-Image-2023-03-29-at-12.10.20.jpeg",1440,873,false],"portraits":["https:\/\/elfederalmendoza.com.ar\/wp-content\/uploads\/2023\/03\/WhatsApp-Image-2023-03-29-at-12.10.20.jpeg",1440,873,false],"thumbnail":["https:\/\/elfederalmendoza.com.ar\/wp-content\/uploads\/2023\/03\/WhatsApp-Image-2023-03-29-at-12.10.20-150x150.jpeg",150,150,true],"medium":["https:\/\/elfederalmendoza.com.ar\/wp-content\/uploads\/2023\/03\/WhatsApp-Image-2023-03-29-at-12.10.20-300x182.jpeg",300,182,true],"large":["https:\/\/elfederalmendoza.com.ar\/wp-content\/uploads\/2023\/03\/WhatsApp-Image-2023-03-29-at-12.10.20-1024x621.jpeg",640,388,true],"1536x1536":["https:\/\/elfederalmendoza.com.ar\/wp-content\/uploads\/2023\/03\/WhatsApp-Image-2023-03-29-at-12.10.20.jpeg",1440,873,false],"2048x2048":["https:\/\/elfederalmendoza.com.ar\/wp-content\/uploads\/2023\/03\/WhatsApp-Image-2023-03-29-at-12.10.20.jpeg",1440,873,false],"ultp_layout_landscape_large":["https:\/\/elfederalmendoza.com.ar\/wp-content\/uploads\/2023\/03\/WhatsApp-Image-2023-03-29-at-12.10.20-1200x800.jpeg",1200,800,true],"ultp_layout_landscape":["https:\/\/elfederalmendoza.com.ar\/wp-content\/uploads\/2023\/03\/WhatsApp-Image-2023-03-29-at-12.10.20-870x570.jpeg",870,570,true],"ultp_layout_portrait":["https:\/\/elfederalmendoza.com.ar\/wp-content\/uploads\/2023\/03\/WhatsApp-Image-2023-03-29-at-12.10.20-600x873.jpeg",600,873,true],"ultp_layout_square":["https:\/\/elfederalmendoza.com.ar\/wp-content\/uploads\/2023\/03\/WhatsApp-Image-2023-03-29-at-12.10.20-600x600.jpeg",600,600,true],"rpwe-thumbnail":["https:\/\/elfederalmendoza.com.ar\/wp-content\/uploads\/2023\/03\/WhatsApp-Image-2023-03-29-at-12.10.20-45x45.jpeg",45,45,true],"advps-thumb-one":["https:\/\/elfederalmendoza.com.ar\/wp-content\/uploads\/2023\/03\/WhatsApp-Image-2023-03-29-at-12.10.20-1200x420.jpeg",1200,420,true]},"rttpg_author":{"display_name":"Redacci\u00f3n El Federal","author_link":"https:\/\/elfederalmendoza.com.ar\/index.php\/author\/angelflores\/"},"rttpg_comment":0,"rttpg_category":"<a href=\"https:\/\/elfederalmendoza.com.ar\/index.php\/category\/arg\/\" rel=\"category tag\">Argentina<\/a>","rttpg_excerpt":"Un grupo de vecinos impidi\u00f3 a los golpes que cuatro delincuentes le robaran la camioneta a una pareja en la localidad de 9 de Abril, en el partido de Esteban Echeverr\u00eda.&nbsp;\u201cLa pr\u00f3xima no te vas vivo\u201d, advirti\u00f3 una mujer, cuando lleg\u00f3 la polic\u00eda. La violenta secuencia fue registrada por una c\u00e1mara de seguridad.Las im\u00e1genes, que&hellip;","_links":{"self":[{"href":"https:\/\/elfederalmendoza.com.ar\/index.php\/wp-json\/wp\/v2\/posts\/21562","targetHints":{"allow":["GET"]}}],"collection":[{"href":"https:\/\/elfederalmendoza.com.ar\/index.php\/wp-json\/wp\/v2\/posts"}],"about":[{"href":"https:\/\/elfederalmendoza.com.ar\/index.php\/wp-json\/wp\/v2\/types\/post"}],"author":[{"embeddable":true,"href":"https:\/\/elfederalmendoza.com.ar\/index.php\/wp-json\/wp\/v2\/users\/2"}],"replies":[{"embeddable":true,"href":"https:\/\/elfederalmendoza.com.ar\/index.php\/wp-json\/wp\/v2\/comments?post=21562"}],"version-history":[{"count":2,"href":"https:\/\/elfederalmendoza.com.ar\/index.php\/wp-json\/wp\/v2\/posts\/21562\/revisions"}],"predecessor-version":[{"id":21566,"href":"https:\/\/elfederalmendoza.com.ar\/index.php\/wp-json\/wp\/v2\/posts\/21562\/revisions\/21566"}],"wp:featuredmedia":[{"embeddable":true,"href":"https:\/\/elfederalmendoza.com.ar\/index.php\/wp-json\/wp\/v2\/media\/21565"}],"wp:attachment":[{"href":"https:\/\/elfederalmendoza.com.ar\/index.php\/wp-json\/wp\/v2\/media?parent=21562"}],"wp:term":[{"taxonomy":"category","embeddable":true,"href":"https:\/\/elfederalmendoza.com.ar\/index.php\/wp-json\/wp\/v2\/categories?post=21562"},{"taxonomy":"post_tag","embeddable":true,"href":"https:\/\/elfederalmendoza.com.ar\/index.php\/wp-json\/wp\/v2\/tags?post=21562"}],"curies":[{"name":"wp","href":"https:\/\/api.w.org\/{rel}","templated":true}]}}