{"id":21582,"date":"2023-03-30T02:55:00","date_gmt":"2023-03-30T05:55:00","guid":{"rendered":"https:\/\/elfederalmendoza.com\/?p=21582"},"modified":"2023-03-30T11:57:38","modified_gmt":"2023-03-30T14:57:38","slug":"tata-martino-rechazo-la-propuesta-para-ser-entrenador-de-boca-juniors","status":"publish","type":"post","link":"https:\/\/elfederalmendoza.com.ar\/index.php\/2023\/03\/30\/tata-martino-rechazo-la-propuesta-para-ser-entrenador-de-boca-juniors\/","title":{"rendered":"Tata Martino rechaz\u00f3 la propuesta para ser entrenador de Boca Juniors"},"content":{"rendered":"\n<p><strong>Gerardo Martino rechaz\u00f3 la propuesta para dirigir a Boca Juniors tras la salida de Hugo Ibarra.\u00a0<\/strong>El Consejo de F\u00fatbol xeneize lo tent\u00f3 con una proposici\u00f3n que se trunc\u00f3 en poco tiempo: en apenas 24 horas confirm\u00f3 la negativa, seg\u00fan pudo averiguar Infobae. Despu\u00e9s de su paso por la selecci\u00f3n mexicana, el entrenador rosarino tiene decidido tomarse un tiempo m\u00e1s sin dirigir y ese ser\u00eda el motivo principal de su negativa. Ahora el plan B de los de la Ribera pasar\u00e1 a ser Jos\u00e9 N\u00e9stor Pekerman.<\/p>\n\n\n\n<p>Aunque en la jornada de ayer se mencion\u00f3 que integrantes del Consejo de F\u00fatbol de Boca hab\u00eda viajado hacia Rosario para mantener una entrevista formal con el estratega de 60 a\u00f1os, este medio pudo averiguar que solamente hubo conversaciones telef\u00f3nicas en las que los directivos&nbsp;<em>xeneizes&nbsp;<\/em>mostraron su inter\u00e9s en contar con sus servicios lo antes posible, teniendo en cuenta la proximidad del debut en la fase de grupos de la Copa Libertadores (el pr\u00f3ximo jueves ante Monagas en Venezuela).<\/p>\n\n\n\n<p><strong>\u201cNo es f\u00e1cil conseguir un cuerpo t\u00e9cnico para Boca. Es una decisi\u00f3n que nos va a llevar d\u00edas, pero trataremos de convencerlos lo m\u00e1s r\u00e1pido posible ya que la pr\u00f3xima semana estamos debutando en la Copa Libertadores\u201d<\/strong>, hab\u00eda declarado Mauricio Serna, miembro del\u00a0<em>CDF<\/em>, tras anunciar la salida de Ibarra del banco y confirmar el interinato de Mariano Herr\u00f3n. Lo cierto es que la primera opci\u00f3n ya deber\u00e1 ser tachada.<\/p>\n\n\n\n<p>El ciclo de Martino en M\u00e9xico fue turbulento. El nivel del seleccionado azteca no estuvo a la altura de los mejores momentos de la historia y al Tata no se lo perdonaron: la cr\u00edtica del p\u00fablico y la prensa de aquel pa\u00eds lo despedaz\u00f3 a lo largo de las clasificatorias rumbo al Mundial de Qatar 2022 y tambi\u00e9n durante una Copa en la que empat\u00f3 con Polonia, le hizo partido a la Argentina de Lionel Scaloni y derrot\u00f3 a Arabia Saudita (qued\u00f3 afuera en primera fase por diferencia de gol).<\/p>\n\n\n\n<p>Este desgaste provocado en los \u00faltimos a\u00f1os acerc\u00f3 al Tata a vincularse a sus afectos en Rosario, donde reposa hace varios meses. Concurre a los partidos de Newell\u2019s, va a menudo a ver a las divisiones inferiores y no se mueve m\u00e1s all\u00e1 de su c\u00edrculo \u00edntimo. Que quiere volver a dirigir es una realidad, aunque no a corto plazo. De hecho el presidente de&nbsp;<strong>Independiente<\/strong>, Fabi\u00e1n Doman, revel\u00f3 que le propuso ser DT del&nbsp;<em>Rojo&nbsp;<\/em>tras la salida de Leandro Stillitano y que Martino se neg\u00f3 por \u201cno querer dirigir en el pa\u00eds\u201d.<\/p>\n\n\n\n<p>El respeto y admiraci\u00f3n rec\u00edprocos que se tienen Martino y Juan Rom\u00e1n Riquelme no bast\u00f3 para que el ex t\u00e9cnico del Barcelona y la selecci\u00f3n argentina diera el brazo a torcer. Aquel recordado abrazo tras la disputa de los cuartos de final de la Libertadores 2013 entre Newell\u2019s y Boca no podr\u00e1 ser reeditado en el corto plazo ni con el Tata con el buzo de DT azul y oro.<\/p>\n\n\n\n<p><\/p>\n","protected":false},"excerpt":{"rendered":"<p>Gerardo Martino rechaz\u00f3 la propuesta para dirigir a Boca Juniors tras la salida de Hugo Ibarra.\u00a0El Consejo de F\u00fatbol xeneize lo tent\u00f3 con una proposici\u00f3n que se trunc\u00f3 en poco tiempo: en apenas 24 horas confirm\u00f3 la negativa, seg\u00fan pudo averiguar Infobae. Despu\u00e9s de su paso por la selecci\u00f3n mexicana, el entrenador rosarino tiene decidido<a class=\"read-more\" href=\"https:\/\/elfederalmendoza.com.ar\/index.php\/2023\/03\/30\/tata-martino-rechazo-la-propuesta-para-ser-entrenador-de-boca-juniors\/\"> [&hellip;]<\/a><\/p>\n","protected":false},"author":2,"featured_media":21583,"comment_status":"open","ping_status":"open","sticky":false,"template":"","format":"standard","meta":{"footnotes":""},"categories":[5620],"tags":[],"class_list":["post-21582","post","type-post","status-publish","format-standard","has-post-thumbnail","hentry","category-deportes"],"rttpg_featured_image_url":{"full":["https:\/\/elfederalmendoza.com.ar\/wp-content\/uploads\/2023\/03\/2f9e60a4-03d2-4df5-8de8-1092c95a3e3a_alta-libre-aspect-ratio_default_0.jpg",1200,675,false],"landscape":["https:\/\/elfederalmendoza.com.ar\/wp-content\/uploads\/2023\/03\/2f9e60a4-03d2-4df5-8de8-1092c95a3e3a_alta-libre-aspect-ratio_default_0.jpg",1200,675,false],"portraits":["https:\/\/elfederalmendoza.com.ar\/wp-content\/uploads\/2023\/03\/2f9e60a4-03d2-4df5-8de8-1092c95a3e3a_alta-libre-aspect-ratio_default_0.jpg",1200,675,false],"thumbnail":["https:\/\/elfederalmendoza.com.ar\/wp-content\/uploads\/2023\/03\/2f9e60a4-03d2-4df5-8de8-1092c95a3e3a_alta-libre-aspect-ratio_default_0-150x150.jpg",150,150,true],"medium":["https:\/\/elfederalmendoza.com.ar\/wp-content\/uploads\/2023\/03\/2f9e60a4-03d2-4df5-8de8-1092c95a3e3a_alta-libre-aspect-ratio_default_0-300x169.jpg",300,169,true],"large":["https:\/\/elfederalmendoza.com.ar\/wp-content\/uploads\/2023\/03\/2f9e60a4-03d2-4df5-8de8-1092c95a3e3a_alta-libre-aspect-ratio_default_0-1024x576.jpg",640,360,true],"1536x1536":["https:\/\/elfederalmendoza.com.ar\/wp-content\/uploads\/2023\/03\/2f9e60a4-03d2-4df5-8de8-1092c95a3e3a_alta-libre-aspect-ratio_default_0.jpg",1200,675,false],"2048x2048":["https:\/\/elfederalmendoza.com.ar\/wp-content\/uploads\/2023\/03\/2f9e60a4-03d2-4df5-8de8-1092c95a3e3a_alta-libre-aspect-ratio_default_0.jpg",1200,675,false],"ultp_layout_landscape_large":["https:\/\/elfederalmendoza.com.ar\/wp-content\/uploads\/2023\/03\/2f9e60a4-03d2-4df5-8de8-1092c95a3e3a_alta-libre-aspect-ratio_default_0.jpg",1200,675,false],"ultp_layout_landscape":["https:\/\/elfederalmendoza.com.ar\/wp-content\/uploads\/2023\/03\/2f9e60a4-03d2-4df5-8de8-1092c95a3e3a_alta-libre-aspect-ratio_default_0-870x570.jpg",870,570,true],"ultp_layout_portrait":["https:\/\/elfederalmendoza.com.ar\/wp-content\/uploads\/2023\/03\/2f9e60a4-03d2-4df5-8de8-1092c95a3e3a_alta-libre-aspect-ratio_default_0-600x675.jpg",600,675,true],"ultp_layout_square":["https:\/\/elfederalmendoza.com.ar\/wp-content\/uploads\/2023\/03\/2f9e60a4-03d2-4df5-8de8-1092c95a3e3a_alta-libre-aspect-ratio_default_0-600x600.jpg",600,600,true],"rpwe-thumbnail":["https:\/\/elfederalmendoza.com.ar\/wp-content\/uploads\/2023\/03\/2f9e60a4-03d2-4df5-8de8-1092c95a3e3a_alta-libre-aspect-ratio_default_0-45x45.jpg",45,45,true],"advps-thumb-one":["https:\/\/elfederalmendoza.com.ar\/wp-content\/uploads\/2023\/03\/2f9e60a4-03d2-4df5-8de8-1092c95a3e3a_alta-libre-aspect-ratio_default_0-1200x420.jpg",1200,420,true]},"rttpg_author":{"display_name":"Redacci\u00f3n El Federal","author_link":"https:\/\/elfederalmendoza.com.ar\/index.php\/author\/angelflores\/"},"rttpg_comment":0,"rttpg_category":"<a href=\"https:\/\/elfederalmendoza.com.ar\/index.php\/category\/deportes\/\" rel=\"category tag\">Deportes<\/a>","rttpg_excerpt":"Gerardo Martino rechaz\u00f3 la propuesta para dirigir a Boca Juniors tras la salida de Hugo Ibarra.\u00a0El Consejo de F\u00fatbol xeneize lo tent\u00f3 con una proposici\u00f3n que se trunc\u00f3 en poco tiempo: en apenas 24 horas confirm\u00f3 la negativa, seg\u00fan pudo averiguar Infobae. Despu\u00e9s de su paso por la selecci\u00f3n mexicana, el entrenador rosarino tiene decidido&hellip;","_links":{"self":[{"href":"https:\/\/elfederalmendoza.com.ar\/index.php\/wp-json\/wp\/v2\/posts\/21582","targetHints":{"allow":["GET"]}}],"collection":[{"href":"https:\/\/elfederalmendoza.com.ar\/index.php\/wp-json\/wp\/v2\/posts"}],"about":[{"href":"https:\/\/elfederalmendoza.com.ar\/index.php\/wp-json\/wp\/v2\/types\/post"}],"author":[{"embeddable":true,"href":"https:\/\/elfederalmendoza.com.ar\/index.php\/wp-json\/wp\/v2\/users\/2"}],"replies":[{"embeddable":true,"href":"https:\/\/elfederalmendoza.com.ar\/index.php\/wp-json\/wp\/v2\/comments?post=21582"}],"version-history":[{"count":1,"href":"https:\/\/elfederalmendoza.com.ar\/index.php\/wp-json\/wp\/v2\/posts\/21582\/revisions"}],"predecessor-version":[{"id":21584,"href":"https:\/\/elfederalmendoza.com.ar\/index.php\/wp-json\/wp\/v2\/posts\/21582\/revisions\/21584"}],"wp:featuredmedia":[{"embeddable":true,"href":"https:\/\/elfederalmendoza.com.ar\/index.php\/wp-json\/wp\/v2\/media\/21583"}],"wp:attachment":[{"href":"https:\/\/elfederalmendoza.com.ar\/index.php\/wp-json\/wp\/v2\/media?parent=21582"}],"wp:term":[{"taxonomy":"category","embeddable":true,"href":"https:\/\/elfederalmendoza.com.ar\/index.php\/wp-json\/wp\/v2\/categories?post=21582"},{"taxonomy":"post_tag","embeddable":true,"href":"https:\/\/elfederalmendoza.com.ar\/index.php\/wp-json\/wp\/v2\/tags?post=21582"}],"curies":[{"name":"wp","href":"https:\/\/api.w.org\/{rel}","templated":true}]}}