{"id":21585,"date":"2023-03-30T01:56:00","date_gmt":"2023-03-30T04:56:00","guid":{"rendered":"https:\/\/elfederalmendoza.com\/?p=21585"},"modified":"2023-03-30T13:15:51","modified_gmt":"2023-03-30T16:15:51","slug":"murio-un-ladron-menor-de-edad-que-se-corto-con-una-chapa-en-la-que-cayo-tras-escapar-de-un-robo","status":"publish","type":"post","link":"https:\/\/elfederalmendoza.com.ar\/index.php\/2023\/03\/30\/murio-un-ladron-menor-de-edad-que-se-corto-con-una-chapa-en-la-que-cayo-tras-escapar-de-un-robo\/","title":{"rendered":"Muri\u00f3 un ladr\u00f3n menor de edad que se cort\u00f3 con una chapa en la que cay\u00f3 tras escapar de un robo"},"content":{"rendered":"\n<p><strong>Un precoz ladr\u00f3n menor de edad muri\u00f3 este jueves a la madrugada, tras haber cometido un atraco en la zona de avenida Siria y Bolivia, en la capital tucumana, y mientras escapaba del lugar.<\/strong><\/p>\n\n\n\n<p>El deceso se produjo en la sala de emergencias del hospital Padilla, a donde fue derivado cuando vecinos de la zona dieron con el, herido, en el cruce de calle Catamarca y las v\u00edas del tren.<\/p>\n\n\n\n<p><strong>El joven presentaba una herida cortante en la zona costal, con abundante p\u00e9rdida de sangre<\/strong>, lo que le produjo la muerte minutos despu\u00e9s de su ingreso al nosocomio.<\/p>\n\n\n\n<p>Cuando se reconstruy\u00f3 la escena que deriv\u00f3 en la muerte del ladr\u00f3n, se determin\u00f3 que todo se debi\u00f3 a un accidente sufrido por la v\u00edctima durante la fuga.<\/p>\n\n\n\n<p><strong>Las primeras pericias determinaron que, al tratar de evadirse por los techos, el menor perdi\u00f3 el equilibrio y cay\u00f3 sobre una chapa, que le produjo la herida mortal.<\/strong><\/p>\n","protected":false},"excerpt":{"rendered":"<p>Un precoz ladr\u00f3n menor de edad muri\u00f3 este jueves a la madrugada, tras haber cometido un atraco en la zona de avenida Siria y Bolivia, en la capital tucumana, y mientras escapaba del lugar. El deceso se produjo en la sala de emergencias del hospital Padilla, a donde fue derivado cuando vecinos de la zona<a class=\"read-more\" href=\"https:\/\/elfederalmendoza.com.ar\/index.php\/2023\/03\/30\/murio-un-ladron-menor-de-edad-que-se-corto-con-una-chapa-en-la-que-cayo-tras-escapar-de-un-robo\/\"> [&hellip;]<\/a><\/p>\n","protected":false},"author":2,"featured_media":21586,"comment_status":"open","ping_status":"open","sticky":false,"template":"","format":"standard","meta":{"footnotes":""},"categories":[5618],"tags":[],"class_list":["post-21585","post","type-post","status-publish","format-standard","has-post-thumbnail","hentry","category-arg"],"rttpg_featured_image_url":{"full":["https:\/\/elfederalmendoza.com.ar\/wp-content\/uploads\/2023\/03\/79110_casa.webp",480,286,false],"landscape":["https:\/\/elfederalmendoza.com.ar\/wp-content\/uploads\/2023\/03\/79110_casa.webp",480,286,false],"portraits":["https:\/\/elfederalmendoza.com.ar\/wp-content\/uploads\/2023\/03\/79110_casa.webp",480,286,false],"thumbnail":["https:\/\/elfederalmendoza.com.ar\/wp-content\/uploads\/2023\/03\/79110_casa-150x150.webp",150,150,true],"medium":["https:\/\/elfederalmendoza.com.ar\/wp-content\/uploads\/2023\/03\/79110_casa-300x179.webp",300,179,true],"large":["https:\/\/elfederalmendoza.com.ar\/wp-content\/uploads\/2023\/03\/79110_casa.webp",480,286,false],"1536x1536":["https:\/\/elfederalmendoza.com.ar\/wp-content\/uploads\/2023\/03\/79110_casa.webp",480,286,false],"2048x2048":["https:\/\/elfederalmendoza.com.ar\/wp-content\/uploads\/2023\/03\/79110_casa.webp",480,286,false],"ultp_layout_landscape_large":["https:\/\/elfederalmendoza.com.ar\/wp-content\/uploads\/2023\/03\/79110_casa.webp",480,286,false],"ultp_layout_landscape":["https:\/\/elfederalmendoza.com.ar\/wp-content\/uploads\/2023\/03\/79110_casa.webp",480,286,false],"ultp_layout_portrait":["https:\/\/elfederalmendoza.com.ar\/wp-content\/uploads\/2023\/03\/79110_casa.webp",480,286,false],"ultp_layout_square":["https:\/\/elfederalmendoza.com.ar\/wp-content\/uploads\/2023\/03\/79110_casa.webp",480,286,false],"rpwe-thumbnail":["https:\/\/elfederalmendoza.com.ar\/wp-content\/uploads\/2023\/03\/79110_casa-45x45.webp",45,45,true],"advps-thumb-one":["https:\/\/elfederalmendoza.com.ar\/wp-content\/uploads\/2023\/03\/79110_casa.webp",480,286,false]},"rttpg_author":{"display_name":"Redacci\u00f3n El Federal","author_link":"https:\/\/elfederalmendoza.com.ar\/index.php\/author\/angelflores\/"},"rttpg_comment":0,"rttpg_category":"<a href=\"https:\/\/elfederalmendoza.com.ar\/index.php\/category\/arg\/\" rel=\"category tag\">Argentina<\/a>","rttpg_excerpt":"Un precoz ladr\u00f3n menor de edad muri\u00f3 este jueves a la madrugada, tras haber cometido un atraco en la zona de avenida Siria y Bolivia, en la capital tucumana, y mientras escapaba del lugar. El deceso se produjo en la sala de emergencias del hospital Padilla, a donde fue derivado cuando vecinos de la zona&hellip;","_links":{"self":[{"href":"https:\/\/elfederalmendoza.com.ar\/index.php\/wp-json\/wp\/v2\/posts\/21585","targetHints":{"allow":["GET"]}}],"collection":[{"href":"https:\/\/elfederalmendoza.com.ar\/index.php\/wp-json\/wp\/v2\/posts"}],"about":[{"href":"https:\/\/elfederalmendoza.com.ar\/index.php\/wp-json\/wp\/v2\/types\/post"}],"author":[{"embeddable":true,"href":"https:\/\/elfederalmendoza.com.ar\/index.php\/wp-json\/wp\/v2\/users\/2"}],"replies":[{"embeddable":true,"href":"https:\/\/elfederalmendoza.com.ar\/index.php\/wp-json\/wp\/v2\/comments?post=21585"}],"version-history":[{"count":1,"href":"https:\/\/elfederalmendoza.com.ar\/index.php\/wp-json\/wp\/v2\/posts\/21585\/revisions"}],"predecessor-version":[{"id":21587,"href":"https:\/\/elfederalmendoza.com.ar\/index.php\/wp-json\/wp\/v2\/posts\/21585\/revisions\/21587"}],"wp:featuredmedia":[{"embeddable":true,"href":"https:\/\/elfederalmendoza.com.ar\/index.php\/wp-json\/wp\/v2\/media\/21586"}],"wp:attachment":[{"href":"https:\/\/elfederalmendoza.com.ar\/index.php\/wp-json\/wp\/v2\/media?parent=21585"}],"wp:term":[{"taxonomy":"category","embeddable":true,"href":"https:\/\/elfederalmendoza.com.ar\/index.php\/wp-json\/wp\/v2\/categories?post=21585"},{"taxonomy":"post_tag","embeddable":true,"href":"https:\/\/elfederalmendoza.com.ar\/index.php\/wp-json\/wp\/v2\/tags?post=21585"}],"curies":[{"name":"wp","href":"https:\/\/api.w.org\/{rel}","templated":true}]}}