{"id":21588,"date":"2023-03-30T03:22:00","date_gmt":"2023-03-30T06:22:00","guid":{"rendered":"https:\/\/elfederalmendoza.com\/?p=21588"},"modified":"2023-03-30T13:24:34","modified_gmt":"2023-03-30T16:24:34","slug":"alberto-fernandez-se-presento-como-un-aliado-absoluto-de-joe-biden","status":"publish","type":"post","link":"https:\/\/elfederalmendoza.com.ar\/index.php\/2023\/03\/30\/alberto-fernandez-se-presento-como-un-aliado-absoluto-de-joe-biden\/","title":{"rendered":"Alberto Fern\u00e1ndez se present\u00f3 como un \u201caliado absoluto\u201d de Joe Biden"},"content":{"rendered":"\n<p><strong>Tres veces el presidente estadounidense Joe Biden le dijo a Alberto Fern\u00e1ndez que le hab\u00eda dado instrucciones a los m\u00e1ximos funcionarios de su administraci\u00f3n para que&nbsp;avanzaran en los temas pendientes&nbsp;con la Argentina.<\/strong><\/p>\n\n\n\n<p>La primera fue en el Sal\u00f3n Oval durante el encuentro que mantuvieron los dos mandatarios mano a mano durante&nbsp;20 minutos. Solo estaban ellos y sus traductores, arriba de sus cabezas colgaba el retrato de Franklin Roosevelt que corona la pared principal del despacho m\u00e1s famoso del mundo.<\/p>\n\n\n\n<p>Fern\u00e1ndez y Biden hablaron sobre&nbsp;la salud del Papa. El anfitri\u00f3n, un ferviente cat\u00f3lico, exhibe&nbsp;al igual que su visitante argentino una foto suya con Francisco. En el mismo lugar y ante los periodistas, Fern\u00e1ndez dijo ser&nbsp;\u00abun aliado absoluto\u00bb de Biden. Ocurri\u00f3 poco m\u00e1s de un a\u00f1o despu\u00e9s de que le ofreciera a Vladimir Putin convertir a la Argentina en la puerta de entrada de Rusia al continente. Pasaron cosas.<\/p>\n\n\n\n<p>En dos oportunidades m\u00e1s Biden repiti\u00f3 a Fern\u00e1ndez la orden que transmiti\u00f3 a sus colaboradores. Ocurri\u00f3 en The Cabinet Room, adonde se sumaron los funcionarios estadounidenses y sus pares argentinos, que hab\u00edan esperado en una sala contigua al Sal\u00f3n Oval a que los dos jefes de Estado terminaran su encuentro privado.<\/p>\n\n\n\n<p>La reuni\u00f3n ampliada se extendi\u00f3 durante otros&nbsp;60 minutos \u201cMi equipo ya tiene la instrucci\u00f3n de trabajar codo a codo con ustedes\u201d, insisti\u00f3 el l\u00edder dem\u00f3crata frente al secretario de Estado Antony Blinken, la secretaria del Tesoro Janet Yellen y consejero principal de Seguridad Nacional Jack Sullivan. Para el ministro de Econom\u00eda Sergio Massa, el canciller Santiago Cafiero y el embajador Jorge Arg\u00fcello fue una excelente noticia.<\/p>\n\n\n\n<p>Biden se refer\u00eda a la&nbsp;agenda de minerales cr\u00edticos, producci\u00f3n de alimentos y energ\u00eda&nbsp;que la Argentina ofrece al mundo, adem\u00e1s del biodiesel, la normativa antidumping y las al\u00edcuotas al acero, el impacto de la sequ\u00eda y las eventuales modificaciones de la normativa de los organismos de cr\u00e9dito. En el Gobierno interpretaron el inminente viaje de la n\u00famero 2 de Blinken, Wendy Sherman, como una se\u00f1al en ese sentido, aunque ninguno de esos temas se destac\u00f3 en el comunicado que difundi\u00f3 la Casa Blanca al terminar el encuentro.<\/p>\n\n\n\n<p>Tres veces tambi\u00e9n -seg\u00fan el relato de algunos de testigos del encuentro-\u00a0Biden hizo una analog\u00eda entre el legado econ\u00f3mico que heredaron de sus predecesores Donald Trump y Mauricio Macri.\u00a0\u201cBiden dijo tres veces que ten\u00edamos en com\u00fan haber heredado una econom\u00eda destruida de los gobiernos que nos precedieron\u201d, se\u00f1al\u00f3 Fern\u00e1ndez en la conferencia de prensa posterior que brind\u00f3 en la Embajada argentina.<\/p>\n\n\n<div class=\"wp-block-image\">\n<figure class=\"aligncenter size-full\"><img loading=\"lazy\" decoding=\"async\" width=\"720\" height=\"480\" src=\"https:\/\/elfederalmendoza.com\/wp-content\/uploads\/2023\/03\/image-29.png\" alt=\"\" class=\"wp-image-21589\" srcset=\"https:\/\/elfederalmendoza.com.ar\/wp-content\/uploads\/2023\/03\/image-29.png 720w, https:\/\/elfederalmendoza.com.ar\/wp-content\/uploads\/2023\/03\/image-29-300x200.png 300w\" sizes=\"auto, (max-width: 720px) 100vw, 720px\" \/><\/figure><\/div>\n\n\n<p>Los funcionarios argentinos que llegaron hasta Washington destacaron que no hubo preguntas directas al Presidente sobre el complejo escenario electoral de la Argentina. \u201cNos pregunt\u00f3 por el Cuervo Larroque\u201d, ironizaron entre risas.<\/p>\n\n\n\n<p>Sin embargo, la pol\u00edtica local se col\u00f3 varias veces, antes y despu\u00e9s de la bilateral entre Biden y Fern\u00e1ndez. M\u00e1s llamativo que la alusi\u00f3n a Javier Milei y Patricia Bullrich por la desregulaci\u00f3n de armas fue la interpretaci\u00f3n que hicieron el Presidente y su comitiva de la publicaci\u00f3n en Twitter de Cristina Kirchner -11 minutos antes de que Fern\u00e1ndez llegara a la reuni\u00f3n m\u00e1s importante de su mandato- a prop\u00f3sito&nbsp;del pedido que hizo el senador republicano Ted Cruz para que se investigue a la Vicepresidenta. \u201cMarginales pol\u00edticos hay en todas partes\u201d, reflexion\u00f3 el Presidente.<\/p>\n\n\n\n<p>Para la Vicepresidenta, Cruz representa un respaldo para que Comodoro Py avance con su persecuci\u00f3n pol\u00edtica para proscribirla. Para el c\u00edrculo del Presidente, el senador texano es comparable al diputado del PRO Fernando Iglesias. \u201cNadie lo quiere\u201d, dijeron. Son algo m\u00e1s que matices.<\/p>\n\n\n\n<p>Ante la consulta de una periodista espa\u00f1ola, el Presidente se\u00f1al\u00f3 que&nbsp;todav\u00eda no piensa en la reelecci\u00f3n,&nbsp;pero que trabaja para el triunfo del peronismo.<\/p>\n\n\n\n<p>Algunos de los funcionarios que ingresaron a la Casa Blanca destacaron que Biden es consciente\u00a0del da\u00f1o que Trump le provoc\u00f3 a la regi\u00f3n. Hubo preguntas espec\u00edficas sobre las proyecciones de la siembra y cosecha para 2024. Los argentinos les pidieron que haya excepciones contra la ley anti-inflacionaria de EE.UU que complica las exportaciones de litio argentino. La paradoja es que la principal exportadora del pa\u00eds es la norteamericana Livent, un detalle que puede colaborar en las negociaciones.<\/p>\n\n\n\n<p>En la reuni\u00f3n de trabajo finalmente&nbsp;ni Fern\u00e1ndez ni nadie de su equipo insistieron&nbsp;con el pedido para que EE.UU acompa\u00f1e en el directorio del FMI la eliminaci\u00f3n de sobrecargos que el organismo cobra a la Argentina, una idea con la que el Presidente martilla en cada foro internacional. En lo m\u00e1s alto del Gobierno hay quienes sostienen -con palabras menos amables- que el pedido del Presidente es est\u00e9ril. El Fondo&nbsp;no tiene pautado volver a discutir esa posibilidad en lo inmediato. Massa hab\u00eda preparado tres videos breves para explicar el impacto de la sequ\u00eda y las propuestas de seguridad alimentaria y las potencialidades de energ\u00eda en el pa\u00eds.<\/p>\n\n\n\n<p>Los funcionarios argentinos salieron hambrientos de la reuni\u00f3n en la Casa Blanca. En la previa apuntaban que EE.UU. busca relativizar la influencia de Beijing&nbsp;en la regi\u00f3n. \u00abSomos&nbsp;competidores, no enemigos de China\u00bb, dijeron. Los funcionarios argentinos se\u00f1alaron las rapidez de China para otorgar cr\u00e9ditos a Am\u00e9rica latina en comparaci\u00f3n a los organismos de cr\u00e9dito. La secretaria del Tesoro prometi\u00f3 colaborar con eventuales modificaciones para subsanar ese error.&nbsp;&nbsp;<\/p>\n\n\n\n<p>En un pasaje del encuentro Biden se\u00f1al\u00f3 a Yellen. \u00abCon la misma celeridad con la que acaba de salvar a los bancos, va ayudar a la Argentina para trazar un puente al desarrollo\u201d, se\u00f1al\u00f3 el mandatario estadounidense, seg\u00fan el relato de los funcionarios argentinos. Hace nada m\u00e1s que 4 d\u00edas, en la Cumbre Iberoamericana de Santo Domingo donde inici\u00f3 esta gira, el Presidente pidi\u00f3 a los pa\u00edses centrales que dejen de socorrer a los bancos.<\/p>\n","protected":false},"excerpt":{"rendered":"<p>Tres veces el presidente estadounidense Joe Biden le dijo a Alberto Fern\u00e1ndez que le hab\u00eda dado instrucciones a los m\u00e1ximos funcionarios de su administraci\u00f3n para que&nbsp;avanzaran en los temas pendientes&nbsp;con la Argentina. La primera fue en el Sal\u00f3n Oval durante el encuentro que mantuvieron los dos mandatarios mano a mano durante&nbsp;20 minutos. Solo estaban ellos<a class=\"read-more\" href=\"https:\/\/elfederalmendoza.com.ar\/index.php\/2023\/03\/30\/alberto-fernandez-se-presento-como-un-aliado-absoluto-de-joe-biden\/\"> [&hellip;]<\/a><\/p>\n","protected":false},"author":2,"featured_media":21590,"comment_status":"open","ping_status":"open","sticky":false,"template":"","format":"standard","meta":{"footnotes":""},"categories":[5618],"tags":[],"class_list":["post-21588","post","type-post","status-publish","format-standard","has-post-thumbnail","hentry","category-arg"],"rttpg_featured_image_url":{"full":["https:\/\/elfederalmendoza.com.ar\/wp-content\/uploads\/2023\/03\/E2J7JIYEOVDABJHUN5KTOULKTY.jpg",1920,1080,false],"landscape":["https:\/\/elfederalmendoza.com.ar\/wp-content\/uploads\/2023\/03\/E2J7JIYEOVDABJHUN5KTOULKTY.jpg",1920,1080,false],"portraits":["https:\/\/elfederalmendoza.com.ar\/wp-content\/uploads\/2023\/03\/E2J7JIYEOVDABJHUN5KTOULKTY.jpg",1920,1080,false],"thumbnail":["https:\/\/elfederalmendoza.com.ar\/wp-content\/uploads\/2023\/03\/E2J7JIYEOVDABJHUN5KTOULKTY-150x150.jpg",150,150,true],"medium":["https:\/\/elfederalmendoza.com.ar\/wp-content\/uploads\/2023\/03\/E2J7JIYEOVDABJHUN5KTOULKTY-300x169.jpg",300,169,true],"large":["https:\/\/elfederalmendoza.com.ar\/wp-content\/uploads\/2023\/03\/E2J7JIYEOVDABJHUN5KTOULKTY-1024x576.jpg",640,360,true],"1536x1536":["https:\/\/elfederalmendoza.com.ar\/wp-content\/uploads\/2023\/03\/E2J7JIYEOVDABJHUN5KTOULKTY-1536x864.jpg",1536,864,true],"2048x2048":["https:\/\/elfederalmendoza.com.ar\/wp-content\/uploads\/2023\/03\/E2J7JIYEOVDABJHUN5KTOULKTY.jpg",1920,1080,false],"ultp_layout_landscape_large":["https:\/\/elfederalmendoza.com.ar\/wp-content\/uploads\/2023\/03\/E2J7JIYEOVDABJHUN5KTOULKTY-1200x800.jpg",1200,800,true],"ultp_layout_landscape":["https:\/\/elfederalmendoza.com.ar\/wp-content\/uploads\/2023\/03\/E2J7JIYEOVDABJHUN5KTOULKTY-870x570.jpg",870,570,true],"ultp_layout_portrait":["https:\/\/elfederalmendoza.com.ar\/wp-content\/uploads\/2023\/03\/E2J7JIYEOVDABJHUN5KTOULKTY-600x900.jpg",600,900,true],"ultp_layout_square":["https:\/\/elfederalmendoza.com.ar\/wp-content\/uploads\/2023\/03\/E2J7JIYEOVDABJHUN5KTOULKTY-600x600.jpg",600,600,true],"rpwe-thumbnail":["https:\/\/elfederalmendoza.com.ar\/wp-content\/uploads\/2023\/03\/E2J7JIYEOVDABJHUN5KTOULKTY-45x45.jpg",45,45,true],"advps-thumb-one":["https:\/\/elfederalmendoza.com.ar\/wp-content\/uploads\/2023\/03\/E2J7JIYEOVDABJHUN5KTOULKTY-1200x420.jpg",1200,420,true]},"rttpg_author":{"display_name":"Redacci\u00f3n El Federal","author_link":"https:\/\/elfederalmendoza.com.ar\/index.php\/author\/angelflores\/"},"rttpg_comment":0,"rttpg_category":"<a href=\"https:\/\/elfederalmendoza.com.ar\/index.php\/category\/arg\/\" rel=\"category tag\">Argentina<\/a>","rttpg_excerpt":"Tres veces el presidente estadounidense Joe Biden le dijo a Alberto Fern\u00e1ndez que le hab\u00eda dado instrucciones a los m\u00e1ximos funcionarios de su administraci\u00f3n para que&nbsp;avanzaran en los temas pendientes&nbsp;con la Argentina. La primera fue en el Sal\u00f3n Oval durante el encuentro que mantuvieron los dos mandatarios mano a mano durante&nbsp;20 minutos. Solo estaban ellos&hellip;","_links":{"self":[{"href":"https:\/\/elfederalmendoza.com.ar\/index.php\/wp-json\/wp\/v2\/posts\/21588","targetHints":{"allow":["GET"]}}],"collection":[{"href":"https:\/\/elfederalmendoza.com.ar\/index.php\/wp-json\/wp\/v2\/posts"}],"about":[{"href":"https:\/\/elfederalmendoza.com.ar\/index.php\/wp-json\/wp\/v2\/types\/post"}],"author":[{"embeddable":true,"href":"https:\/\/elfederalmendoza.com.ar\/index.php\/wp-json\/wp\/v2\/users\/2"}],"replies":[{"embeddable":true,"href":"https:\/\/elfederalmendoza.com.ar\/index.php\/wp-json\/wp\/v2\/comments?post=21588"}],"version-history":[{"count":2,"href":"https:\/\/elfederalmendoza.com.ar\/index.php\/wp-json\/wp\/v2\/posts\/21588\/revisions"}],"predecessor-version":[{"id":21593,"href":"https:\/\/elfederalmendoza.com.ar\/index.php\/wp-json\/wp\/v2\/posts\/21588\/revisions\/21593"}],"wp:featuredmedia":[{"embeddable":true,"href":"https:\/\/elfederalmendoza.com.ar\/index.php\/wp-json\/wp\/v2\/media\/21590"}],"wp:attachment":[{"href":"https:\/\/elfederalmendoza.com.ar\/index.php\/wp-json\/wp\/v2\/media?parent=21588"}],"wp:term":[{"taxonomy":"category","embeddable":true,"href":"https:\/\/elfederalmendoza.com.ar\/index.php\/wp-json\/wp\/v2\/categories?post=21588"},{"taxonomy":"post_tag","embeddable":true,"href":"https:\/\/elfederalmendoza.com.ar\/index.php\/wp-json\/wp\/v2\/tags?post=21588"}],"curies":[{"name":"wp","href":"https:\/\/api.w.org\/{rel}","templated":true}]}}