{"id":21607,"date":"2023-03-31T05:13:00","date_gmt":"2023-03-31T08:13:00","guid":{"rendered":"https:\/\/elfederalmendoza.com\/?p=21607"},"modified":"2023-03-31T10:14:26","modified_gmt":"2023-03-31T13:14:26","slug":"murio-una-bebe-de-tres-meses-en-la-puerta-de-la-casa-rosada-vivia-en-la-calle-en-plaza-de-mayo-con-sus-padres","status":"publish","type":"post","link":"https:\/\/elfederalmendoza.com.ar\/index.php\/2023\/03\/31\/murio-una-bebe-de-tres-meses-en-la-puerta-de-la-casa-rosada-vivia-en-la-calle-en-plaza-de-mayo-con-sus-padres\/","title":{"rendered":"Muri\u00f3 una beb\u00e9 de tres meses en la puerta de la Casa Rosada: viv\u00eda en la calle en Plaza de Mayo con sus padres"},"content":{"rendered":"\n<p><strong>Una beb\u00e9 de tres meses, que estaba en situaci\u00f3n de calle y viv\u00eda con sus padres en Plaza de Mayo, muri\u00f3 en la puerta de la Casa Rosada. Los efectivos de la Polic\u00eda Federal Argentina la encontraron este viernes a la madrugada despu\u00e9s de ser alertados por los padres de la peque\u00f1a.<\/strong><\/p>\n\n\n\n<p>Seg\u00fan fuentes policiales,<strong>&nbsp;la nena fue encontrada acostada en el cochecito y no se observaron signos de violencia.<\/strong>&nbsp;De inmediato, una ambulancia del SAME arrib\u00f3 a la intersecci\u00f3n de Avenida Hip\u00f3lito Yrigoyen y Avenida Paseo Col\u00f3n y los m\u00e9dicos constataron que falleci\u00f3.<\/p>\n\n\n\n<p>En tanto, sus padres se acercaron a los agentes al notar que la peque\u00f1a no respond\u00eda a los est\u00edmulos y les pidieron ayuda.<\/p>\n\n\n\n<p>En la causa interviene la Fiscal\u00eda Criminal y Correccional N\u00b0 10.<\/p>\n\n\n\n<p><strong><u>La pobreza afect\u00f3 a m\u00e1s de 5,5 millones de ni\u00f1os, el sector m\u00e1s perjudicado en los \u00faltimos cinco a\u00f1os<\/u><\/strong><br>El 2022 dej\u00f3 un saldo social que trasciende a los n\u00fameros: el INDEC revel\u00f3 que para el cierre del a\u00f1o pasado, la pobreza lleg\u00f3 al 39,2%, que se traduce en m\u00e1s de 18 millones de personas que alcanzan esa condici\u00f3n. El panorama es a\u00fan peor si se observa lo que sucedi\u00f3 en el caso de los ni\u00f1os de hasta 14 a\u00f1os, donde la pobreza lleg\u00f3 al 54,2% o dicho de otro modo:&nbsp;<strong>m\u00e1s de la mitad de los ni\u00f1os son pobres en la Argentina.<\/strong><\/p>\n\n\n\n<p>El 54,2% de la pobreza infantil son m\u00e1s de 5,5 millones de ni\u00f1os que no alcanzan el umbral de los ingresos necesarios para satisfacer la canasta b\u00e1sica alimentaria, sumado a la compra de bienes y servicios considerados esenciales para sobrevivir, como el acceso a vestimenta, transporte, educaci\u00f3n y la salud.<\/p>\n\n\n\n<p>A la hora de poner la lupa sobre las cifras de pobreza, el INDEC distingue cuatro grupos etarios cuando releva los \u00edndices: las personas de 0 a 14 a\u00f1os, los de 15 a 29, los de 30 a 64 y los mayores de 65 a\u00f1os. Y dentro de esos grupos, los m\u00e1s peque\u00f1os fueron los m\u00e1s perjudicados de los \u00faltimos a\u00f1os.<br><strong><br>Los ni\u00f1os de 0 a 14 a\u00f1os en situaci\u00f3n de pobreza pasaron del 41,4% al 54,2% en los \u00faltimos cinco a\u00f1os<\/strong>. Es decir, que hubo un crecimiento de 12,8 puntos porcentuales en el \u00faltimo lustro sobre ese sector. Durante ese per\u00edodo, el peor \u00edndice se registr\u00f3 en el segundo semestre de 2020, a\u00f1o signado por la pandemia de coronavirus, cuando la pobreza infantil lleg\u00f3 al 57,7%.<\/p>\n\n\n\n<p>\u201cEse grupo sigue la misma evoluci\u00f3n de la poblaci\u00f3n general. Es siempre m\u00e1s alto (alrededor de un 50%), b\u00e1sicamente porque las familias con ni\u00f1os tienen que compartir ingresos entre m\u00e1s personas que las que no tienen hijos menores y porque hay muchos casos de hogares con ni\u00f1os con un solo adulto\u201d, explic\u00f3 a TN el experto en temas previsionales&nbsp;<strong>Rafael Roffman<\/strong>.<\/p>\n\n\n\n<p>El economista del CEDLAS-UNLP,&nbsp;<strong>Leonardo Tornarolli<\/strong>, tambi\u00e9n describi\u00f3 que si bien hay una evoluci\u00f3n de la pobreza que se \u201cmueve\u201d en todos los grupos etarios, en los ni\u00f1os suele ser m\u00e1s alta por distintas cuestiones, entre ellas, la composici\u00f3n de los hogares. \u201cEn los adultos mayores los hogares tienen pocas personas y es com\u00fan que con sus ingresos sea suficiente para no estar en la pobreza. En los hogares con ni\u00f1os suelen vivir varias personas y cuando se dividen los ingresos por todos, a la hora de calcular el ingreso per c\u00e1pita, queda m\u00e1s bajo\u201d, indic\u00f3.<\/p>\n\n\n\n<p>\u201cEn los adultos mayores es baja la pobreza porque tambi\u00e9n se gasta m\u00e1s en ellos. Lo que se transfiere a adultos mayores es m\u00e1s alto que lo que se transfiere en AUH a un ni\u00f1o, por ejemplo\u201d, a\u00f1adi\u00f3.<\/p>\n\n\n\n<p>En coincidencia, el economista de IDESA,&nbsp;<strong>Jorge Colina&nbsp;<\/strong>describi\u00f3 que la evoluci\u00f3n de la pobreza infantil tambi\u00e9n va en sinton\u00eda con el crecimiento de la pobreza en general, pero golpea en ese grupo etario con m\u00e1s fuerza por la falta de ingresos. \u201cEn los hogares pobres hay m\u00e1s ni\u00f1os y por eso est\u00e1n en la pobreza. Ya en las edades adultas hay jubilaciones y, aunque cobren la m\u00ednima, la canasta b\u00e1sica es menor a ese ingreso\u201d, analiz\u00f3.<\/p>\n","protected":false},"excerpt":{"rendered":"<p>Una beb\u00e9 de tres meses, que estaba en situaci\u00f3n de calle y viv\u00eda con sus padres en Plaza de Mayo, muri\u00f3 en la puerta de la Casa Rosada. Los efectivos de la Polic\u00eda Federal Argentina la encontraron este viernes a la madrugada despu\u00e9s de ser alertados por los padres de la peque\u00f1a. Seg\u00fan fuentes policiales,&nbsp;la<a class=\"read-more\" href=\"https:\/\/elfederalmendoza.com.ar\/index.php\/2023\/03\/31\/murio-una-bebe-de-tres-meses-en-la-puerta-de-la-casa-rosada-vivia-en-la-calle-en-plaza-de-mayo-con-sus-padres\/\"> [&hellip;]<\/a><\/p>\n","protected":false},"author":2,"featured_media":21608,"comment_status":"open","ping_status":"open","sticky":false,"template":"","format":"standard","meta":{"footnotes":""},"categories":[5618],"tags":[],"class_list":["post-21607","post","type-post","status-publish","format-standard","has-post-thumbnail","hentry","category-arg"],"rttpg_featured_image_url":{"full":["https:\/\/elfederalmendoza.com.ar\/wp-content\/uploads\/2023\/03\/WhatsApp-Image-2023-03-31-at-10.14.10.jpeg",1440,808,false],"landscape":["https:\/\/elfederalmendoza.com.ar\/wp-content\/uploads\/2023\/03\/WhatsApp-Image-2023-03-31-at-10.14.10.jpeg",1440,808,false],"portraits":["https:\/\/elfederalmendoza.com.ar\/wp-content\/uploads\/2023\/03\/WhatsApp-Image-2023-03-31-at-10.14.10.jpeg",1440,808,false],"thumbnail":["https:\/\/elfederalmendoza.com.ar\/wp-content\/uploads\/2023\/03\/WhatsApp-Image-2023-03-31-at-10.14.10-150x150.jpeg",150,150,true],"medium":["https:\/\/elfederalmendoza.com.ar\/wp-content\/uploads\/2023\/03\/WhatsApp-Image-2023-03-31-at-10.14.10-300x168.jpeg",300,168,true],"large":["https:\/\/elfederalmendoza.com.ar\/wp-content\/uploads\/2023\/03\/WhatsApp-Image-2023-03-31-at-10.14.10-1024x575.jpeg",640,359,true],"1536x1536":["https:\/\/elfederalmendoza.com.ar\/wp-content\/uploads\/2023\/03\/WhatsApp-Image-2023-03-31-at-10.14.10.jpeg",1440,808,false],"2048x2048":["https:\/\/elfederalmendoza.com.ar\/wp-content\/uploads\/2023\/03\/WhatsApp-Image-2023-03-31-at-10.14.10.jpeg",1440,808,false],"ultp_layout_landscape_large":["https:\/\/elfederalmendoza.com.ar\/wp-content\/uploads\/2023\/03\/WhatsApp-Image-2023-03-31-at-10.14.10-1200x800.jpeg",1200,800,true],"ultp_layout_landscape":["https:\/\/elfederalmendoza.com.ar\/wp-content\/uploads\/2023\/03\/WhatsApp-Image-2023-03-31-at-10.14.10-870x570.jpeg",870,570,true],"ultp_layout_portrait":["https:\/\/elfederalmendoza.com.ar\/wp-content\/uploads\/2023\/03\/WhatsApp-Image-2023-03-31-at-10.14.10-600x808.jpeg",600,808,true],"ultp_layout_square":["https:\/\/elfederalmendoza.com.ar\/wp-content\/uploads\/2023\/03\/WhatsApp-Image-2023-03-31-at-10.14.10-600x600.jpeg",600,600,true],"rpwe-thumbnail":["https:\/\/elfederalmendoza.com.ar\/wp-content\/uploads\/2023\/03\/WhatsApp-Image-2023-03-31-at-10.14.10-45x45.jpeg",45,45,true],"advps-thumb-one":["https:\/\/elfederalmendoza.com.ar\/wp-content\/uploads\/2023\/03\/WhatsApp-Image-2023-03-31-at-10.14.10-1200x420.jpeg",1200,420,true]},"rttpg_author":{"display_name":"Redacci\u00f3n El Federal","author_link":"https:\/\/elfederalmendoza.com.ar\/index.php\/author\/angelflores\/"},"rttpg_comment":0,"rttpg_category":"<a href=\"https:\/\/elfederalmendoza.com.ar\/index.php\/category\/arg\/\" rel=\"category tag\">Argentina<\/a>","rttpg_excerpt":"Una beb\u00e9 de tres meses, que estaba en situaci\u00f3n de calle y viv\u00eda con sus padres en Plaza de Mayo, muri\u00f3 en la puerta de la Casa Rosada. Los efectivos de la Polic\u00eda Federal Argentina la encontraron este viernes a la madrugada despu\u00e9s de ser alertados por los padres de la peque\u00f1a. Seg\u00fan fuentes policiales,&nbsp;la&hellip;","_links":{"self":[{"href":"https:\/\/elfederalmendoza.com.ar\/index.php\/wp-json\/wp\/v2\/posts\/21607","targetHints":{"allow":["GET"]}}],"collection":[{"href":"https:\/\/elfederalmendoza.com.ar\/index.php\/wp-json\/wp\/v2\/posts"}],"about":[{"href":"https:\/\/elfederalmendoza.com.ar\/index.php\/wp-json\/wp\/v2\/types\/post"}],"author":[{"embeddable":true,"href":"https:\/\/elfederalmendoza.com.ar\/index.php\/wp-json\/wp\/v2\/users\/2"}],"replies":[{"embeddable":true,"href":"https:\/\/elfederalmendoza.com.ar\/index.php\/wp-json\/wp\/v2\/comments?post=21607"}],"version-history":[{"count":1,"href":"https:\/\/elfederalmendoza.com.ar\/index.php\/wp-json\/wp\/v2\/posts\/21607\/revisions"}],"predecessor-version":[{"id":21609,"href":"https:\/\/elfederalmendoza.com.ar\/index.php\/wp-json\/wp\/v2\/posts\/21607\/revisions\/21609"}],"wp:featuredmedia":[{"embeddable":true,"href":"https:\/\/elfederalmendoza.com.ar\/index.php\/wp-json\/wp\/v2\/media\/21608"}],"wp:attachment":[{"href":"https:\/\/elfederalmendoza.com.ar\/index.php\/wp-json\/wp\/v2\/media?parent=21607"}],"wp:term":[{"taxonomy":"category","embeddable":true,"href":"https:\/\/elfederalmendoza.com.ar\/index.php\/wp-json\/wp\/v2\/categories?post=21607"},{"taxonomy":"post_tag","embeddable":true,"href":"https:\/\/elfederalmendoza.com.ar\/index.php\/wp-json\/wp\/v2\/tags?post=21607"}],"curies":[{"name":"wp","href":"https:\/\/api.w.org\/{rel}","templated":true}]}}