{"id":21614,"date":"2023-04-01T10:47:43","date_gmt":"2023-04-01T13:47:43","guid":{"rendered":"https:\/\/elfederalmendoza.com\/?p=21614"},"modified":"2023-04-01T10:50:42","modified_gmt":"2023-04-01T13:50:42","slug":"un-mendocino-cumplio-su-promesa-por-el-mundial-firmo-su-docuemento-con-las-tres-estrellas-de-la-seleccion","status":"publish","type":"post","link":"https:\/\/elfederalmendoza.com.ar\/index.php\/2023\/04\/01\/un-mendocino-cumplio-su-promesa-por-el-mundial-firmo-su-docuemento-con-las-tres-estrellas-de-la-seleccion\/","title":{"rendered":"Un mendocino cumpli\u00f3 su promesa por el Mundial: firm\u00f3 su documento con las tres estrellas de la Selecci\u00f3n"},"content":{"rendered":"\n<p>El amor por la&nbsp;<strong>Selecci\u00f3n Argentina&nbsp;<\/strong>y la alegr\u00eda por un nuevo campeonato llev\u00f3 a los hinchas a hacer locuras como tatuarse, ponerle el nombre de los jugadores a sus hijos, te\u00f1irse como el Dibu Mart\u00ednez, entre otros homenajes. En el caso de&nbsp;<strong>Agust\u00edn Mora<\/strong>, de 21 a\u00f1os, decidi\u00f3 modificar su firma para venerar a la Scaloneta<\/p>\n\n\n\n<p>El momento justo lleg\u00f3 cuando tuvo que sacarse nuevamente el Documento Nacional de Identidad. Esa fue la ocasi\u00f3n ideal para&nbsp;<mark>agregarle las tres estrellas que representan a los mundiales ganados por los seleccionados de f\u00fatbol.<\/mark><\/p>\n\n\n<div class=\"wp-block-image\">\n<figure class=\"aligncenter size-full\"><img loading=\"lazy\" decoding=\"async\" width=\"798\" height=\"397\" src=\"https:\/\/elfederalmendoza.com\/wp-content\/uploads\/2023\/04\/image.png\" alt=\"\" class=\"wp-image-21615\" srcset=\"https:\/\/elfederalmendoza.com.ar\/wp-content\/uploads\/2023\/04\/image.png 798w, https:\/\/elfederalmendoza.com.ar\/wp-content\/uploads\/2023\/04\/image-300x149.png 300w, https:\/\/elfederalmendoza.com.ar\/wp-content\/uploads\/2023\/04\/image-768x382.png 768w\" sizes=\"auto, (max-width: 798px) 100vw, 798px\" \/><\/figure><\/div>\n\n\n<p>Agust\u00edn es mendocino y cont\u00f3 a&nbsp;<em>El Sol&nbsp;<\/em>que el d\u00eda que jug\u00f3 la Selecci\u00f3n contra Australia perdi\u00f3 el DNI y<mark>&nbsp;le prometi\u00f3 a su amigo que si los jugadores argentinos alzaban la Copa, \u00e9l firmar\u00eda su nuevo documento con las tres estrellas.<\/mark><\/p>\n\n\n\n<p>\u201c<em>Me acord\u00e9 de ese pacto justo cuando me lo estaba haciendo y le pregunt\u00e9 si pod\u00eda hacerlo a la empleada del Registro Civil. Incluso la primera vez me qued\u00f3 fea y ped\u00ed realizarla nuevamente\u201d,&nbsp;<\/em>cont\u00f3 el mendocino, que prometi\u00f3 firmar de esa forma cada vez que se lo pidan.<\/p>\n\n\n\n<h2 class=\"wp-block-heading\" id=\"h-la-locura-por-la-scaloneta\">La locura por la Scaloneta<\/h2>\n\n\n\n<p>Los mendocinos alentaron a la Selecci\u00f3n desde que se disput\u00f3 el primer partido en Qatar, tanto que un chofer jubilado decidi\u00f3 pintar un viejo colectivo con los colores celeste y blanco y llamarlo&nbsp;<em>La Scaloneta<\/em>\u201c, que decor\u00f3 con pinturas de Lionel Messi, Diego Maradona y a las Islas Malvinas.<\/p>\n\n\n<div class=\"wp-block-image\">\n<figure class=\"aligncenter size-full\"><img loading=\"lazy\" decoding=\"async\" width=\"520\" height=\"278\" src=\"https:\/\/elfederalmendoza.com\/wp-content\/uploads\/2023\/04\/image-1.png\" alt=\"\" class=\"wp-image-21617\" srcset=\"https:\/\/elfederalmendoza.com.ar\/wp-content\/uploads\/2023\/04\/image-1.png 520w, https:\/\/elfederalmendoza.com.ar\/wp-content\/uploads\/2023\/04\/image-1-300x160.png 300w\" sizes=\"auto, (max-width: 520px) 100vw, 520px\" \/><\/figure><\/div>\n\n\n<p>Adem\u00e1s, el d\u00eda despu\u00e9s de que Argentina se coronar\u00e1 campe\u00f3n del mundo, los estudios de tatuajes se vieron colapsados de mensajes y llamados de los que quisieron poner la piel para grabar hasta la eternidad este 18 de diciembre de 2022<\/p>\n\n\n\n<p>Los modelos que m\u00e1s salieron fueron: n\u00fameros de camisetas, la palabra \u201cScaloneta\u201d, la fecha de la final, el naipe del 5 de copas, las tres estrellas. Pero el que gan\u00f3 por goleada fue el tatuaje de la silueta de Messi alzando la Copa.<\/p>\n\n\n\n<p>A esta locura se le sum\u00f3 los pedidos de casamiento, las visitas al Gauchito Gil o a la Difunta Correa, presentar la tesis de grado, entre otras promesas.<\/p>\n\n\n\n<p>.<\/p>\n","protected":false},"excerpt":{"rendered":"<p>El amor por la&nbsp;Selecci\u00f3n Argentina&nbsp;y la alegr\u00eda por un nuevo campeonato llev\u00f3 a los hinchas a hacer locuras como tatuarse, ponerle el nombre de los jugadores a sus hijos, te\u00f1irse como el Dibu Mart\u00ednez, entre otros homenajes. En el caso de&nbsp;Agust\u00edn Mora, de 21 a\u00f1os, decidi\u00f3 modificar su firma para venerar a la Scaloneta El<a class=\"read-more\" href=\"https:\/\/elfederalmendoza.com.ar\/index.php\/2023\/04\/01\/un-mendocino-cumplio-su-promesa-por-el-mundial-firmo-su-docuemento-con-las-tres-estrellas-de-la-seleccion\/\"> [&hellip;]<\/a><\/p>\n","protected":false},"author":2,"featured_media":19347,"comment_status":"open","ping_status":"open","sticky":false,"template":"","format":"standard","meta":{"footnotes":""},"categories":[5618],"tags":[],"class_list":["post-21614","post","type-post","status-publish","format-standard","has-post-thumbnail","hentry","category-arg"],"rttpg_featured_image_url":{"full":["https:\/\/elfederalmendoza.com.ar\/wp-content\/uploads\/2022\/12\/messi-julian2.jpg",1113,668,false],"landscape":["https:\/\/elfederalmendoza.com.ar\/wp-content\/uploads\/2022\/12\/messi-julian2.jpg",1113,668,false],"portraits":["https:\/\/elfederalmendoza.com.ar\/wp-content\/uploads\/2022\/12\/messi-julian2.jpg",1113,668,false],"thumbnail":["https:\/\/elfederalmendoza.com.ar\/wp-content\/uploads\/2022\/12\/messi-julian2-150x150.jpg",150,150,true],"medium":["https:\/\/elfederalmendoza.com.ar\/wp-content\/uploads\/2022\/12\/messi-julian2-300x180.jpg",300,180,true],"large":["https:\/\/elfederalmendoza.com.ar\/wp-content\/uploads\/2022\/12\/messi-julian2-1024x615.jpg",640,384,true],"1536x1536":["https:\/\/elfederalmendoza.com.ar\/wp-content\/uploads\/2022\/12\/messi-julian2.jpg",1113,668,false],"2048x2048":["https:\/\/elfederalmendoza.com.ar\/wp-content\/uploads\/2022\/12\/messi-julian2.jpg",1113,668,false],"ultp_layout_landscape_large":["https:\/\/elfederalmendoza.com.ar\/wp-content\/uploads\/2022\/12\/messi-julian2.jpg",1113,668,false],"ultp_layout_landscape":["https:\/\/elfederalmendoza.com.ar\/wp-content\/uploads\/2022\/12\/messi-julian2-870x570.jpg",870,570,true],"ultp_layout_portrait":["https:\/\/elfederalmendoza.com.ar\/wp-content\/uploads\/2022\/12\/messi-julian2-600x668.jpg",600,668,true],"ultp_layout_square":["https:\/\/elfederalmendoza.com.ar\/wp-content\/uploads\/2022\/12\/messi-julian2-600x600.jpg",600,600,true],"rpwe-thumbnail":["https:\/\/elfederalmendoza.com.ar\/wp-content\/uploads\/2022\/12\/messi-julian2-45x45.jpg",45,45,true],"advps-thumb-one":["https:\/\/elfederalmendoza.com.ar\/wp-content\/uploads\/2022\/12\/messi-julian2-1113x420.jpg",1113,420,true]},"rttpg_author":{"display_name":"Redacci\u00f3n El Federal","author_link":"https:\/\/elfederalmendoza.com.ar\/index.php\/author\/angelflores\/"},"rttpg_comment":0,"rttpg_category":"<a href=\"https:\/\/elfederalmendoza.com.ar\/index.php\/category\/arg\/\" rel=\"category tag\">Argentina<\/a>","rttpg_excerpt":"El amor por la&nbsp;Selecci\u00f3n Argentina&nbsp;y la alegr\u00eda por un nuevo campeonato llev\u00f3 a los hinchas a hacer locuras como tatuarse, ponerle el nombre de los jugadores a sus hijos, te\u00f1irse como el Dibu Mart\u00ednez, entre otros homenajes. En el caso de&nbsp;Agust\u00edn Mora, de 21 a\u00f1os, decidi\u00f3 modificar su firma para venerar a la Scaloneta El&hellip;","_links":{"self":[{"href":"https:\/\/elfederalmendoza.com.ar\/index.php\/wp-json\/wp\/v2\/posts\/21614","targetHints":{"allow":["GET"]}}],"collection":[{"href":"https:\/\/elfederalmendoza.com.ar\/index.php\/wp-json\/wp\/v2\/posts"}],"about":[{"href":"https:\/\/elfederalmendoza.com.ar\/index.php\/wp-json\/wp\/v2\/types\/post"}],"author":[{"embeddable":true,"href":"https:\/\/elfederalmendoza.com.ar\/index.php\/wp-json\/wp\/v2\/users\/2"}],"replies":[{"embeddable":true,"href":"https:\/\/elfederalmendoza.com.ar\/index.php\/wp-json\/wp\/v2\/comments?post=21614"}],"version-history":[{"count":3,"href":"https:\/\/elfederalmendoza.com.ar\/index.php\/wp-json\/wp\/v2\/posts\/21614\/revisions"}],"predecessor-version":[{"id":21620,"href":"https:\/\/elfederalmendoza.com.ar\/index.php\/wp-json\/wp\/v2\/posts\/21614\/revisions\/21620"}],"wp:featuredmedia":[{"embeddable":true,"href":"https:\/\/elfederalmendoza.com.ar\/index.php\/wp-json\/wp\/v2\/media\/19347"}],"wp:attachment":[{"href":"https:\/\/elfederalmendoza.com.ar\/index.php\/wp-json\/wp\/v2\/media?parent=21614"}],"wp:term":[{"taxonomy":"category","embeddable":true,"href":"https:\/\/elfederalmendoza.com.ar\/index.php\/wp-json\/wp\/v2\/categories?post=21614"},{"taxonomy":"post_tag","embeddable":true,"href":"https:\/\/elfederalmendoza.com.ar\/index.php\/wp-json\/wp\/v2\/tags?post=21614"}],"curies":[{"name":"wp","href":"https:\/\/api.w.org\/{rel}","templated":true}]}}