{"id":21616,"date":"2023-04-01T06:55:00","date_gmt":"2023-04-01T09:55:00","guid":{"rendered":"https:\/\/elfederalmendoza.com\/?p=21616"},"modified":"2023-04-01T11:08:48","modified_gmt":"2023-04-01T14:08:48","slug":"videos-julian-alvarez-marco-en-la-victoria-del-manchester-city-ante-liverpool-la-locura-que-desato-en-haaland-y-guardiola","status":"publish","type":"post","link":"https:\/\/elfederalmendoza.com.ar\/index.php\/2023\/04\/01\/videos-julian-alvarez-marco-en-la-victoria-del-manchester-city-ante-liverpool-la-locura-que-desato-en-haaland-y-guardiola\/","title":{"rendered":"-VIDEOS- Juli\u00e1n \u00c1lvarez marc\u00f3 en la victoria del Manchester City ante Liverpool: la locura que desat\u00f3 en Haaland y Guardiola"},"content":{"rendered":"\n<p><strong>Juli\u00e1n \u00c1lvarez parece ser una garant\u00eda para Pep Guardiola<\/strong>. El delantero de la selecci\u00f3n argentina, tras participar de la gira amistosa para celebrar la obtenci\u00f3n del Mundial de Qatar 2022, aprovech\u00f3 al m\u00e1ximo la titularidad producto de una lesi\u00f3n que arrastra Erling Haaland. El Ara\u00f1a&nbsp;<strong>se despach\u00f3 con un tanto en la victoria por 4 a 1 contra Liverpool<\/strong>&nbsp;en el Etihad Stadium.<\/p>\n\n\n\n<iframe loading=\"lazy\" width=\"640\" height=\"360\" src=\"http:\/\/www.espn.com\/core\/video\/iframe?id=11835679&amp;endcard=false\" allowfullscreen=\"\" frameborder=\"0\"><\/iframe>\n\n\n\n<p>Si bien los dirigidos por el estratega espa\u00f1ol comenzaron abajo en el marcador producto de una buena jugada que factur\u00f3 el egipcio Mohamed Salah, los Ciudadanos reaccionaron r\u00e1pidamente y a los 26 minutos llegaron a la paridad.<strong>&nbsp;El ingl\u00e9s Jack Grealish desbord\u00f3 y encontr\u00f3 solo en el coraz\u00f3n del \u00e1rea al oriundo de Calch\u00edn<\/strong>, quien solamente la tuvo que empujar a la red para vencer la resistencia del brasile\u00f1o Alisson Becker.<\/p>\n\n\n\n<p>Esta conquista desat\u00f3 la euforia del noruego Haaland, quien pese a competir por un puesto con el argentino mantiene una muy buena relaci\u00f3n tanto dentro como fuera del campo de juego. El Androide arrastra una lesi\u00f3n en la ingle desde el partido de cuartos de la FA Cup contra el Burnley (tambi\u00e9n se perdi\u00f3 el juego de su Selecci\u00f3n contra Espa\u00f1a). Tambi\u00e9n explot\u00f3 de alegr\u00eda Guardiola, quien lo celebr\u00f3 arengando los fan\u00e1ticos que se encontraban en la tribuna detr\u00e1s del banco de suplentes. Con este gol, el surgido de la cantera de River Plate lleva 13 tantos (el sexto en la Premier League) y cuatro asistencias en 35 presentaciones (16 juegos como titular).<\/p>\n\n\n\n<iframe loading=\"lazy\" width=\"640\" height=\"360\" src=\"http:\/\/www.espn.com\/core\/video\/iframe?id=11835826&amp;endcard=false\" allowfullscreen=\"\" frameborder=\"0\"><\/iframe>\n\n\n\n<p><strong>Al inicio del complemento \u00c1lvarez volvi\u00f3 a ser protagonista al realizar una excelente apertura para dejar solo a Riyad Mahrez.<\/strong>&nbsp;El argelino desbord\u00f3 y asisti\u00f3 al belga Kevin De Bruyne para que los Ciudadanos pasen al frente en el marcador. El cordob\u00e9s sigui\u00f3 participativo y el tercer tanto de los locales lleg\u00f3 mediante un rebote de un remate suyo que capitaliz\u00f3 \u0130lkay G\u00fcndo\u011fan. Luego Grealish ampli\u00f3 la diferencia.<\/p>\n\n\n\n<p>Con este resultado, Manchester City acumula 64 puntos y queda a cinco de la cima de la Premier League (m\u00e1s tarde Arsenal recibir\u00e1 al Leeds), mientras que Liverpool queda anclado con 42 y pone en riesgo su lugar de clasificaci\u00f3n a la pr\u00f3xima Europa League (con los mismos puntos aparecen el Brighton And Hove y el Brentford, que se enfrentar\u00e1n este s\u00e1bado).<\/p>\n\n\n\n<h2 class=\"wp-block-heading\"><strong>Todos los goles<\/strong><\/h2>\n\n\n\n<iframe loading=\"lazy\" width=\"640\" height=\"360\" src=\"http:\/\/www.espn.com\/core\/video\/iframe?id=11835979&amp;endcard=false\" allowfullscreen=\"\" frameborder=\"0\"><\/iframe>\n","protected":false},"excerpt":{"rendered":"<p>Juli\u00e1n \u00c1lvarez parece ser una garant\u00eda para Pep Guardiola. El delantero de la selecci\u00f3n argentina, tras participar de la gira amistosa para celebrar la obtenci\u00f3n del Mundial de Qatar 2022, aprovech\u00f3 al m\u00e1ximo la titularidad producto de una lesi\u00f3n que arrastra Erling Haaland. El Ara\u00f1a&nbsp;se despach\u00f3 con un tanto en la victoria por 4 a<a class=\"read-more\" href=\"https:\/\/elfederalmendoza.com.ar\/index.php\/2023\/04\/01\/videos-julian-alvarez-marco-en-la-victoria-del-manchester-city-ante-liverpool-la-locura-que-desato-en-haaland-y-guardiola\/\"> [&hellip;]<\/a><\/p>\n","protected":false},"author":2,"featured_media":21623,"comment_status":"open","ping_status":"open","sticky":false,"template":"","format":"standard","meta":{"footnotes":""},"categories":[5620],"tags":[],"class_list":["post-21616","post","type-post","status-publish","format-standard","has-post-thumbnail","hentry","category-deportes"],"rttpg_featured_image_url":{"full":["https:\/\/elfederalmendoza.com.ar\/wp-content\/uploads\/2023\/04\/JULIAN6.jpg",1210,800,false],"landscape":["https:\/\/elfederalmendoza.com.ar\/wp-content\/uploads\/2023\/04\/JULIAN6.jpg",1210,800,false],"portraits":["https:\/\/elfederalmendoza.com.ar\/wp-content\/uploads\/2023\/04\/JULIAN6.jpg",1210,800,false],"thumbnail":["https:\/\/elfederalmendoza.com.ar\/wp-content\/uploads\/2023\/04\/JULIAN6-150x150.jpg",150,150,true],"medium":["https:\/\/elfederalmendoza.com.ar\/wp-content\/uploads\/2023\/04\/JULIAN6-300x198.jpg",300,198,true],"large":["https:\/\/elfederalmendoza.com.ar\/wp-content\/uploads\/2023\/04\/JULIAN6-1024x677.jpg",640,423,true],"1536x1536":["https:\/\/elfederalmendoza.com.ar\/wp-content\/uploads\/2023\/04\/JULIAN6.jpg",1210,800,false],"2048x2048":["https:\/\/elfederalmendoza.com.ar\/wp-content\/uploads\/2023\/04\/JULIAN6.jpg",1210,800,false],"ultp_layout_landscape_large":["https:\/\/elfederalmendoza.com.ar\/wp-content\/uploads\/2023\/04\/JULIAN6-1200x800.jpg",1200,800,true],"ultp_layout_landscape":["https:\/\/elfederalmendoza.com.ar\/wp-content\/uploads\/2023\/04\/JULIAN6-870x570.jpg",870,570,true],"ultp_layout_portrait":["https:\/\/elfederalmendoza.com.ar\/wp-content\/uploads\/2023\/04\/JULIAN6-600x800.jpg",600,800,true],"ultp_layout_square":["https:\/\/elfederalmendoza.com.ar\/wp-content\/uploads\/2023\/04\/JULIAN6-600x600.jpg",600,600,true],"rpwe-thumbnail":["https:\/\/elfederalmendoza.com.ar\/wp-content\/uploads\/2023\/04\/JULIAN6-45x45.jpg",45,45,true],"advps-thumb-one":["https:\/\/elfederalmendoza.com.ar\/wp-content\/uploads\/2023\/04\/JULIAN6-1200x420.jpg",1200,420,true]},"rttpg_author":{"display_name":"Redacci\u00f3n El Federal","author_link":"https:\/\/elfederalmendoza.com.ar\/index.php\/author\/angelflores\/"},"rttpg_comment":0,"rttpg_category":"<a href=\"https:\/\/elfederalmendoza.com.ar\/index.php\/category\/deportes\/\" rel=\"category tag\">Deportes<\/a>","rttpg_excerpt":"Juli\u00e1n \u00c1lvarez parece ser una garant\u00eda para Pep Guardiola. El delantero de la selecci\u00f3n argentina, tras participar de la gira amistosa para celebrar la obtenci\u00f3n del Mundial de Qatar 2022, aprovech\u00f3 al m\u00e1ximo la titularidad producto de una lesi\u00f3n que arrastra Erling Haaland. El Ara\u00f1a&nbsp;se despach\u00f3 con un tanto en la victoria por 4 a&hellip;","_links":{"self":[{"href":"https:\/\/elfederalmendoza.com.ar\/index.php\/wp-json\/wp\/v2\/posts\/21616","targetHints":{"allow":["GET"]}}],"collection":[{"href":"https:\/\/elfederalmendoza.com.ar\/index.php\/wp-json\/wp\/v2\/posts"}],"about":[{"href":"https:\/\/elfederalmendoza.com.ar\/index.php\/wp-json\/wp\/v2\/types\/post"}],"author":[{"embeddable":true,"href":"https:\/\/elfederalmendoza.com.ar\/index.php\/wp-json\/wp\/v2\/users\/2"}],"replies":[{"embeddable":true,"href":"https:\/\/elfederalmendoza.com.ar\/index.php\/wp-json\/wp\/v2\/comments?post=21616"}],"version-history":[{"count":2,"href":"https:\/\/elfederalmendoza.com.ar\/index.php\/wp-json\/wp\/v2\/posts\/21616\/revisions"}],"predecessor-version":[{"id":21624,"href":"https:\/\/elfederalmendoza.com.ar\/index.php\/wp-json\/wp\/v2\/posts\/21616\/revisions\/21624"}],"wp:featuredmedia":[{"embeddable":true,"href":"https:\/\/elfederalmendoza.com.ar\/index.php\/wp-json\/wp\/v2\/media\/21623"}],"wp:attachment":[{"href":"https:\/\/elfederalmendoza.com.ar\/index.php\/wp-json\/wp\/v2\/media?parent=21616"}],"wp:term":[{"taxonomy":"category","embeddable":true,"href":"https:\/\/elfederalmendoza.com.ar\/index.php\/wp-json\/wp\/v2\/categories?post=21616"},{"taxonomy":"post_tag","embeddable":true,"href":"https:\/\/elfederalmendoza.com.ar\/index.php\/wp-json\/wp\/v2\/tags?post=21616"}],"curies":[{"name":"wp","href":"https:\/\/api.w.org\/{rel}","templated":true}]}}