{"id":21645,"date":"2023-04-02T12:59:27","date_gmt":"2023-04-02T15:59:27","guid":{"rendered":"https:\/\/elfederalmendoza.com\/?p=21645"},"modified":"2023-04-02T12:59:31","modified_gmt":"2023-04-02T15:59:31","slug":"presentan-proyecto-para-que-jueces-fiscales-diputados-senadores-y-funcionarios-de-gobierno-se-sometan-a-examenes-para-deteccion-de-drogas-ilegales","status":"publish","type":"post","link":"https:\/\/elfederalmendoza.com.ar\/index.php\/2023\/04\/02\/presentan-proyecto-para-que-jueces-fiscales-diputados-senadores-y-funcionarios-de-gobierno-se-sometan-a-examenes-para-deteccion-de-drogas-ilegales\/","title":{"rendered":"Presentan proyecto para que jueces, fiscales, diputados senadores y funcionarios de gobierno se sometan a ex\u00e1menes para detecci\u00f3n de drogas ilegales"},"content":{"rendered":"\n<p>La\u00a0<strong>senadora<\/strong>\u00a0<strong>nacional<\/strong>\u00a0por la provincia de Buenos Aires\u00a0<strong>Juliana Di Tullio<\/strong>\u00a0present\u00f3 un proyecto de ley de\u00a0<strong>Coherencia de los funcionarios p\u00fablicos\u00a0<\/strong>en el marco de la lucha contra el\u00a0<strong>narcotr\u00e1fico<\/strong>, que ordena un\u00a0<strong>examen antidoping<\/strong>\u00a0a los representantes de los tres poderes del Estado.<\/p>\n\n\n\n<p>La iniciativa establece la&nbsp;<strong>realizaci\u00f3n obligatoria<\/strong>&nbsp;de un examen de detecci\u00f3n de metab\u00f3licos de drogas ilegales en orina al menos una vez al a\u00f1o y de manera aleatoria.<\/p>\n\n\n\n<p>\u00abLa situaci\u00f3n que estamos viviendo con el narcotr\u00e1fico nos obliga como funcionarios a comprometernos en serio.\u00a0<strong>No podemos decir una cosa y hacer otra<\/strong>, el pueblo nos est\u00e1 pidiendo coherencia\u00bb, afirm\u00f3 Di Tullio en un comunicado de prensa.<\/p>\n\n\n\n<p>La iniciativa est\u00e1 encabezada por el presidente del bloque Frente Nacional y Popular, el senador&nbsp;<strong>Jos\u00e9<\/strong>&nbsp;<strong>Mayans<\/strong>; y adem\u00e1s de Di Tullio, lleva las firmas de la senadora mendocina&nbsp;<strong>Anabel<\/strong>&nbsp;<strong>Fern\u00e1ndez<\/strong>&nbsp;<strong>Sagasti<\/strong>&nbsp;y el senador&nbsp;<strong>Oscar<\/strong>&nbsp;<strong>Parrilli<\/strong>.<\/p>\n\n\n\n<figure class=\"wp-block-image is-resized\"><img loading=\"lazy\" decoding=\"async\" src=\"https:\/\/www.mendozapost.com\/files\/image\/432\/432601\/636bfb0948f7f_570_376!.jpg?s=b9f0c71c7101eff63dc53ef369feef8a&amp;d=1668021004\" alt=\"\" width=\"955\" height=\"630\"\/><figcaption class=\"wp-element-caption\">Juliana Di Tullio present\u00f3 el proyecto.<\/figcaption><\/figure>\n\n\n\n<p>El proyecto contempla que el control estar\u00eda a cargo de la&nbsp;<strong>Secretar\u00eda de Pol\u00edticas Integrales sobre Drogas<\/strong>, dependiente de la Jefatura de Gabinete de Ministros y alcanzar\u00eda a los tres poderes del Estado.<\/p>\n\n\n\n<p>Del&nbsp;<strong>Poder<\/strong>&nbsp;<strong>Ejecutivo<\/strong>&nbsp;la aplicaci\u00f3n de la norma abarcar\u00eda desde el presidente y vice a ministros y funcionarios hasta el rango de subsecretario de Estado; del&nbsp;<strong>Poder<\/strong>&nbsp;<strong>Legislativo<\/strong>&nbsp;a todos los legisladores y funcionarios hasta prosecretarios; y del&nbsp;<strong>Poder<\/strong>&nbsp;<strong>Judicial<\/strong>&nbsp;a los magistrados en todos sus niveles y funcionarios hasta el grado de prosecretario administrativo.<\/p>\n\n\n\n<p>El proyecto prev\u00e9 que, ante la detecci\u00f3n de la presencia de una droga ilegal, la autoridad de aplicaci\u00f3n establecer\u00e1 conjuntamente con la m\u00e1xima autoridad de cada uno de los podere<strong>s el proceso de suspensi\u00f3n o licencias hasta su recuperaci\u00f3n<\/strong>, respet\u00e1ndose las garant\u00edas constitucionales del debido proceso.<\/p>\n\n\n\n<figure class=\"wp-block-image is-resized\"><img loading=\"lazy\" decoding=\"async\" src=\"https:\/\/www.mendozapost.com\/files\/image\/470\/470843\/6428c2fbacc75_570_381!.jpg?s=e1f1f1e9d428a215d80656c0f0170497&amp;d=1680392958\" alt=\"\" width=\"950\" height=\"635\"\/><figcaption class=\"wp-element-caption\">Los controles ser\u00edan aleatorios y se realizar\u00edan, al menos, una vez al a\u00f1o.<\/figcaption><\/figure>\n\n\n\n<p>\u00abEste proyecto es\u00a0<strong>un compromiso de coherencia para decirle basta a la hipocres\u00eda<\/strong>. Los funcionarios no pueden legislar penas m\u00e1s duras o hacer persecuci\u00f3n de consumo, tenencia o narcomenudeo a los mismos que les compran\u00bb, afirm\u00f3\u00a0<strong>Di<\/strong>\u00a0<strong>Tullio<\/strong>\u00a0en declaraciones a la agencia de noticias T\u00e9lam.<\/p>\n\n\n\n<p>La senadora sostuvo que\u00a0<strong>\u00abno pod\u00e9s ser juez o fiscal consumidor mientras est\u00e1s juzgando alguno de los delitos que comprenden el narcotr\u00e1fico\u00bb<\/strong>. \u00abMientras sos funcionario o funcionaria p\u00fablica, no consumas\u00bb, enfatiz\u00f3.<\/p>\n","protected":false},"excerpt":{"rendered":"<p>La\u00a0senadora\u00a0nacional\u00a0por la provincia de Buenos Aires\u00a0Juliana Di Tullio\u00a0present\u00f3 un proyecto de ley de\u00a0Coherencia de los funcionarios p\u00fablicos\u00a0en el marco de la lucha contra el\u00a0narcotr\u00e1fico, que ordena un\u00a0examen antidoping\u00a0a los representantes de los tres poderes del Estado. La iniciativa establece la&nbsp;realizaci\u00f3n obligatoria&nbsp;de un examen de detecci\u00f3n de metab\u00f3licos de drogas ilegales en orina al menos una<a class=\"read-more\" href=\"https:\/\/elfederalmendoza.com.ar\/index.php\/2023\/04\/02\/presentan-proyecto-para-que-jueces-fiscales-diputados-senadores-y-funcionarios-de-gobierno-se-sometan-a-examenes-para-deteccion-de-drogas-ilegales\/\"> [&hellip;]<\/a><\/p>\n","protected":false},"author":2,"featured_media":21646,"comment_status":"open","ping_status":"open","sticky":false,"template":"","format":"standard","meta":{"footnotes":""},"categories":[5618],"tags":[],"class_list":["post-21645","post","type-post","status-publish","format-standard","has-post-thumbnail","hentry","category-arg"],"rttpg_featured_image_url":{"full":["https:\/\/elfederalmendoza.com.ar\/wp-content\/uploads\/2023\/04\/di-tullio1.jpg",1015,571,false],"landscape":["https:\/\/elfederalmendoza.com.ar\/wp-content\/uploads\/2023\/04\/di-tullio1.jpg",1015,571,false],"portraits":["https:\/\/elfederalmendoza.com.ar\/wp-content\/uploads\/2023\/04\/di-tullio1.jpg",1015,571,false],"thumbnail":["https:\/\/elfederalmendoza.com.ar\/wp-content\/uploads\/2023\/04\/di-tullio1-150x150.jpg",150,150,true],"medium":["https:\/\/elfederalmendoza.com.ar\/wp-content\/uploads\/2023\/04\/di-tullio1-300x169.jpg",300,169,true],"large":["https:\/\/elfederalmendoza.com.ar\/wp-content\/uploads\/2023\/04\/di-tullio1.jpg",640,360,false],"1536x1536":["https:\/\/elfederalmendoza.com.ar\/wp-content\/uploads\/2023\/04\/di-tullio1.jpg",1015,571,false],"2048x2048":["https:\/\/elfederalmendoza.com.ar\/wp-content\/uploads\/2023\/04\/di-tullio1.jpg",1015,571,false],"ultp_layout_landscape_large":["https:\/\/elfederalmendoza.com.ar\/wp-content\/uploads\/2023\/04\/di-tullio1.jpg",1015,571,false],"ultp_layout_landscape":["https:\/\/elfederalmendoza.com.ar\/wp-content\/uploads\/2023\/04\/di-tullio1-870x570.jpg",870,570,true],"ultp_layout_portrait":["https:\/\/elfederalmendoza.com.ar\/wp-content\/uploads\/2023\/04\/di-tullio1-600x571.jpg",600,571,true],"ultp_layout_square":["https:\/\/elfederalmendoza.com.ar\/wp-content\/uploads\/2023\/04\/di-tullio1-600x571.jpg",600,571,true],"rpwe-thumbnail":["https:\/\/elfederalmendoza.com.ar\/wp-content\/uploads\/2023\/04\/di-tullio1-45x45.jpg",45,45,true],"advps-thumb-one":["https:\/\/elfederalmendoza.com.ar\/wp-content\/uploads\/2023\/04\/di-tullio1-1015x420.jpg",1015,420,true]},"rttpg_author":{"display_name":"Redacci\u00f3n El Federal","author_link":"https:\/\/elfederalmendoza.com.ar\/index.php\/author\/angelflores\/"},"rttpg_comment":0,"rttpg_category":"<a href=\"https:\/\/elfederalmendoza.com.ar\/index.php\/category\/arg\/\" rel=\"category tag\">Argentina<\/a>","rttpg_excerpt":"La\u00a0senadora\u00a0nacional\u00a0por la provincia de Buenos Aires\u00a0Juliana Di Tullio\u00a0present\u00f3 un proyecto de ley de\u00a0Coherencia de los funcionarios p\u00fablicos\u00a0en el marco de la lucha contra el\u00a0narcotr\u00e1fico, que ordena un\u00a0examen antidoping\u00a0a los representantes de los tres poderes del Estado. La iniciativa establece la&nbsp;realizaci\u00f3n obligatoria&nbsp;de un examen de detecci\u00f3n de metab\u00f3licos de drogas ilegales en orina al menos una&hellip;","_links":{"self":[{"href":"https:\/\/elfederalmendoza.com.ar\/index.php\/wp-json\/wp\/v2\/posts\/21645","targetHints":{"allow":["GET"]}}],"collection":[{"href":"https:\/\/elfederalmendoza.com.ar\/index.php\/wp-json\/wp\/v2\/posts"}],"about":[{"href":"https:\/\/elfederalmendoza.com.ar\/index.php\/wp-json\/wp\/v2\/types\/post"}],"author":[{"embeddable":true,"href":"https:\/\/elfederalmendoza.com.ar\/index.php\/wp-json\/wp\/v2\/users\/2"}],"replies":[{"embeddable":true,"href":"https:\/\/elfederalmendoza.com.ar\/index.php\/wp-json\/wp\/v2\/comments?post=21645"}],"version-history":[{"count":1,"href":"https:\/\/elfederalmendoza.com.ar\/index.php\/wp-json\/wp\/v2\/posts\/21645\/revisions"}],"predecessor-version":[{"id":21647,"href":"https:\/\/elfederalmendoza.com.ar\/index.php\/wp-json\/wp\/v2\/posts\/21645\/revisions\/21647"}],"wp:featuredmedia":[{"embeddable":true,"href":"https:\/\/elfederalmendoza.com.ar\/index.php\/wp-json\/wp\/v2\/media\/21646"}],"wp:attachment":[{"href":"https:\/\/elfederalmendoza.com.ar\/index.php\/wp-json\/wp\/v2\/media?parent=21645"}],"wp:term":[{"taxonomy":"category","embeddable":true,"href":"https:\/\/elfederalmendoza.com.ar\/index.php\/wp-json\/wp\/v2\/categories?post=21645"},{"taxonomy":"post_tag","embeddable":true,"href":"https:\/\/elfederalmendoza.com.ar\/index.php\/wp-json\/wp\/v2\/tags?post=21645"}],"curies":[{"name":"wp","href":"https:\/\/api.w.org\/{rel}","templated":true}]}}