{"id":21663,"date":"2023-04-03T12:13:29","date_gmt":"2023-04-03T15:13:29","guid":{"rendered":"https:\/\/elfederalmendoza.com\/?p=21663"},"modified":"2023-04-03T12:13:30","modified_gmt":"2023-04-03T15:13:30","slug":"video-sergio-berni-fue-agredido-con-golpes-y-piedrazos-por-companeros-del-colectivero-asesinado","status":"publish","type":"post","link":"https:\/\/elfederalmendoza.com.ar\/index.php\/2023\/04\/03\/video-sergio-berni-fue-agredido-con-golpes-y-piedrazos-por-companeros-del-colectivero-asesinado\/","title":{"rendered":"-VIDEO- Sergio Berni fue agredido con golpes y piedrazos por compa\u00f1eros del colectivero asesinado"},"content":{"rendered":"\n<p>El ministro de Seguridad fue golpeado por otros choferes al llegar a un piquete que realizaban colectiveros y amigos de <strong>Daniel Barrientos, el conductor asesinado esta madrugada por delincuentes<\/strong>.<\/p>\n\n\n\n<p>En un hecho casi sin antecedentes, el ministro de Seguridad de la provincia de Buenos Aires,<strong>\u00a0Sergio Berni, fue agredido este mediod\u00eda en un piquete que realizaban compa\u00f1eros del colectivero asesinado esta madrugada<\/strong>. La agresi\u00f3n, que incluy\u00f3\u00a0<strong>golpes de pu\u00f1o, patadas y piedrazos<\/strong>, se registr\u00f3 en la intersecci\u00f3n de General Paz y Ruta 5, minutos despu\u00e9s de que el funcionario llegara al lugar.<\/p>\n\n\n\n<figure class=\"wp-block-video\"><video controls src=\"https:\/\/elfederalmendoza.com\/wp-content\/uploads\/2023\/04\/338787902_931924554796467_3264100223573933842_n.mp4\"><\/video><figcaption class=\"wp-element-caption\">Video gentileza Cadena 3<\/figcaption><\/figure>\n\n\n\n<p>Berni termin\u00f3 con heridas importantes en su rostro e incluso hubo momentos en los que parec\u00eda que pod\u00eda mantener el equilibrio.<\/p>\n\n\n\n<p>Personal de la Polic\u00eda de la Ciudad de Buenos Aires realiz\u00f3 un cord\u00f3n contra un pared\u00f3n para proteger al ministro mientras se eval\u00faan distintas alternativas para evacuarlo.<\/p>\n\n\n\n<p>Los compa\u00f1eros de Daniel Barrientos, el coletivero de la l\u00ednea 620 asesinado esta ma\u00f1ana, contin\u00faan insultando al funcionario bonaerense. Tambi\u00e9n vuelan piedras y distintos objetos contra la integridad del ministro.<\/p>\n\n\n\n<p>\u201cEs l\u00f3gico esto, hay un compa\u00f1ero muerto, \u00bfpor qu\u00e9 no vinieron antes?\u201d, asegur\u00f3 uno de los voceros de la protesta casi cara a cara con Berni.<\/p>\n\n\n\n<p>\u201cEstoy ac\u00e1 porque entiendo el problema por el que est\u00e1n pasando. No hay nadie que venga ac\u00e1. Yo estoy ac\u00e1 y pongo la cara, pero necesito hablar con ellos. Yo no salgo corriendo como todos los dem\u00e1s, de ac\u00e1 no me muevo hasta que hable con ellos\u201d, asegur\u00f3 Berni luego de recomponerse de los golpes.<\/p>\n","protected":false},"excerpt":{"rendered":"<p>El ministro de Seguridad fue golpeado por otros choferes al llegar a un piquete que realizaban colectiveros y amigos de Daniel Barrientos, el conductor asesinado esta madrugada por delincuentes. En un hecho casi sin antecedentes, el ministro de Seguridad de la provincia de Buenos Aires,\u00a0Sergio Berni, fue agredido este mediod\u00eda en un piquete que realizaban<a class=\"read-more\" href=\"https:\/\/elfederalmendoza.com.ar\/index.php\/2023\/04\/03\/video-sergio-berni-fue-agredido-con-golpes-y-piedrazos-por-companeros-del-colectivero-asesinado\/\"> [&hellip;]<\/a><\/p>\n","protected":false},"author":2,"featured_media":21664,"comment_status":"open","ping_status":"open","sticky":false,"template":"","format":"standard","meta":{"footnotes":""},"categories":[5618],"tags":[],"class_list":["post-21663","post","type-post","status-publish","format-standard","has-post-thumbnail","hentry","category-arg"],"rttpg_featured_image_url":{"full":["https:\/\/elfederalmendoza.com.ar\/wp-content\/uploads\/2023\/04\/berni-agredido.jpg",680,510,false],"landscape":["https:\/\/elfederalmendoza.com.ar\/wp-content\/uploads\/2023\/04\/berni-agredido.jpg",680,510,false],"portraits":["https:\/\/elfederalmendoza.com.ar\/wp-content\/uploads\/2023\/04\/berni-agredido.jpg",680,510,false],"thumbnail":["https:\/\/elfederalmendoza.com.ar\/wp-content\/uploads\/2023\/04\/berni-agredido-150x150.jpg",150,150,true],"medium":["https:\/\/elfederalmendoza.com.ar\/wp-content\/uploads\/2023\/04\/berni-agredido-300x225.jpg",300,225,true],"large":["https:\/\/elfederalmendoza.com.ar\/wp-content\/uploads\/2023\/04\/berni-agredido.jpg",640,480,false],"1536x1536":["https:\/\/elfederalmendoza.com.ar\/wp-content\/uploads\/2023\/04\/berni-agredido.jpg",680,510,false],"2048x2048":["https:\/\/elfederalmendoza.com.ar\/wp-content\/uploads\/2023\/04\/berni-agredido.jpg",680,510,false],"ultp_layout_landscape_large":["https:\/\/elfederalmendoza.com.ar\/wp-content\/uploads\/2023\/04\/berni-agredido.jpg",680,510,false],"ultp_layout_landscape":["https:\/\/elfederalmendoza.com.ar\/wp-content\/uploads\/2023\/04\/berni-agredido.jpg",680,510,false],"ultp_layout_portrait":["https:\/\/elfederalmendoza.com.ar\/wp-content\/uploads\/2023\/04\/berni-agredido-600x510.jpg",600,510,true],"ultp_layout_square":["https:\/\/elfederalmendoza.com.ar\/wp-content\/uploads\/2023\/04\/berni-agredido-600x510.jpg",600,510,true],"rpwe-thumbnail":["https:\/\/elfederalmendoza.com.ar\/wp-content\/uploads\/2023\/04\/berni-agredido-45x45.jpg",45,45,true],"advps-thumb-one":["https:\/\/elfederalmendoza.com.ar\/wp-content\/uploads\/2023\/04\/berni-agredido-680x420.jpg",680,420,true]},"rttpg_author":{"display_name":"Redacci\u00f3n El Federal","author_link":"https:\/\/elfederalmendoza.com.ar\/index.php\/author\/angelflores\/"},"rttpg_comment":0,"rttpg_category":"<a href=\"https:\/\/elfederalmendoza.com.ar\/index.php\/category\/arg\/\" rel=\"category tag\">Argentina<\/a>","rttpg_excerpt":"El ministro de Seguridad fue golpeado por otros choferes al llegar a un piquete que realizaban colectiveros y amigos de Daniel Barrientos, el conductor asesinado esta madrugada por delincuentes. En un hecho casi sin antecedentes, el ministro de Seguridad de la provincia de Buenos Aires,\u00a0Sergio Berni, fue agredido este mediod\u00eda en un piquete que realizaban&hellip;","_links":{"self":[{"href":"https:\/\/elfederalmendoza.com.ar\/index.php\/wp-json\/wp\/v2\/posts\/21663","targetHints":{"allow":["GET"]}}],"collection":[{"href":"https:\/\/elfederalmendoza.com.ar\/index.php\/wp-json\/wp\/v2\/posts"}],"about":[{"href":"https:\/\/elfederalmendoza.com.ar\/index.php\/wp-json\/wp\/v2\/types\/post"}],"author":[{"embeddable":true,"href":"https:\/\/elfederalmendoza.com.ar\/index.php\/wp-json\/wp\/v2\/users\/2"}],"replies":[{"embeddable":true,"href":"https:\/\/elfederalmendoza.com.ar\/index.php\/wp-json\/wp\/v2\/comments?post=21663"}],"version-history":[{"count":2,"href":"https:\/\/elfederalmendoza.com.ar\/index.php\/wp-json\/wp\/v2\/posts\/21663\/revisions"}],"predecessor-version":[{"id":21667,"href":"https:\/\/elfederalmendoza.com.ar\/index.php\/wp-json\/wp\/v2\/posts\/21663\/revisions\/21667"}],"wp:featuredmedia":[{"embeddable":true,"href":"https:\/\/elfederalmendoza.com.ar\/index.php\/wp-json\/wp\/v2\/media\/21664"}],"wp:attachment":[{"href":"https:\/\/elfederalmendoza.com.ar\/index.php\/wp-json\/wp\/v2\/media?parent=21663"}],"wp:term":[{"taxonomy":"category","embeddable":true,"href":"https:\/\/elfederalmendoza.com.ar\/index.php\/wp-json\/wp\/v2\/categories?post=21663"},{"taxonomy":"post_tag","embeddable":true,"href":"https:\/\/elfederalmendoza.com.ar\/index.php\/wp-json\/wp\/v2\/tags?post=21663"}],"curies":[{"name":"wp","href":"https:\/\/api.w.org\/{rel}","templated":true}]}}