{"id":21695,"date":"2023-04-04T12:35:03","date_gmt":"2023-04-04T15:35:03","guid":{"rendered":"https:\/\/elfederalmendoza.com\/?p=21695"},"modified":"2023-04-04T12:35:05","modified_gmt":"2023-04-04T15:35:05","slug":"el-70-de-los-jovenes-argentinos-se-iria-del-pais-segun-una-encuesta-realizada-por-la-uba","status":"publish","type":"post","link":"https:\/\/elfederalmendoza.com.ar\/index.php\/2023\/04\/04\/el-70-de-los-jovenes-argentinos-se-iria-del-pais-segun-una-encuesta-realizada-por-la-uba\/","title":{"rendered":"El 70% de los j\u00f3venes argentinos se ir\u00eda del pa\u00eds seg\u00fan una encuesta realizada por la UBA"},"content":{"rendered":"\n<p>El&nbsp;<strong>Observatorio de Psicolog\u00eda Social Aplicada (OPSA) de la Facultad de Psicolog\u00eda de la UBA<\/strong>&nbsp;realiz\u00f3 una nueva encuesta en los principales centros urbanos del pa\u00eds con la inseguridad como eje. De los resultados del trabajo se desprenden varias conclusiones, entre ellas un dato alarmante: el alto porcentaje de personas que se ir\u00eda a vivir a otro pa\u00eds si tuviera la posibilidad de hacerlo.<\/p>\n\n\n\n<p>Cinco<strong>&nbsp;de cada 10 residentes<\/strong>&nbsp;de los principales centros urbanos manifiesta que si tuviera la posibilidad emigrar\u00eda del pa\u00eds. La mayor\u00eda de ellos fundamenta su intenci\u00f3n en la creencia de que la Argentina \u201cno podr\u00e1 salir por muchos a\u00f1os de su decadencia\u201d. El porcentaje aumenta entre los j\u00f3venes de 18 a 29 a\u00f1os:&nbsp;<strong>el 70% de los encuestados respondieron que se ir\u00edan a vivir al exterior.<\/strong><\/p>\n\n\n\n<p>\u201c<strong>Las conclusiones que nosotros sacamos son bastante tristes<\/strong>&nbsp;en relaci\u00f3n a la Argentina. Y lo que te brinda el pa\u00eds como proyecto de vida y como futuro. Los j\u00f3venes, muy especialmente, y lo vemos tambi\u00e9n en otros estudios que hacemos sobre otras tem\u00e1ticas,&nbsp;<strong>son los que est\u00e1n m\u00e1s desilusionados, m\u00e1s desesperanzados<\/strong>\u201d, explic\u00f3, en di\u00e1logo con&nbsp;<strong>Infobae<\/strong>, el Director del Observatorio de Psicolog\u00eda Social Aplicada (OPSA),&nbsp;<strong>Gustavo Gonz\u00e1lez<\/strong>.<\/p>\n\n\n\n<p>Y agreg\u00f3: \u201cSon los que&nbsp;<strong>no ven la luz al final del t\u00fanel<\/strong>, son los que sienten que<strong>&nbsp;no tienen futuro&nbsp;<\/strong>y por lo tanto esta actitud vinculada con la inmigraci\u00f3n, es el reflejo de esta situaci\u00f3n de falta de oportunidades que le brinda el pa\u00eds\u201d.<\/p>\n\n\n\n<p><img loading=\"lazy\" decoding=\"async\" height=\"1600\" width=\"686\" srcset=\"https:\/\/www.infobae.com\/new-resizer\/OA5YuytoL-0pEqH5gHHujV22EEI=\/420x747\/filters:format(webp):quality(85)\/cloudfront-us-east-1.images.arcpublishing.com\/infobae\/KVZTIPZYWBDGJMERQJU4WRGG7Y.jpeg 420w,https:\/\/www.infobae.com\/new-resizer\/RkOnqBuGQeBxmTSGiVCDBwfi_T0=\/768x1365\/filters:format(webp):quality(85)\/cloudfront-us-east-1.images.arcpublishing.com\/infobae\/KVZTIPZYWBDGJMERQJU4WRGG7Y.jpeg 768w,https:\/\/www.infobae.com\/new-resizer\/YcTK62h-YXlWC2zhRMJjEvq2CMQ=\/992x1764\/filters:format(webp):quality(85)\/cloudfront-us-east-1.images.arcpublishing.com\/infobae\/KVZTIPZYWBDGJMERQJU4WRGG7Y.jpeg 992w,https:\/\/www.infobae.com\/new-resizer\/CuZarP-inyqixyHXNIfZPiPhkjo=\/1200x2133\/filters:format(webp):quality(85)\/cloudfront-us-east-1.images.arcpublishing.com\/infobae\/KVZTIPZYWBDGJMERQJU4WRGG7Y.jpeg 1200w\" class=\"\" src=\"https:\/\/cloudfront-us-east-1.images.arcpublishing.com\/infobae\/KVZTIPZYWBDGJMERQJU4WRGG7Y.jpeg\" alt=\"M\u00e1s all\u00e1 de los j\u00f3venes, 5 de cada 10 argentinos considera una buena opci\u00f3n irse del pa\u00eds\"><\/p>\n\n\n\n<p>M\u00e1s all\u00e1 de los j\u00f3venes, 5 de cada 10 argentinos considera una buena opci\u00f3n irse del pa\u00eds<\/p>\n\n\n\n<p>El informe publicado por OPSA, que se basa en el testimonio de 2.072 personas mayores de 18 a\u00f1os, se realiz\u00f3 en el<strong>&nbsp;\u00c1rea Metropolitana de Buenos Aires, La Plata, Mar del Plata, Gran C\u00f3rdoba, Gran Rosario y Gran Tucum\u00e1n<\/strong>.<\/p>\n\n\n\n<h2 class=\"wp-block-heading\">Los problemas del pa\u00eds y la preocupaci\u00f3n por la inseguridad<\/h2>\n\n\n\n<p>Adem\u00e1s de las \u201cactitudes frente a la emigraci\u00f3n\u201d, los temas que sobresalen de la publicaci\u00f3n son las \u201cpercepciones de problemas del pa\u00eds\u201d y la \u201catribuci\u00f3n de causas de la inseguridad\u201d.<\/p>\n\n\n\n<p>En principio, los tres problemas principales que se recortan son:&nbsp;<strong>Inflaci\u00f3n&nbsp;<\/strong>(8,4 de cada 10 encuestados la eligi\u00f3),&nbsp;<strong>Inseguridad-Delincuencia<\/strong>&nbsp;(7 de cada 10) y&nbsp;<strong>Corrupci\u00f3n&nbsp;<\/strong>(6,5 de cada 10). \u201cEspont\u00e1neamente, las palabras que aparecen con mayor frecuencia para describir el principal problema que tiene hoy la Argentina est\u00e1n asociadas preferentemente a dos \u00e1mbitos:&nbsp;<strong>Socioecon\u00f3mico y Pol\u00edtico<\/strong>\u201d, aseguran en el informe.<\/p>\n\n\n\n<p><img loading=\"lazy\" decoding=\"async\" alt=\"Inflaci\u00f3n, Inseguridad y Corrupci\u00f3n son los tres principales problemas del pa\u00eds para los argentinos\" height=\"1600\" width=\"1071\" class=\"\" src=\"https:\/\/cloudfront-us-east-1.images.arcpublishing.com\/infobae\/N3CZY4EV4VHYHHILJILN73M4HY.jpeg\" srcset=\"https:\/\/www.infobae.com\/new-resizer\/OHzBwmIuezm4jHynEK-PwFpbadE=\/420x630\/filters:format(webp):quality(85)\/cloudfront-us-east-1.images.arcpublishing.com\/infobae\/N3CZY4EV4VHYHHILJILN73M4HY.jpeg 420w,https:\/\/www.infobae.com\/new-resizer\/RdMVJDSiVWasvf-ZbsgCIbEICq4=\/768x1152\/filters:format(webp):quality(85)\/cloudfront-us-east-1.images.arcpublishing.com\/infobae\/N3CZY4EV4VHYHHILJILN73M4HY.jpeg 768w,https:\/\/www.infobae.com\/new-resizer\/ul9djvCOszoBJvC8byoPNjVWSBg=\/992x1488\/filters:format(webp):quality(85)\/cloudfront-us-east-1.images.arcpublishing.com\/infobae\/N3CZY4EV4VHYHHILJILN73M4HY.jpeg 992w,https:\/\/www.infobae.com\/new-resizer\/7WlHSTcZpcTxcLyGPsArIV7JljE=\/1200x1800\/filters:format(webp):quality(85)\/cloudfront-us-east-1.images.arcpublishing.com\/infobae\/N3CZY4EV4VHYHHILJILN73M4HY.jpeg 1200w\">Inflaci\u00f3n, Inseguridad y Corrupci\u00f3n son los tres principales problemas del pa\u00eds para los argentinos<\/p>\n\n\n\n<p>Sobre este tema,&nbsp;<strong>Gonz\u00e1lez<\/strong>&nbsp;asegur\u00f3 que \u201ccada vez se consolida m\u00e1s la percepci\u00f3n que tiene el ciudadano de los<strong>&nbsp;principales problemas del pa\u00eds<\/strong>. Ning\u00fan gobierno le encuentra soluci\u00f3n, y c\u00edclicamente van apareciendo&nbsp;<strong>crisis extremas vinculadas justamente con estas tem\u00e1ticas<\/strong>\u201d.<\/p>\n\n\n\n<p>\u201cEste tr\u00edpode de problemas hace que el ciudadano, el hombre de a pie como le decimos nosotros,&nbsp;<strong>est\u00e9 con una sensaci\u00f3n de hartazgo<\/strong>\u201d, asegur\u00f3 el profesional.<\/p>\n\n\n\n<p>No obstante, el eje del informe entregado por la UBA estuvo en la inseguridad. Y la impotencia, la preocupaci\u00f3n permanente, bronca y miedo fueron los&nbsp;<strong>principales sentimientos que genera la inseguridad<\/strong>, seg\u00fan los encuestados. De hecho, 8 de cada 10 personas perciben este flagelo de la sociedad entre \u201cmuy grave y extremadamente grave\u201d.<\/p>\n\n\n\n<p><img loading=\"lazy\" decoding=\"async\" alt=\"Impotencia es el principal sentimiento de los argentinos ante los reiterados hechos de inseguridad, seg\u00fan el informe de la Facultad de Psicolog\u00eda de la UBA\" height=\"1600\" width=\"1071\" class=\"\" src=\"https:\/\/cloudfront-us-east-1.images.arcpublishing.com\/infobae\/LKPA7C6T4VFP5AR7UYSCIAC4QE.jpeg\" srcset=\"https:\/\/www.infobae.com\/new-resizer\/fY4N7yOYexxv0P5kzriJsqx_xVU=\/420x630\/filters:format(webp):quality(85)\/cloudfront-us-east-1.images.arcpublishing.com\/infobae\/LKPA7C6T4VFP5AR7UYSCIAC4QE.jpeg 420w,https:\/\/www.infobae.com\/new-resizer\/RVPwh-6SE3o_FpRGxhaG76m32rc=\/768x1152\/filters:format(webp):quality(85)\/cloudfront-us-east-1.images.arcpublishing.com\/infobae\/LKPA7C6T4VFP5AR7UYSCIAC4QE.jpeg 768w,https:\/\/www.infobae.com\/new-resizer\/tKxlEsH3K9ikn_i1Fff2X_xzXkA=\/992x1488\/filters:format(webp):quality(85)\/cloudfront-us-east-1.images.arcpublishing.com\/infobae\/LKPA7C6T4VFP5AR7UYSCIAC4QE.jpeg 992w,https:\/\/www.infobae.com\/new-resizer\/pcMubWk-VJmaovd-2ZBhWJHacK0=\/1200x1800\/filters:format(webp):quality(85)\/cloudfront-us-east-1.images.arcpublishing.com\/infobae\/LKPA7C6T4VFP5AR7UYSCIAC4QE.jpeg 1200w\">Impotencia es el principal sentimiento de los argentinos ante los reiterados hechos de inseguridad, seg\u00fan el informe de la Facultad de Psicolog\u00eda de la UBA<\/p>\n\n\n\n<p>\u201cLos que est\u00e1n siendo v\u00edctima de inseguridad, sienten primordialmente que ellos no pueden hacer nada\u201d, asegur\u00f3 Gustavo Gonz\u00e1lez. Y agreg\u00f3: \u201cTodo<strong>&nbsp;este conjunto de emociones negativas es altamente estresante<\/strong>, podr\u00edamos aventurarnos a decir que tiene un valor de estr\u00e9s postraum\u00e1tico\u201d.<\/p>\n\n\n\n<p>Dentro de los datos llamativos, por su aparici\u00f3n con fuerza en este nuevo informe de OPSA, al tope de las principales causas de la\u00a0<strong>inseguridad<\/strong>\u00a0aparecen: la corrupci\u00f3n policial, los jueces garantistas y el problema del narcotr\u00e1fico. \u201c<strong>La corrupci\u00f3n policial y el narcotr\u00e1fico ascendi\u00f3 en la escala de causas respecto de los informes anteriores<\/strong>. B\u00e1sicamente lo que estaba muy arriba antes eran jueces garantistas y excesivo beneficios para los delincuentes\u201d, confirm\u00f3 el Director de OPSA.<\/p>\n\n\n\n<p>Infobae<\/p>\n","protected":false},"excerpt":{"rendered":"<p>El&nbsp;Observatorio de Psicolog\u00eda Social Aplicada (OPSA) de la Facultad de Psicolog\u00eda de la UBA&nbsp;realiz\u00f3 una nueva encuesta en los principales centros urbanos del pa\u00eds con la inseguridad como eje. De los resultados del trabajo se desprenden varias conclusiones, entre ellas un dato alarmante: el alto porcentaje de personas que se ir\u00eda a vivir a otro<a class=\"read-more\" href=\"https:\/\/elfederalmendoza.com.ar\/index.php\/2023\/04\/04\/el-70-de-los-jovenes-argentinos-se-iria-del-pais-segun-una-encuesta-realizada-por-la-uba\/\"> [&hellip;]<\/a><\/p>\n","protected":false},"author":2,"featured_media":21696,"comment_status":"open","ping_status":"open","sticky":false,"template":"","format":"standard","meta":{"footnotes":""},"categories":[5618],"tags":[],"class_list":["post-21695","post","type-post","status-publish","format-standard","has-post-thumbnail","hentry","category-arg"],"rttpg_featured_image_url":{"full":["https:\/\/elfederalmendoza.com.ar\/wp-content\/uploads\/2023\/04\/se-van.jpg",1015,567,false],"landscape":["https:\/\/elfederalmendoza.com.ar\/wp-content\/uploads\/2023\/04\/se-van.jpg",1015,567,false],"portraits":["https:\/\/elfederalmendoza.com.ar\/wp-content\/uploads\/2023\/04\/se-van.jpg",1015,567,false],"thumbnail":["https:\/\/elfederalmendoza.com.ar\/wp-content\/uploads\/2023\/04\/se-van-150x150.jpg",150,150,true],"medium":["https:\/\/elfederalmendoza.com.ar\/wp-content\/uploads\/2023\/04\/se-van-300x168.jpg",300,168,true],"large":["https:\/\/elfederalmendoza.com.ar\/wp-content\/uploads\/2023\/04\/se-van.jpg",640,358,false],"1536x1536":["https:\/\/elfederalmendoza.com.ar\/wp-content\/uploads\/2023\/04\/se-van.jpg",1015,567,false],"2048x2048":["https:\/\/elfederalmendoza.com.ar\/wp-content\/uploads\/2023\/04\/se-van.jpg",1015,567,false],"ultp_layout_landscape_large":["https:\/\/elfederalmendoza.com.ar\/wp-content\/uploads\/2023\/04\/se-van.jpg",1015,567,false],"ultp_layout_landscape":["https:\/\/elfederalmendoza.com.ar\/wp-content\/uploads\/2023\/04\/se-van-870x567.jpg",870,567,true],"ultp_layout_portrait":["https:\/\/elfederalmendoza.com.ar\/wp-content\/uploads\/2023\/04\/se-van-600x567.jpg",600,567,true],"ultp_layout_square":["https:\/\/elfederalmendoza.com.ar\/wp-content\/uploads\/2023\/04\/se-van-600x567.jpg",600,567,true],"rpwe-thumbnail":["https:\/\/elfederalmendoza.com.ar\/wp-content\/uploads\/2023\/04\/se-van-45x45.jpg",45,45,true],"advps-thumb-one":["https:\/\/elfederalmendoza.com.ar\/wp-content\/uploads\/2023\/04\/se-van-1015x420.jpg",1015,420,true]},"rttpg_author":{"display_name":"Redacci\u00f3n El Federal","author_link":"https:\/\/elfederalmendoza.com.ar\/index.php\/author\/angelflores\/"},"rttpg_comment":0,"rttpg_category":"<a href=\"https:\/\/elfederalmendoza.com.ar\/index.php\/category\/arg\/\" rel=\"category tag\">Argentina<\/a>","rttpg_excerpt":"El&nbsp;Observatorio de Psicolog\u00eda Social Aplicada (OPSA) de la Facultad de Psicolog\u00eda de la UBA&nbsp;realiz\u00f3 una nueva encuesta en los principales centros urbanos del pa\u00eds con la inseguridad como eje. De los resultados del trabajo se desprenden varias conclusiones, entre ellas un dato alarmante: el alto porcentaje de personas que se ir\u00eda a vivir a otro&hellip;","_links":{"self":[{"href":"https:\/\/elfederalmendoza.com.ar\/index.php\/wp-json\/wp\/v2\/posts\/21695","targetHints":{"allow":["GET"]}}],"collection":[{"href":"https:\/\/elfederalmendoza.com.ar\/index.php\/wp-json\/wp\/v2\/posts"}],"about":[{"href":"https:\/\/elfederalmendoza.com.ar\/index.php\/wp-json\/wp\/v2\/types\/post"}],"author":[{"embeddable":true,"href":"https:\/\/elfederalmendoza.com.ar\/index.php\/wp-json\/wp\/v2\/users\/2"}],"replies":[{"embeddable":true,"href":"https:\/\/elfederalmendoza.com.ar\/index.php\/wp-json\/wp\/v2\/comments?post=21695"}],"version-history":[{"count":1,"href":"https:\/\/elfederalmendoza.com.ar\/index.php\/wp-json\/wp\/v2\/posts\/21695\/revisions"}],"predecessor-version":[{"id":21697,"href":"https:\/\/elfederalmendoza.com.ar\/index.php\/wp-json\/wp\/v2\/posts\/21695\/revisions\/21697"}],"wp:featuredmedia":[{"embeddable":true,"href":"https:\/\/elfederalmendoza.com.ar\/index.php\/wp-json\/wp\/v2\/media\/21696"}],"wp:attachment":[{"href":"https:\/\/elfederalmendoza.com.ar\/index.php\/wp-json\/wp\/v2\/media?parent=21695"}],"wp:term":[{"taxonomy":"category","embeddable":true,"href":"https:\/\/elfederalmendoza.com.ar\/index.php\/wp-json\/wp\/v2\/categories?post=21695"},{"taxonomy":"post_tag","embeddable":true,"href":"https:\/\/elfederalmendoza.com.ar\/index.php\/wp-json\/wp\/v2\/tags?post=21695"}],"curies":[{"name":"wp","href":"https:\/\/api.w.org\/{rel}","templated":true}]}}