{"id":21706,"date":"2023-04-05T09:48:32","date_gmt":"2023-04-05T12:48:32","guid":{"rendered":"https:\/\/elfederalmendoza.com\/?p=21706"},"modified":"2023-04-05T09:48:53","modified_gmt":"2023-04-05T12:48:53","slug":"alerta-amarilla-en-el-complejo-volcanico-laguna-del-maule","status":"publish","type":"post","link":"https:\/\/elfederalmendoza.com.ar\/index.php\/2023\/04\/05\/alerta-amarilla-en-el-complejo-volcanico-laguna-del-maule\/","title":{"rendered":"Alerta amarilla en el Complejo Volc\u00e1nico Laguna del Maule"},"content":{"rendered":"\n<p>Autoridades y organismos argentinos y chilenos, entre los que se encuentran<strong>\u00a0el Servicio Minero Argentino (SEGEMAR)<\/strong>, y su Observatorio de Vigilancia Volc\u00e1nica, con sus pares trasandinos del\u00a0<strong>Servicio Nacional de Geolog\u00eda y Miner\u00eda (SERNAGEOMIN)<\/strong>, y Observatorio Volcanol\u00f3gico de los Andes del Sur,\u00a0<strong>decidieron elevar el nivel de \u201cAlerta Amarilla del Complejo Volc\u00e1nico\u00a0Laguna del Maule\u201d<\/strong>, en el l\u00edmite con el departamento de Malarg\u00fce y el norte neuquino. El Complejo de Laguna del Maule se ubica en la comuna chilena de San Clemente, y por su geograf\u00eda corre el Paso Internacional Pehuenche\u00a0<strong>\u00abpor el aumento en los par\u00e1metros de actividad s\u00edsmica del volc\u00e1n\u00bb.<\/strong><\/p>\n\n\n\n<p>El SEGEMAR determin\u00f3 esta situaci\u00f3n \u201ca trav\u00e9s de su Observatorio Argentino de Vigilancia Volc\u00e1nica (OAVV), en un trabajo conjunto con el Observatorio Volcanol\u00f3gico de los Andes del Sur (OVDAS) de Chile\u201d.<\/p>\n\n\n\n<p>Observatorio Argentino de Vigilancia Volc\u00e1nica destaca que<strong>\u00a0\u201cel cambio del nivel de alerta t\u00e9cnica se basa en un aumento en los par\u00e1metros de actividad s\u00edsmica del volc\u00e1n desde el pasado jueves 30 de marzo\u201d de 2023<\/strong>, dinamismo geol\u00f3gico que se \u201cha mantenido de forma sostenida a lo largo de los \u00faltimos d\u00edas,\u00a0<strong>con el registro de m\u00e1s de diez mil eventos de tipo volcano-tect\u00f3nicos (VT), asociados al fracturamiento de roca al interior del volc\u00e1n\u201d.<\/strong><\/p>\n\n\n\n<p>El organismo nacional detall\u00f3 que&nbsp;<strong>\u201cesta sismicidad ha sido localizada principalmente sobre el sector chileno del Complejo Volc\u00e1nico, al sur del sector de las nieblas,<\/strong>&nbsp;a lo largo de en un \u00e1rea elongada en direcci\u00f3n noreste-sureste, aproximadamente a 10 km al suroeste del centro de la laguna y con un rango de profundidad de hasta 8 km\u201d.<\/p>\n\n\n\n<p>Cabe destacar que&nbsp;<strong>el Complejo Volc\u00e1nico Laguna del Maule limita no s\u00f3lo con el extremo suroeste de Mendoza, en Malarg\u00fce, sino con noroeste de Neuqu\u00e9n,<\/strong>&nbsp;sectores donde adem\u00e1s se ubican las lagunas Fea y Negra, las localidades neuquinas de Cochico, Puertas de Barrancas y Barrancas, sum\u00e1ndose tambi\u00e9n las mendocinas de Las Loicas, Poti Malal y Bardas Blancas y mucho m\u00e1s alejado la propia ciudad de Malarg\u00fce \u201cen un radio de entre 50 a 100 kil\u00f3metros\u201d.<\/p>\n\n\n\n<h2 class=\"wp-block-heading\">Sismicidad en Laguna del Maule<\/h2>\n\n\n\n<p>El SEGEMAR, a pesar del cambio de estado o situaci\u00f3n del\u00a0<strong>Complejo Volc\u00e1nico de Laguna del Maule<\/strong>, indic\u00f3 que\u00a0<strong>\u201cla cantidad de eventos y el desarrollo de esta sismicidad es la de mayor duraci\u00f3n registrada desde el inicio del monitoreo instrumental en este volc\u00e1n en el a\u00f1o 2012,<\/strong>\u00a0las magnitudes calculadas hasta el momento han sido de baja energ\u00eda y localizadas sobre este sector espec\u00edfico\u201d.<\/p>\n\n\n\n<p>No obstante el Servicio Minero Argentino aclar\u00f3 que&nbsp;<strong>\u201cel registro de eventos espor\u00e1dicos son cada vez con mayor magnitud, como los ocurridos el d\u00eda de hoy 03 de abril<\/strong>, con magnitudes locales de 2.5, 2.8 y 2.9 respectivamente, y profundidades entre 4.5 y 8 km, hace que sea necesario realizar un seguimiento m\u00e1s intensivo sobre la actividad del volc\u00e1n\u201d.<\/p>\n\n\n\n<p><strong>\u201cSe descarta la posibilidad de un proceso eruptivo inminente, aunque si se considera que el Complejo Volc\u00e1nico se encuentra por encima de su nivel de base de actividad\u201d<\/strong>, informaron, llevando tranquilidad a la poblaci\u00f3n, remarcando que se continuar\u00e1 con \u201clas tareas de monitoreo y cooperaci\u00f3n conjunta con el Observatorio Vulcanol\u00f3gico de los Andes del SUR de Chile\u201d, labor que se extiende a las autoridades que conforman el Sistema Nacional para la Gesti\u00f3n Integral del Riesgo de Argentina.<\/p>\n","protected":false},"excerpt":{"rendered":"<p>Autoridades y organismos argentinos y chilenos, entre los que se encuentran\u00a0el Servicio Minero Argentino (SEGEMAR), y su Observatorio de Vigilancia Volc\u00e1nica, con sus pares trasandinos del\u00a0Servicio Nacional de Geolog\u00eda y Miner\u00eda (SERNAGEOMIN), y Observatorio Volcanol\u00f3gico de los Andes del Sur,\u00a0decidieron elevar el nivel de \u201cAlerta Amarilla del Complejo Volc\u00e1nico\u00a0Laguna del Maule\u201d, en el l\u00edmite con<a class=\"read-more\" href=\"https:\/\/elfederalmendoza.com.ar\/index.php\/2023\/04\/05\/alerta-amarilla-en-el-complejo-volcanico-laguna-del-maule\/\"> [&hellip;]<\/a><\/p>\n","protected":false},"author":2,"featured_media":21707,"comment_status":"open","ping_status":"open","sticky":false,"template":"","format":"standard","meta":{"footnotes":""},"categories":[1],"tags":[],"class_list":["post-21706","post","type-post","status-publish","format-standard","has-post-thumbnail","hentry","category-mza"],"rttpg_featured_image_url":{"full":["https:\/\/elfederalmendoza.com.ar\/wp-content\/uploads\/2023\/04\/laguna-del-maule-3jpg.webp",790,495,false],"landscape":["https:\/\/elfederalmendoza.com.ar\/wp-content\/uploads\/2023\/04\/laguna-del-maule-3jpg.webp",790,495,false],"portraits":["https:\/\/elfederalmendoza.com.ar\/wp-content\/uploads\/2023\/04\/laguna-del-maule-3jpg.webp",790,495,false],"thumbnail":["https:\/\/elfederalmendoza.com.ar\/wp-content\/uploads\/2023\/04\/laguna-del-maule-3jpg-150x150.webp",150,150,true],"medium":["https:\/\/elfederalmendoza.com.ar\/wp-content\/uploads\/2023\/04\/laguna-del-maule-3jpg-300x188.webp",300,188,true],"large":["https:\/\/elfederalmendoza.com.ar\/wp-content\/uploads\/2023\/04\/laguna-del-maule-3jpg.webp",640,401,false],"1536x1536":["https:\/\/elfederalmendoza.com.ar\/wp-content\/uploads\/2023\/04\/laguna-del-maule-3jpg.webp",790,495,false],"2048x2048":["https:\/\/elfederalmendoza.com.ar\/wp-content\/uploads\/2023\/04\/laguna-del-maule-3jpg.webp",790,495,false],"ultp_layout_landscape_large":["https:\/\/elfederalmendoza.com.ar\/wp-content\/uploads\/2023\/04\/laguna-del-maule-3jpg.webp",790,495,false],"ultp_layout_landscape":["https:\/\/elfederalmendoza.com.ar\/wp-content\/uploads\/2023\/04\/laguna-del-maule-3jpg.webp",790,495,false],"ultp_layout_portrait":["https:\/\/elfederalmendoza.com.ar\/wp-content\/uploads\/2023\/04\/laguna-del-maule-3jpg-600x495.webp",600,495,true],"ultp_layout_square":["https:\/\/elfederalmendoza.com.ar\/wp-content\/uploads\/2023\/04\/laguna-del-maule-3jpg-600x495.webp",600,495,true],"rpwe-thumbnail":["https:\/\/elfederalmendoza.com.ar\/wp-content\/uploads\/2023\/04\/laguna-del-maule-3jpg-45x45.webp",45,45,true],"advps-thumb-one":["https:\/\/elfederalmendoza.com.ar\/wp-content\/uploads\/2023\/04\/laguna-del-maule-3jpg-790x420.webp",790,420,true]},"rttpg_author":{"display_name":"Redacci\u00f3n El Federal","author_link":"https:\/\/elfederalmendoza.com.ar\/index.php\/author\/angelflores\/"},"rttpg_comment":0,"rttpg_category":"<a href=\"https:\/\/elfederalmendoza.com.ar\/index.php\/category\/mza\/\" rel=\"category tag\">Mendoza<\/a>","rttpg_excerpt":"Autoridades y organismos argentinos y chilenos, entre los que se encuentran\u00a0el Servicio Minero Argentino (SEGEMAR), y su Observatorio de Vigilancia Volc\u00e1nica, con sus pares trasandinos del\u00a0Servicio Nacional de Geolog\u00eda y Miner\u00eda (SERNAGEOMIN), y Observatorio Volcanol\u00f3gico de los Andes del Sur,\u00a0decidieron elevar el nivel de \u201cAlerta Amarilla del Complejo Volc\u00e1nico\u00a0Laguna del Maule\u201d, en el l\u00edmite con&hellip;","_links":{"self":[{"href":"https:\/\/elfederalmendoza.com.ar\/index.php\/wp-json\/wp\/v2\/posts\/21706","targetHints":{"allow":["GET"]}}],"collection":[{"href":"https:\/\/elfederalmendoza.com.ar\/index.php\/wp-json\/wp\/v2\/posts"}],"about":[{"href":"https:\/\/elfederalmendoza.com.ar\/index.php\/wp-json\/wp\/v2\/types\/post"}],"author":[{"embeddable":true,"href":"https:\/\/elfederalmendoza.com.ar\/index.php\/wp-json\/wp\/v2\/users\/2"}],"replies":[{"embeddable":true,"href":"https:\/\/elfederalmendoza.com.ar\/index.php\/wp-json\/wp\/v2\/comments?post=21706"}],"version-history":[{"count":2,"href":"https:\/\/elfederalmendoza.com.ar\/index.php\/wp-json\/wp\/v2\/posts\/21706\/revisions"}],"predecessor-version":[{"id":21710,"href":"https:\/\/elfederalmendoza.com.ar\/index.php\/wp-json\/wp\/v2\/posts\/21706\/revisions\/21710"}],"wp:featuredmedia":[{"embeddable":true,"href":"https:\/\/elfederalmendoza.com.ar\/index.php\/wp-json\/wp\/v2\/media\/21707"}],"wp:attachment":[{"href":"https:\/\/elfederalmendoza.com.ar\/index.php\/wp-json\/wp\/v2\/media?parent=21706"}],"wp:term":[{"taxonomy":"category","embeddable":true,"href":"https:\/\/elfederalmendoza.com.ar\/index.php\/wp-json\/wp\/v2\/categories?post=21706"},{"taxonomy":"post_tag","embeddable":true,"href":"https:\/\/elfederalmendoza.com.ar\/index.php\/wp-json\/wp\/v2\/tags?post=21706"}],"curies":[{"name":"wp","href":"https:\/\/api.w.org\/{rel}","templated":true}]}}