{"id":21711,"date":"2023-04-05T04:06:00","date_gmt":"2023-04-05T07:06:00","guid":{"rendered":"https:\/\/elfederalmendoza.com\/?p=21711"},"modified":"2023-04-05T10:14:40","modified_gmt":"2023-04-05T13:14:40","slug":"wado-de-pedro-confirmo-que-el-oficialismo-ira-a-una-paso-para-definir-el-candidato-a-presidente","status":"publish","type":"post","link":"https:\/\/elfederalmendoza.com.ar\/index.php\/2023\/04\/05\/wado-de-pedro-confirmo-que-el-oficialismo-ira-a-una-paso-para-definir-el-candidato-a-presidente\/","title":{"rendered":"\u201cWado\u201d de Pedro confirm\u00f3 que el oficialismo ir\u00e1 a una PASO para definir el candidato a presidente"},"content":{"rendered":"\n<p><strong>El ministro del Interior, Eduardo \u201cWado\u201d de Pedro, confirm\u00f3 que habr\u00e1 una PASO para definir el candidato a presidente. En medio de las internas en el Frente de Todos, el oficialismo ir\u00e1 con dos listas.<\/strong><\/p>\n\n\n\n<p>\u201cSi no se logra la unidad de un candidato, hay que ir a una PASO para ordenar el espacio\u201d, dijeron hace unos d\u00edas a este medio cercanos al titular de la cartera, que se mueve en modo candidato con el visto bueno de Cristina Kirchner, pero que lejos est\u00e1 a\u00fan de anunciar una eventual postulaci\u00f3n.<\/p>\n\n\n\n<p>En ese contexto, Wado se\u00f1al\u00f3 que la decisi\u00f3n de que finalmente haya elecciones primarias se debe a la postura tomada por Alberto Fern\u00e1ndez.<\/p>\n\n\n\n<p><strong>\u201cEl presidente defini\u00f3 una estrategia unipersonal hace tiempo<\/strong>. Desde el frente le pidieron discutir parte de la misma, pero no hubo y no existi\u00f3 el \u00e1mbito para discutirla, con lo cual lo que tenemos hoy es producto de la decisi\u00f3n unipersonal del presidente de la naci\u00f3n que nos llev\u00f3 hasta ac\u00e1\u201d, dijo en di\u00e1logo con C5N.<br><strong>Ante esta situaci\u00f3n, remarc\u00f3: \u201cLo que nos queda hoy es eso: ir a una elecci\u00f3n, que haya PASO\u201d.<\/strong><\/p>\n\n\n\n<p>Adem\u00e1s, sostuvo que \u201cser\u00eda muy bueno que Alberto se presente, que el resto del Frente de Todos pueda armar una alternativa y que la gente pueda definir quien es el mejor candidato\u201d.<br>Adem\u00e1s, expres\u00f3 que llamaron a reacomodar el bloque tras el ataque a Cristina Kirchner.<\/p>\n\n\n\n<p>\u201cCuando vimos por primera vez un arma gatill\u00e1ndole en la cara de la vicepresidenta dijimos \u2018ac\u00e1 hay que ordenar el frente porque hay sectores de poder en Argentina que est\u00e1n dispuestos a cualquier cosa\u2019\u201d, sum\u00f3.<\/p>\n\n\n\n<p>Asimismo, resalt\u00f3: \u201cA ella la quieren muerta o presa, es la yegua que no pueden domar\u201d.<br>Por otro lado, en relaci\u00f3n a su posible candidatura, expres\u00f3: \u201cYo soy parte de una generaci\u00f3n que tiene ganas de que en Argentina se produzca un recambio generacional en serio y en muchos \u00e1mbitos\u201d.<\/p>\n\n\n\n<p><strong>La confirmaci\u00f3n del ministro se da mientras en el albertismo, el kirchnerismo y el massismo advierten con preocupaci\u00f3n el crecimiento en las encuestas de Javier Milei, que de acuerdo a analistas y consultores, ya comenz\u00f3 a robarle votos al Frente de Todos.<\/strong><\/p>\n\n\n\n<p>Incluso en algunos municipios de la provincia de Buenos Aires parte del electorado que hoy acompa\u00f1a al libertario dijo haber votado al oficialismo en 2019.<\/p>\n\n\n\n<p>Toda una verdadera preocupaci\u00f3n para la Casa Rosada.<\/p>\n\n\n\n<p><\/p>\n","protected":false},"excerpt":{"rendered":"<p>El ministro del Interior, Eduardo \u201cWado\u201d de Pedro, confirm\u00f3 que habr\u00e1 una PASO para definir el candidato a presidente. En medio de las internas en el Frente de Todos, el oficialismo ir\u00e1 con dos listas. \u201cSi no se logra la unidad de un candidato, hay que ir a una PASO para ordenar el espacio\u201d, dijeron<a class=\"read-more\" href=\"https:\/\/elfederalmendoza.com.ar\/index.php\/2023\/04\/05\/wado-de-pedro-confirmo-que-el-oficialismo-ira-a-una-paso-para-definir-el-candidato-a-presidente\/\"> [&hellip;]<\/a><\/p>\n","protected":false},"author":2,"featured_media":21712,"comment_status":"open","ping_status":"open","sticky":false,"template":"","format":"standard","meta":{"footnotes":""},"categories":[5618],"tags":[],"class_list":["post-21711","post","type-post","status-publish","format-standard","has-post-thumbnail","hentry","category-arg"],"rttpg_featured_image_url":{"full":["https:\/\/elfederalmendoza.com.ar\/wp-content\/uploads\/2023\/04\/20220320-Massa-Alberto-Cristina-Juan-Ignacio-Roncoroni-AFP.jpg",1200,800,false],"landscape":["https:\/\/elfederalmendoza.com.ar\/wp-content\/uploads\/2023\/04\/20220320-Massa-Alberto-Cristina-Juan-Ignacio-Roncoroni-AFP.jpg",1200,800,false],"portraits":["https:\/\/elfederalmendoza.com.ar\/wp-content\/uploads\/2023\/04\/20220320-Massa-Alberto-Cristina-Juan-Ignacio-Roncoroni-AFP.jpg",1200,800,false],"thumbnail":["https:\/\/elfederalmendoza.com.ar\/wp-content\/uploads\/2023\/04\/20220320-Massa-Alberto-Cristina-Juan-Ignacio-Roncoroni-AFP-150x150.jpg",150,150,true],"medium":["https:\/\/elfederalmendoza.com.ar\/wp-content\/uploads\/2023\/04\/20220320-Massa-Alberto-Cristina-Juan-Ignacio-Roncoroni-AFP-300x200.jpg",300,200,true],"large":["https:\/\/elfederalmendoza.com.ar\/wp-content\/uploads\/2023\/04\/20220320-Massa-Alberto-Cristina-Juan-Ignacio-Roncoroni-AFP-1024x683.jpg",640,427,true],"1536x1536":["https:\/\/elfederalmendoza.com.ar\/wp-content\/uploads\/2023\/04\/20220320-Massa-Alberto-Cristina-Juan-Ignacio-Roncoroni-AFP.jpg",1200,800,false],"2048x2048":["https:\/\/elfederalmendoza.com.ar\/wp-content\/uploads\/2023\/04\/20220320-Massa-Alberto-Cristina-Juan-Ignacio-Roncoroni-AFP.jpg",1200,800,false],"ultp_layout_landscape_large":["https:\/\/elfederalmendoza.com.ar\/wp-content\/uploads\/2023\/04\/20220320-Massa-Alberto-Cristina-Juan-Ignacio-Roncoroni-AFP-1200x800.jpg",1200,800,true],"ultp_layout_landscape":["https:\/\/elfederalmendoza.com.ar\/wp-content\/uploads\/2023\/04\/20220320-Massa-Alberto-Cristina-Juan-Ignacio-Roncoroni-AFP-870x570.jpg",870,570,true],"ultp_layout_portrait":["https:\/\/elfederalmendoza.com.ar\/wp-content\/uploads\/2023\/04\/20220320-Massa-Alberto-Cristina-Juan-Ignacio-Roncoroni-AFP-600x800.jpg",600,800,true],"ultp_layout_square":["https:\/\/elfederalmendoza.com.ar\/wp-content\/uploads\/2023\/04\/20220320-Massa-Alberto-Cristina-Juan-Ignacio-Roncoroni-AFP-600x600.jpg",600,600,true],"rpwe-thumbnail":["https:\/\/elfederalmendoza.com.ar\/wp-content\/uploads\/2023\/04\/20220320-Massa-Alberto-Cristina-Juan-Ignacio-Roncoroni-AFP-45x45.jpg",45,45,true],"advps-thumb-one":["https:\/\/elfederalmendoza.com.ar\/wp-content\/uploads\/2023\/04\/20220320-Massa-Alberto-Cristina-Juan-Ignacio-Roncoroni-AFP-1200x420.jpg",1200,420,true]},"rttpg_author":{"display_name":"Redacci\u00f3n El Federal","author_link":"https:\/\/elfederalmendoza.com.ar\/index.php\/author\/angelflores\/"},"rttpg_comment":0,"rttpg_category":"<a href=\"https:\/\/elfederalmendoza.com.ar\/index.php\/category\/arg\/\" rel=\"category tag\">Argentina<\/a>","rttpg_excerpt":"El ministro del Interior, Eduardo \u201cWado\u201d de Pedro, confirm\u00f3 que habr\u00e1 una PASO para definir el candidato a presidente. En medio de las internas en el Frente de Todos, el oficialismo ir\u00e1 con dos listas. \u201cSi no se logra la unidad de un candidato, hay que ir a una PASO para ordenar el espacio\u201d, dijeron&hellip;","_links":{"self":[{"href":"https:\/\/elfederalmendoza.com.ar\/index.php\/wp-json\/wp\/v2\/posts\/21711","targetHints":{"allow":["GET"]}}],"collection":[{"href":"https:\/\/elfederalmendoza.com.ar\/index.php\/wp-json\/wp\/v2\/posts"}],"about":[{"href":"https:\/\/elfederalmendoza.com.ar\/index.php\/wp-json\/wp\/v2\/types\/post"}],"author":[{"embeddable":true,"href":"https:\/\/elfederalmendoza.com.ar\/index.php\/wp-json\/wp\/v2\/users\/2"}],"replies":[{"embeddable":true,"href":"https:\/\/elfederalmendoza.com.ar\/index.php\/wp-json\/wp\/v2\/comments?post=21711"}],"version-history":[{"count":1,"href":"https:\/\/elfederalmendoza.com.ar\/index.php\/wp-json\/wp\/v2\/posts\/21711\/revisions"}],"predecessor-version":[{"id":21713,"href":"https:\/\/elfederalmendoza.com.ar\/index.php\/wp-json\/wp\/v2\/posts\/21711\/revisions\/21713"}],"wp:featuredmedia":[{"embeddable":true,"href":"https:\/\/elfederalmendoza.com.ar\/index.php\/wp-json\/wp\/v2\/media\/21712"}],"wp:attachment":[{"href":"https:\/\/elfederalmendoza.com.ar\/index.php\/wp-json\/wp\/v2\/media?parent=21711"}],"wp:term":[{"taxonomy":"category","embeddable":true,"href":"https:\/\/elfederalmendoza.com.ar\/index.php\/wp-json\/wp\/v2\/categories?post=21711"},{"taxonomy":"post_tag","embeddable":true,"href":"https:\/\/elfederalmendoza.com.ar\/index.php\/wp-json\/wp\/v2\/tags?post=21711"}],"curies":[{"name":"wp","href":"https:\/\/api.w.org\/{rel}","templated":true}]}}