{"id":21714,"date":"2023-04-05T12:07:21","date_gmt":"2023-04-05T15:07:21","guid":{"rendered":"https:\/\/elfederalmendoza.com\/?p=21714"},"modified":"2023-04-05T12:07:24","modified_gmt":"2023-04-05T15:07:24","slug":"dirigente-del-pj-cuestiono-el-coqueteo-de-algunos-peronistas-con-de-marchi","status":"publish","type":"post","link":"https:\/\/elfederalmendoza.com.ar\/index.php\/2023\/04\/05\/dirigente-del-pj-cuestiono-el-coqueteo-de-algunos-peronistas-con-de-marchi\/","title":{"rendered":"Dirigente del PJ cuestion\u00f3 el coqueteo de algunos peronistas con De Marchi"},"content":{"rendered":"\n<p>La confirmaci\u00f3n de la salida de<strong>\u00a0Omar De Marchi\u00a0<\/strong>del frente Cambia Mendoza ha sacudido el escenario pol\u00edtico. Sus intenciones de enfrentar mano a mano al senador nacional Alfredo Cornejo han seducido a algunos dirigentes del peronismo que se entusiasman por acompa\u00f1ar la cruzada \u00abdemarchista\u00bb. En ese contexto, el exdiputado\u00a0<strong>Guillermo Carmona\u00a0<\/strong>sali\u00f3 a marcarle la cancha a sus \u00abcompa\u00f1eros\u00bb del PJ.<\/p>\n\n\n\n<p>\u00abA no confundirse: son el mismo contenido con distinto envase de presentaci\u00f3n. En Mendoza la alternativa es justicialista y es para todxs\u00bb, dispar\u00f3 Carmona con una imagen de Alfredo Cornejo junto a<strong>\u00a0Omar De Marchi<\/strong>.<\/p>\n\n\n\n<figure class=\"wp-block-embed is-type-rich is-provider-twitter wp-block-embed-twitter\"><div class=\"wp-block-embed__wrapper\">\n<blockquote class=\"twitter-tweet\" data-width=\"550\" data-dnt=\"true\"><p lang=\"es\" dir=\"ltr\">A no confundirse: son el mismo contenido con distinto envase de presentaci\u00f3n. <br>En <a href=\"https:\/\/twitter.com\/hashtag\/Mendoza?src=hash&amp;ref_src=twsrc%5Etfw\">#Mendoza<\/a> la alternativa es justicialista y es para todxs <a href=\"https:\/\/t.co\/1ZiWn5xv5Q\">pic.twitter.com\/1ZiWn5xv5Q<\/a><\/p>&mdash; Guillermo Carmona (@grcarmonac) <a href=\"https:\/\/twitter.com\/grcarmonac\/status\/1643569939830145027?ref_src=twsrc%5Etfw\">April 5, 2023<\/a><\/blockquote><script async src=\"https:\/\/platform.twitter.com\/widgets.js\" charset=\"utf-8\"><\/script>\n<\/div><\/figure>\n\n\n\n<p>Las palabras de Carmona parecen dirigidas a referentes como los intendentes Emir F\u00e9lix, Roberto Righi y Mat\u00edas Stevanato, quienes desde hace tiempo coquetean con la idea de volcar su apoyo a este nuevo frente tomando distancia del kirchnerismo.<\/p>\n\n\n\n<p>La presentaci\u00f3n de frentes provinciales cierra el 12 de abril y ese d\u00eda se conocer\u00e1 d\u00f3nde juega cada partido. Por ahora, De Marchi no ha salido a hablar del tema y solamente apareci\u00f3 con un escueto mensaje en las\u00a0redes sociales\u00a0en las que confirma su voluntad de participar en los comicios para pelear por la gobernaci\u00f3n.<\/p>\n\n\n\n<figure class=\"wp-block-embed is-type-rich is-provider-twitter wp-block-embed-twitter\"><div class=\"wp-block-embed__wrapper\">\n<blockquote class=\"twitter-tweet\" data-width=\"550\" data-dnt=\"true\"><p lang=\"es\" dir=\"ltr\">La opci\u00f3n es una sola, hay una \u00fanica decisi\u00f3n irreversible: ser\u00e9 candidato a gobernador de la provincia de Mendoza.<\/p>&mdash; Omar De Marchi (@omardemarchi) <a href=\"https:\/\/twitter.com\/omardemarchi\/status\/1643316582595043330?ref_src=twsrc%5Etfw\">April 4, 2023<\/a><\/blockquote><script async src=\"https:\/\/platform.twitter.com\/widgets.js\" charset=\"utf-8\"><\/script>\n<\/div><\/figure>\n\n\n\n<p>La salida de De Marchi del frente Cambia Mendoza fue confirmada a nivel nacional por Horacio Rodr\u00edguez Larreta quien se distanci\u00f3 del lujanino y aclar\u00f3 que \u00e9l siempre bregar\u00e1 por la unidad de Juntos por el Cambio. \u00abFue una decisi\u00f3n personal de Omar\u00bb, se\u00f1al\u00f3 Rodr\u00edguez Larreta.<\/p>\n","protected":false},"excerpt":{"rendered":"<p>La confirmaci\u00f3n de la salida de\u00a0Omar De Marchi\u00a0del frente Cambia Mendoza ha sacudido el escenario pol\u00edtico. Sus intenciones de enfrentar mano a mano al senador nacional Alfredo Cornejo han seducido a algunos dirigentes del peronismo que se entusiasman por acompa\u00f1ar la cruzada \u00abdemarchista\u00bb. En ese contexto, el exdiputado\u00a0Guillermo Carmona\u00a0sali\u00f3 a marcarle la cancha a sus<a class=\"read-more\" href=\"https:\/\/elfederalmendoza.com.ar\/index.php\/2023\/04\/05\/dirigente-del-pj-cuestiono-el-coqueteo-de-algunos-peronistas-con-de-marchi\/\"> [&hellip;]<\/a><\/p>\n","protected":false},"author":2,"featured_media":21715,"comment_status":"open","ping_status":"open","sticky":false,"template":"","format":"standard","meta":{"footnotes":""},"categories":[1],"tags":[],"class_list":["post-21714","post","type-post","status-publish","format-standard","has-post-thumbnail","hentry","category-mza"],"rttpg_featured_image_url":{"full":["https:\/\/elfederalmendoza.com.ar\/wp-content\/uploads\/2023\/04\/f848x477-1027375_1085178_4731.webp",848,477,false],"landscape":["https:\/\/elfederalmendoza.com.ar\/wp-content\/uploads\/2023\/04\/f848x477-1027375_1085178_4731.webp",848,477,false],"portraits":["https:\/\/elfederalmendoza.com.ar\/wp-content\/uploads\/2023\/04\/f848x477-1027375_1085178_4731.webp",848,477,false],"thumbnail":["https:\/\/elfederalmendoza.com.ar\/wp-content\/uploads\/2023\/04\/f848x477-1027375_1085178_4731-150x150.webp",150,150,true],"medium":["https:\/\/elfederalmendoza.com.ar\/wp-content\/uploads\/2023\/04\/f848x477-1027375_1085178_4731-300x169.webp",300,169,true],"large":["https:\/\/elfederalmendoza.com.ar\/wp-content\/uploads\/2023\/04\/f848x477-1027375_1085178_4731.webp",640,360,false],"1536x1536":["https:\/\/elfederalmendoza.com.ar\/wp-content\/uploads\/2023\/04\/f848x477-1027375_1085178_4731.webp",848,477,false],"2048x2048":["https:\/\/elfederalmendoza.com.ar\/wp-content\/uploads\/2023\/04\/f848x477-1027375_1085178_4731.webp",848,477,false],"ultp_layout_landscape_large":["https:\/\/elfederalmendoza.com.ar\/wp-content\/uploads\/2023\/04\/f848x477-1027375_1085178_4731.webp",848,477,false],"ultp_layout_landscape":["https:\/\/elfederalmendoza.com.ar\/wp-content\/uploads\/2023\/04\/f848x477-1027375_1085178_4731.webp",848,477,false],"ultp_layout_portrait":["https:\/\/elfederalmendoza.com.ar\/wp-content\/uploads\/2023\/04\/f848x477-1027375_1085178_4731-600x477.webp",600,477,true],"ultp_layout_square":["https:\/\/elfederalmendoza.com.ar\/wp-content\/uploads\/2023\/04\/f848x477-1027375_1085178_4731-600x477.webp",600,477,true],"rpwe-thumbnail":["https:\/\/elfederalmendoza.com.ar\/wp-content\/uploads\/2023\/04\/f848x477-1027375_1085178_4731-45x45.webp",45,45,true],"advps-thumb-one":["https:\/\/elfederalmendoza.com.ar\/wp-content\/uploads\/2023\/04\/f848x477-1027375_1085178_4731-848x420.webp",848,420,true]},"rttpg_author":{"display_name":"Redacci\u00f3n El Federal","author_link":"https:\/\/elfederalmendoza.com.ar\/index.php\/author\/angelflores\/"},"rttpg_comment":0,"rttpg_category":"<a href=\"https:\/\/elfederalmendoza.com.ar\/index.php\/category\/mza\/\" rel=\"category tag\">Mendoza<\/a>","rttpg_excerpt":"La confirmaci\u00f3n de la salida de\u00a0Omar De Marchi\u00a0del frente Cambia Mendoza ha sacudido el escenario pol\u00edtico. Sus intenciones de enfrentar mano a mano al senador nacional Alfredo Cornejo han seducido a algunos dirigentes del peronismo que se entusiasman por acompa\u00f1ar la cruzada \u00abdemarchista\u00bb. En ese contexto, el exdiputado\u00a0Guillermo Carmona\u00a0sali\u00f3 a marcarle la cancha a sus&hellip;","_links":{"self":[{"href":"https:\/\/elfederalmendoza.com.ar\/index.php\/wp-json\/wp\/v2\/posts\/21714","targetHints":{"allow":["GET"]}}],"collection":[{"href":"https:\/\/elfederalmendoza.com.ar\/index.php\/wp-json\/wp\/v2\/posts"}],"about":[{"href":"https:\/\/elfederalmendoza.com.ar\/index.php\/wp-json\/wp\/v2\/types\/post"}],"author":[{"embeddable":true,"href":"https:\/\/elfederalmendoza.com.ar\/index.php\/wp-json\/wp\/v2\/users\/2"}],"replies":[{"embeddable":true,"href":"https:\/\/elfederalmendoza.com.ar\/index.php\/wp-json\/wp\/v2\/comments?post=21714"}],"version-history":[{"count":1,"href":"https:\/\/elfederalmendoza.com.ar\/index.php\/wp-json\/wp\/v2\/posts\/21714\/revisions"}],"predecessor-version":[{"id":21716,"href":"https:\/\/elfederalmendoza.com.ar\/index.php\/wp-json\/wp\/v2\/posts\/21714\/revisions\/21716"}],"wp:featuredmedia":[{"embeddable":true,"href":"https:\/\/elfederalmendoza.com.ar\/index.php\/wp-json\/wp\/v2\/media\/21715"}],"wp:attachment":[{"href":"https:\/\/elfederalmendoza.com.ar\/index.php\/wp-json\/wp\/v2\/media?parent=21714"}],"wp:term":[{"taxonomy":"category","embeddable":true,"href":"https:\/\/elfederalmendoza.com.ar\/index.php\/wp-json\/wp\/v2\/categories?post=21714"},{"taxonomy":"post_tag","embeddable":true,"href":"https:\/\/elfederalmendoza.com.ar\/index.php\/wp-json\/wp\/v2\/tags?post=21714"}],"curies":[{"name":"wp","href":"https:\/\/api.w.org\/{rel}","templated":true}]}}