{"id":21720,"date":"2023-04-05T14:20:00","date_gmt":"2023-04-05T17:20:00","guid":{"rendered":"https:\/\/elfederalmendoza.com\/?p=21720"},"modified":"2023-04-05T18:21:44","modified_gmt":"2023-04-05T21:21:44","slug":"padres-de-estudiantes-de-la-uncuyo-haran-una-vigilia-por-los-16-dias-de-paro","status":"publish","type":"post","link":"https:\/\/elfederalmendoza.com.ar\/index.php\/2023\/04\/05\/padres-de-estudiantes-de-la-uncuyo-haran-una-vigilia-por-los-16-dias-de-paro\/","title":{"rendered":"Padres de estudiantes de la UNCuyo har\u00e1n una vigilia por los 16 d\u00edas de paro"},"content":{"rendered":"\n<p>Padres de estudiantes de la<strong>\u00a0Universidad Nacional de Cuyo (UNCuyo)<\/strong>\u00a0realizar\u00e1n este mi\u00e9rcoles, a partir de las 20, una vigilia en reclamo por los 16 d\u00edas de paro que ya acumulan las y los trabajadores agrupados en la Federaci\u00f3n de Asociaciones de Docentes e Investigadores de la UNCuyo (Fadiunc).<\/p>\n\n\n\n<p><strong>La medida se realizar\u00e1 en el Colegio Universitario Central (CUC)<\/strong>, ya que las escuelas pertenecientes a la casa de estudios son las que m\u00e1s han sufrido el impacto de la acci\u00f3n de fuerza.<\/p>\n\n\n\n<p>El reclamo se intensific\u00f3 porque Fadiunc anunci\u00f3 que durante abril continuar\u00e1 la huelga. \u00abLas clases comenzaron el 6 de marzo y solo no han parado las semanas en las que hab\u00eda un feriado\u00bb, sostuvieron.<\/p>\n\n\n\n<p>Por otra parte, aseguraron que el descuento informado por el rectorado de la UNCuyo a\u00fan no fue aplicado, debido a que las liquidaciones cerraron el 20 de marzo y, por esto, en marzo reci\u00e9n se ver\u00eda el efecto de la medida tomada por la instituci\u00f3n.<\/p>\n\n\n\n<p><strong>\u00abLa vigilia ser\u00e1 pac\u00edfica para pedir que los chicos no pierdan m\u00e1s d\u00edas de clases y que se busquen otros m\u00e9todos de protesta para exigir mejores salarios<\/strong>\u00ab, expresaron.<\/p>\n","protected":false},"excerpt":{"rendered":"<p>Padres de estudiantes de la\u00a0Universidad Nacional de Cuyo (UNCuyo)\u00a0realizar\u00e1n este mi\u00e9rcoles, a partir de las 20, una vigilia en reclamo por los 16 d\u00edas de paro que ya acumulan las y los trabajadores agrupados en la Federaci\u00f3n de Asociaciones de Docentes e Investigadores de la UNCuyo (Fadiunc). La medida se realizar\u00e1 en el Colegio Universitario<a class=\"read-more\" href=\"https:\/\/elfederalmendoza.com.ar\/index.php\/2023\/04\/05\/padres-de-estudiantes-de-la-uncuyo-haran-una-vigilia-por-los-16-dias-de-paro\/\"> [&hellip;]<\/a><\/p>\n","protected":false},"author":2,"featured_media":21721,"comment_status":"open","ping_status":"open","sticky":false,"template":"","format":"standard","meta":{"footnotes":""},"categories":[1],"tags":[],"class_list":["post-21720","post","type-post","status-publish","format-standard","has-post-thumbnail","hentry","category-mza"],"rttpg_featured_image_url":{"full":["https:\/\/elfederalmendoza.com.ar\/wp-content\/uploads\/2023\/04\/fadiunc-uncuyo-marcha-profesores-manifestacionparojpg.webp",790,527,false],"landscape":["https:\/\/elfederalmendoza.com.ar\/wp-content\/uploads\/2023\/04\/fadiunc-uncuyo-marcha-profesores-manifestacionparojpg.webp",790,527,false],"portraits":["https:\/\/elfederalmendoza.com.ar\/wp-content\/uploads\/2023\/04\/fadiunc-uncuyo-marcha-profesores-manifestacionparojpg.webp",790,527,false],"thumbnail":["https:\/\/elfederalmendoza.com.ar\/wp-content\/uploads\/2023\/04\/fadiunc-uncuyo-marcha-profesores-manifestacionparojpg-150x150.webp",150,150,true],"medium":["https:\/\/elfederalmendoza.com.ar\/wp-content\/uploads\/2023\/04\/fadiunc-uncuyo-marcha-profesores-manifestacionparojpg-300x200.webp",300,200,true],"large":["https:\/\/elfederalmendoza.com.ar\/wp-content\/uploads\/2023\/04\/fadiunc-uncuyo-marcha-profesores-manifestacionparojpg.webp",640,427,false],"1536x1536":["https:\/\/elfederalmendoza.com.ar\/wp-content\/uploads\/2023\/04\/fadiunc-uncuyo-marcha-profesores-manifestacionparojpg.webp",790,527,false],"2048x2048":["https:\/\/elfederalmendoza.com.ar\/wp-content\/uploads\/2023\/04\/fadiunc-uncuyo-marcha-profesores-manifestacionparojpg.webp",790,527,false],"ultp_layout_landscape_large":["https:\/\/elfederalmendoza.com.ar\/wp-content\/uploads\/2023\/04\/fadiunc-uncuyo-marcha-profesores-manifestacionparojpg.webp",790,527,false],"ultp_layout_landscape":["https:\/\/elfederalmendoza.com.ar\/wp-content\/uploads\/2023\/04\/fadiunc-uncuyo-marcha-profesores-manifestacionparojpg.webp",790,527,false],"ultp_layout_portrait":["https:\/\/elfederalmendoza.com.ar\/wp-content\/uploads\/2023\/04\/fadiunc-uncuyo-marcha-profesores-manifestacionparojpg-600x527.webp",600,527,true],"ultp_layout_square":["https:\/\/elfederalmendoza.com.ar\/wp-content\/uploads\/2023\/04\/fadiunc-uncuyo-marcha-profesores-manifestacionparojpg-600x527.webp",600,527,true],"rpwe-thumbnail":["https:\/\/elfederalmendoza.com.ar\/wp-content\/uploads\/2023\/04\/fadiunc-uncuyo-marcha-profesores-manifestacionparojpg-45x45.webp",45,45,true],"advps-thumb-one":["https:\/\/elfederalmendoza.com.ar\/wp-content\/uploads\/2023\/04\/fadiunc-uncuyo-marcha-profesores-manifestacionparojpg-790x420.webp",790,420,true]},"rttpg_author":{"display_name":"Redacci\u00f3n El Federal","author_link":"https:\/\/elfederalmendoza.com.ar\/index.php\/author\/angelflores\/"},"rttpg_comment":0,"rttpg_category":"<a href=\"https:\/\/elfederalmendoza.com.ar\/index.php\/category\/mza\/\" rel=\"category tag\">Mendoza<\/a>","rttpg_excerpt":"Padres de estudiantes de la\u00a0Universidad Nacional de Cuyo (UNCuyo)\u00a0realizar\u00e1n este mi\u00e9rcoles, a partir de las 20, una vigilia en reclamo por los 16 d\u00edas de paro que ya acumulan las y los trabajadores agrupados en la Federaci\u00f3n de Asociaciones de Docentes e Investigadores de la UNCuyo (Fadiunc). La medida se realizar\u00e1 en el Colegio Universitario&hellip;","_links":{"self":[{"href":"https:\/\/elfederalmendoza.com.ar\/index.php\/wp-json\/wp\/v2\/posts\/21720","targetHints":{"allow":["GET"]}}],"collection":[{"href":"https:\/\/elfederalmendoza.com.ar\/index.php\/wp-json\/wp\/v2\/posts"}],"about":[{"href":"https:\/\/elfederalmendoza.com.ar\/index.php\/wp-json\/wp\/v2\/types\/post"}],"author":[{"embeddable":true,"href":"https:\/\/elfederalmendoza.com.ar\/index.php\/wp-json\/wp\/v2\/users\/2"}],"replies":[{"embeddable":true,"href":"https:\/\/elfederalmendoza.com.ar\/index.php\/wp-json\/wp\/v2\/comments?post=21720"}],"version-history":[{"count":1,"href":"https:\/\/elfederalmendoza.com.ar\/index.php\/wp-json\/wp\/v2\/posts\/21720\/revisions"}],"predecessor-version":[{"id":21722,"href":"https:\/\/elfederalmendoza.com.ar\/index.php\/wp-json\/wp\/v2\/posts\/21720\/revisions\/21722"}],"wp:featuredmedia":[{"embeddable":true,"href":"https:\/\/elfederalmendoza.com.ar\/index.php\/wp-json\/wp\/v2\/media\/21721"}],"wp:attachment":[{"href":"https:\/\/elfederalmendoza.com.ar\/index.php\/wp-json\/wp\/v2\/media?parent=21720"}],"wp:term":[{"taxonomy":"category","embeddable":true,"href":"https:\/\/elfederalmendoza.com.ar\/index.php\/wp-json\/wp\/v2\/categories?post=21720"},{"taxonomy":"post_tag","embeddable":true,"href":"https:\/\/elfederalmendoza.com.ar\/index.php\/wp-json\/wp\/v2\/tags?post=21720"}],"curies":[{"name":"wp","href":"https:\/\/api.w.org\/{rel}","templated":true}]}}