{"id":21725,"date":"2023-04-06T10:55:40","date_gmt":"2023-04-06T13:55:40","guid":{"rendered":"https:\/\/elfederalmendoza.com\/?p=21725"},"modified":"2023-04-06T10:55:43","modified_gmt":"2023-04-06T13:55:43","slug":"el-gobierno-autorizo-un-aumento-del-precio-de-la-materia-prima-y-la-yerba-mate-podria-subir-hasta-un-40","status":"publish","type":"post","link":"https:\/\/elfederalmendoza.com.ar\/index.php\/2023\/04\/06\/el-gobierno-autorizo-un-aumento-del-precio-de-la-materia-prima-y-la-yerba-mate-podria-subir-hasta-un-40\/","title":{"rendered":"El gobierno autoriz\u00f3 un aumento del precio de la materia prima y la yerba mate podr\u00eda subir hasta un 40%"},"content":{"rendered":"\n<p>Una reciente decisi\u00f3n del\u00a0<strong>Gobierno que autoriza un aumento del precio de la materia prima que cobran productores de yerba mate,\u00a0<\/strong>gener\u00f3 preocupaci\u00f3n en las cadenas industrial y comercial del sector, que advirtieron que<strong>\u00a0la medida podr\u00eda impactar en las g\u00f3ndolas<\/strong>\u00a0y ocasionar una baja adicional en el consumo.<\/p>\n\n\n\n<p>Se trata de la Resoluci\u00f3n 107\/2023 de la Secretar\u00eda de Agricultura, Ganader\u00eda y Pesca de la Naci\u00f3n, publicada en el Bolet\u00edn Oficial y que&nbsp;<strong>habilita una suba directa a yerbateros<\/strong>, lo que mejora el margen de ganancias de los productores. Pero en un contexto inflacionario, complica al complejo de la industria que procesa y comercializa yerba mate en el pa\u00eds.<\/p>\n\n\n\n<p>Fuentes del sector y de las cadenas industrial y comercial, afirman que\u00a0<strong>existe preocupaci\u00f3n, dado que ese aumento deber\u00eda trasladarse al precio minorista<\/strong>, por lo que el paquete de yerba mate en las g\u00f3ndolas podr\u00eda subir\u00a0<strong>hasta un 40 por ciento en el corto plazo<\/strong>.\u00a0<\/p>\n\n\n\n<figure class=\"wp-block-image size-full\"><img loading=\"lazy\" decoding=\"async\" width=\"1004\" height=\"557\" src=\"https:\/\/elfederalmendoza.com\/wp-content\/uploads\/2023\/04\/YERBA1.jpg\" alt=\"\" class=\"wp-image-21726\" srcset=\"https:\/\/elfederalmendoza.com.ar\/wp-content\/uploads\/2023\/04\/YERBA1.jpg 1004w, https:\/\/elfederalmendoza.com.ar\/wp-content\/uploads\/2023\/04\/YERBA1-300x166.jpg 300w, https:\/\/elfederalmendoza.com.ar\/wp-content\/uploads\/2023\/04\/YERBA1-768x426.jpg 768w\" sizes=\"auto, (max-width: 1004px) 100vw, 1004px\" \/><\/figure>\n\n\n\n<p>Es decir, los consumidores de ver\u00e1n afectados. Incluso en los \u00faltimos meses, de acuerdo con fuentes de la industria,<strong>\u00a0las ventas de yerba mate han retrocedido<\/strong>.<\/p>\n\n\n\n<p>Est\u00e1 previsto que a partir de abril, la materia prima de la yerba mate experimente un incremento del 71% hasta septiembre pr\u00f3ximo.&nbsp;<strong>La suba ser\u00e1 escalonada en tres etapas<\/strong>, con un primer salto del 52,7%, de acuerdo con la resoluci\u00f3n oficial.<\/p>\n\n\n\n<p><strong>La normativa establece<\/strong>\u00a0que\u00a0<strong>hasta el 30 de abril<\/strong>\u00a0pr\u00f3ximo la tonelada de hoja verde puesta en secadero costar\u00e1 $107.000 y la tonelada de yerba mate canchada puesta en secadero, $406.600.\u00a0<\/p>\n\n\n\n<p>A su vez,&nbsp;<strong>a partir del 1\u00b0 de mayo<\/strong>, la tonelada de hoja verde puesta en secadero tendr\u00e1 un valor de $112.000 y la tonelada de yerba mate canchada puesta en secadero, de $425.600.<\/p>\n\n\n\n<p>La misma resoluci\u00f3n indica que&nbsp;<strong>desde el 1\u00b0 de julio<\/strong>&nbsp;la tonelada de hoja verde puesta en secadero costar\u00e1 $120.000 y la tonelada de yerba mate canchada puesta en secadero, $456.000. La norma se extiende hasta el 30 de septiembre inclusive.&nbsp;<\/p>\n","protected":false},"excerpt":{"rendered":"<p>Una reciente decisi\u00f3n del\u00a0Gobierno que autoriza un aumento del precio de la materia prima que cobran productores de yerba mate,\u00a0gener\u00f3 preocupaci\u00f3n en las cadenas industrial y comercial del sector, que advirtieron que\u00a0la medida podr\u00eda impactar en las g\u00f3ndolas\u00a0y ocasionar una baja adicional en el consumo. Se trata de la Resoluci\u00f3n 107\/2023 de la Secretar\u00eda de<a class=\"read-more\" href=\"https:\/\/elfederalmendoza.com.ar\/index.php\/2023\/04\/06\/el-gobierno-autorizo-un-aumento-del-precio-de-la-materia-prima-y-la-yerba-mate-podria-subir-hasta-un-40\/\"> [&hellip;]<\/a><\/p>\n","protected":false},"author":2,"featured_media":21727,"comment_status":"open","ping_status":"open","sticky":false,"template":"","format":"standard","meta":{"footnotes":""},"categories":[5618],"tags":[],"class_list":["post-21725","post","type-post","status-publish","format-standard","has-post-thumbnail","hentry","category-arg"],"rttpg_featured_image_url":{"full":["https:\/\/elfederalmendoza.com.ar\/wp-content\/uploads\/2023\/04\/yerba2.jpg",900,674,false],"landscape":["https:\/\/elfederalmendoza.com.ar\/wp-content\/uploads\/2023\/04\/yerba2.jpg",900,674,false],"portraits":["https:\/\/elfederalmendoza.com.ar\/wp-content\/uploads\/2023\/04\/yerba2.jpg",900,674,false],"thumbnail":["https:\/\/elfederalmendoza.com.ar\/wp-content\/uploads\/2023\/04\/yerba2-150x150.jpg",150,150,true],"medium":["https:\/\/elfederalmendoza.com.ar\/wp-content\/uploads\/2023\/04\/yerba2-300x225.jpg",300,225,true],"large":["https:\/\/elfederalmendoza.com.ar\/wp-content\/uploads\/2023\/04\/yerba2.jpg",640,479,false],"1536x1536":["https:\/\/elfederalmendoza.com.ar\/wp-content\/uploads\/2023\/04\/yerba2.jpg",900,674,false],"2048x2048":["https:\/\/elfederalmendoza.com.ar\/wp-content\/uploads\/2023\/04\/yerba2.jpg",900,674,false],"ultp_layout_landscape_large":["https:\/\/elfederalmendoza.com.ar\/wp-content\/uploads\/2023\/04\/yerba2.jpg",900,674,false],"ultp_layout_landscape":["https:\/\/elfederalmendoza.com.ar\/wp-content\/uploads\/2023\/04\/yerba2-870x570.jpg",870,570,true],"ultp_layout_portrait":["https:\/\/elfederalmendoza.com.ar\/wp-content\/uploads\/2023\/04\/yerba2-600x674.jpg",600,674,true],"ultp_layout_square":["https:\/\/elfederalmendoza.com.ar\/wp-content\/uploads\/2023\/04\/yerba2-600x600.jpg",600,600,true],"rpwe-thumbnail":["https:\/\/elfederalmendoza.com.ar\/wp-content\/uploads\/2023\/04\/yerba2-45x45.jpg",45,45,true],"advps-thumb-one":["https:\/\/elfederalmendoza.com.ar\/wp-content\/uploads\/2023\/04\/yerba2-900x420.jpg",900,420,true]},"rttpg_author":{"display_name":"Redacci\u00f3n El Federal","author_link":"https:\/\/elfederalmendoza.com.ar\/index.php\/author\/angelflores\/"},"rttpg_comment":0,"rttpg_category":"<a href=\"https:\/\/elfederalmendoza.com.ar\/index.php\/category\/arg\/\" rel=\"category tag\">Argentina<\/a>","rttpg_excerpt":"Una reciente decisi\u00f3n del\u00a0Gobierno que autoriza un aumento del precio de la materia prima que cobran productores de yerba mate,\u00a0gener\u00f3 preocupaci\u00f3n en las cadenas industrial y comercial del sector, que advirtieron que\u00a0la medida podr\u00eda impactar en las g\u00f3ndolas\u00a0y ocasionar una baja adicional en el consumo. Se trata de la Resoluci\u00f3n 107\/2023 de la Secretar\u00eda de&hellip;","_links":{"self":[{"href":"https:\/\/elfederalmendoza.com.ar\/index.php\/wp-json\/wp\/v2\/posts\/21725","targetHints":{"allow":["GET"]}}],"collection":[{"href":"https:\/\/elfederalmendoza.com.ar\/index.php\/wp-json\/wp\/v2\/posts"}],"about":[{"href":"https:\/\/elfederalmendoza.com.ar\/index.php\/wp-json\/wp\/v2\/types\/post"}],"author":[{"embeddable":true,"href":"https:\/\/elfederalmendoza.com.ar\/index.php\/wp-json\/wp\/v2\/users\/2"}],"replies":[{"embeddable":true,"href":"https:\/\/elfederalmendoza.com.ar\/index.php\/wp-json\/wp\/v2\/comments?post=21725"}],"version-history":[{"count":1,"href":"https:\/\/elfederalmendoza.com.ar\/index.php\/wp-json\/wp\/v2\/posts\/21725\/revisions"}],"predecessor-version":[{"id":21728,"href":"https:\/\/elfederalmendoza.com.ar\/index.php\/wp-json\/wp\/v2\/posts\/21725\/revisions\/21728"}],"wp:featuredmedia":[{"embeddable":true,"href":"https:\/\/elfederalmendoza.com.ar\/index.php\/wp-json\/wp\/v2\/media\/21727"}],"wp:attachment":[{"href":"https:\/\/elfederalmendoza.com.ar\/index.php\/wp-json\/wp\/v2\/media?parent=21725"}],"wp:term":[{"taxonomy":"category","embeddable":true,"href":"https:\/\/elfederalmendoza.com.ar\/index.php\/wp-json\/wp\/v2\/categories?post=21725"},{"taxonomy":"post_tag","embeddable":true,"href":"https:\/\/elfederalmendoza.com.ar\/index.php\/wp-json\/wp\/v2\/tags?post=21725"}],"curies":[{"name":"wp","href":"https:\/\/api.w.org\/{rel}","templated":true}]}}