{"id":21732,"date":"2023-04-06T11:35:21","date_gmt":"2023-04-06T14:35:21","guid":{"rendered":"https:\/\/elfederalmendoza.com\/?p=21732"},"modified":"2023-04-06T11:35:25","modified_gmt":"2023-04-06T14:35:25","slug":"al-igual-que-el-pro-intervinieron-la-coalicion-civica-de-mendoza","status":"publish","type":"post","link":"https:\/\/elfederalmendoza.com.ar\/index.php\/2023\/04\/06\/al-igual-que-el-pro-intervinieron-la-coalicion-civica-de-mendoza\/","title":{"rendered":"Al igual que el PRO, intervinieron la Coalici\u00f3n C\u00edvica de Mendoza"},"content":{"rendered":"\n<p><strong>La Coalici\u00f3n C\u00edvica (CC) de Mendoza<\/strong>\u00a0fue intervenida por sus autoridades nacionales y se convirti\u00f3 en el segundo partido local que sufre una medida de estas caracter\u00edsticas en pocos d\u00edas. Sin embargo,\u00a0<strong>los motivos\u00a0difirieron a lo ocurrido con el PRO<\/strong>, ya que en este caso fue el propio titular del sello el que pidi\u00f3 el procedimiento.<\/p>\n\n\n\n<p>Seg\u00fan se conoci\u00f3, la Mesa Ejecutiva Nacional de la CC se reuni\u00f3 este mi\u00e9rcoles y design\u00f3 a\u00a0<strong>Marcela Campagnoli y Facundo Del Gaiso<\/strong>\u00a0como interventores y se dieron argumentos acerca de lo sucedido.<\/p>\n\n\n\n<p>\u00abExiste un conflicto pol\u00edtico que afecta el normal desenvolvimiento de la vida partidaria, una imposibilidad de llegar a acuerdos b\u00e1sicos para el normal funcionamiento del partido en ese contexto institucional\u00bb, se se\u00f1ala.<\/p>\n\n\n\n<p>Previamente,\u00a0<strong>el presidente local del espacio, Marcos Quattrini, envi\u00f3 una nota en la que solicitaba la intervenci\u00f3n. En el texto, sostuvo que exist\u00edan \u00abconstantes intentos de desestabilizar el orden partidario\u00bb.<\/strong><\/p>\n\n\n\n<p>Asimismo, asegur\u00f3 que hubo ofrecimiento de cargos sin una comunicaci\u00f3n a las autoridades de la mesa provincial, adem\u00e1s de impedimentos a Quattrini para que representara legalmente el partido, m\u00e1s<strong>&nbsp;\u00abataques y estrategias impropias\u00bb<\/strong>&nbsp;que no velaban por los intereses del partido.<\/p>\n\n\n\n<p>Si bien para la construcci\u00f3n electoral de los acuerdos para los comicios desdoblados en los siete departamentos existi\u00f3 un acercamiento entre la CC y Cambia Mendoza, las cr\u00edticas de sus referentes hacia el liderazgo de Alfredo Cornejo no hab\u00edan cesado y continuaba el resquemor acerca de la utilizaci\u00f3n de un sector del partido -alejado a la conducci\u00f3n- como representante genuino del \u00ablilismo\u00bb en la provincia.<\/p>\n\n\n\n<p><strong>La acci\u00f3n se produce a d\u00edas de la presentaci\u00f3n de frentes partidarios y con la posibilidad de que finalmente la CC se una a la alianza que arman Omar De Marchi y Jorge Difonso como oposici\u00f3n al Gobierno.<\/strong><\/p>\n","protected":false},"excerpt":{"rendered":"<p>La Coalici\u00f3n C\u00edvica (CC) de Mendoza\u00a0fue intervenida por sus autoridades nacionales y se convirti\u00f3 en el segundo partido local que sufre una medida de estas caracter\u00edsticas en pocos d\u00edas. Sin embargo,\u00a0los motivos\u00a0difirieron a lo ocurrido con el PRO, ya que en este caso fue el propio titular del sello el que pidi\u00f3 el procedimiento. Seg\u00fan<a class=\"read-more\" href=\"https:\/\/elfederalmendoza.com.ar\/index.php\/2023\/04\/06\/al-igual-que-el-pro-intervinieron-la-coalicion-civica-de-mendoza\/\"> [&hellip;]<\/a><\/p>\n","protected":false},"author":2,"featured_media":21733,"comment_status":"open","ping_status":"open","sticky":false,"template":"","format":"standard","meta":{"footnotes":""},"categories":[1],"tags":[],"class_list":["post-21732","post","type-post","status-publish","format-standard","has-post-thumbnail","hentry","category-mza"],"rttpg_featured_image_url":{"full":["https:\/\/elfederalmendoza.com.ar\/wp-content\/uploads\/2023\/04\/imagepng.webp",790,592,false],"landscape":["https:\/\/elfederalmendoza.com.ar\/wp-content\/uploads\/2023\/04\/imagepng.webp",790,592,false],"portraits":["https:\/\/elfederalmendoza.com.ar\/wp-content\/uploads\/2023\/04\/imagepng.webp",790,592,false],"thumbnail":["https:\/\/elfederalmendoza.com.ar\/wp-content\/uploads\/2023\/04\/imagepng-150x150.webp",150,150,true],"medium":["https:\/\/elfederalmendoza.com.ar\/wp-content\/uploads\/2023\/04\/imagepng-300x225.webp",300,225,true],"large":["https:\/\/elfederalmendoza.com.ar\/wp-content\/uploads\/2023\/04\/imagepng.webp",640,480,false],"1536x1536":["https:\/\/elfederalmendoza.com.ar\/wp-content\/uploads\/2023\/04\/imagepng.webp",790,592,false],"2048x2048":["https:\/\/elfederalmendoza.com.ar\/wp-content\/uploads\/2023\/04\/imagepng.webp",790,592,false],"ultp_layout_landscape_large":["https:\/\/elfederalmendoza.com.ar\/wp-content\/uploads\/2023\/04\/imagepng.webp",790,592,false],"ultp_layout_landscape":["https:\/\/elfederalmendoza.com.ar\/wp-content\/uploads\/2023\/04\/imagepng-790x570.webp",790,570,true],"ultp_layout_portrait":["https:\/\/elfederalmendoza.com.ar\/wp-content\/uploads\/2023\/04\/imagepng-600x592.webp",600,592,true],"ultp_layout_square":["https:\/\/elfederalmendoza.com.ar\/wp-content\/uploads\/2023\/04\/imagepng-600x592.webp",600,592,true],"rpwe-thumbnail":["https:\/\/elfederalmendoza.com.ar\/wp-content\/uploads\/2023\/04\/imagepng-45x45.webp",45,45,true],"advps-thumb-one":["https:\/\/elfederalmendoza.com.ar\/wp-content\/uploads\/2023\/04\/imagepng-790x420.webp",790,420,true]},"rttpg_author":{"display_name":"Redacci\u00f3n El Federal","author_link":"https:\/\/elfederalmendoza.com.ar\/index.php\/author\/angelflores\/"},"rttpg_comment":0,"rttpg_category":"<a href=\"https:\/\/elfederalmendoza.com.ar\/index.php\/category\/mza\/\" rel=\"category tag\">Mendoza<\/a>","rttpg_excerpt":"La Coalici\u00f3n C\u00edvica (CC) de Mendoza\u00a0fue intervenida por sus autoridades nacionales y se convirti\u00f3 en el segundo partido local que sufre una medida de estas caracter\u00edsticas en pocos d\u00edas. Sin embargo,\u00a0los motivos\u00a0difirieron a lo ocurrido con el PRO, ya que en este caso fue el propio titular del sello el que pidi\u00f3 el procedimiento. Seg\u00fan&hellip;","_links":{"self":[{"href":"https:\/\/elfederalmendoza.com.ar\/index.php\/wp-json\/wp\/v2\/posts\/21732","targetHints":{"allow":["GET"]}}],"collection":[{"href":"https:\/\/elfederalmendoza.com.ar\/index.php\/wp-json\/wp\/v2\/posts"}],"about":[{"href":"https:\/\/elfederalmendoza.com.ar\/index.php\/wp-json\/wp\/v2\/types\/post"}],"author":[{"embeddable":true,"href":"https:\/\/elfederalmendoza.com.ar\/index.php\/wp-json\/wp\/v2\/users\/2"}],"replies":[{"embeddable":true,"href":"https:\/\/elfederalmendoza.com.ar\/index.php\/wp-json\/wp\/v2\/comments?post=21732"}],"version-history":[{"count":1,"href":"https:\/\/elfederalmendoza.com.ar\/index.php\/wp-json\/wp\/v2\/posts\/21732\/revisions"}],"predecessor-version":[{"id":21734,"href":"https:\/\/elfederalmendoza.com.ar\/index.php\/wp-json\/wp\/v2\/posts\/21732\/revisions\/21734"}],"wp:featuredmedia":[{"embeddable":true,"href":"https:\/\/elfederalmendoza.com.ar\/index.php\/wp-json\/wp\/v2\/media\/21733"}],"wp:attachment":[{"href":"https:\/\/elfederalmendoza.com.ar\/index.php\/wp-json\/wp\/v2\/media?parent=21732"}],"wp:term":[{"taxonomy":"category","embeddable":true,"href":"https:\/\/elfederalmendoza.com.ar\/index.php\/wp-json\/wp\/v2\/categories?post=21732"},{"taxonomy":"post_tag","embeddable":true,"href":"https:\/\/elfederalmendoza.com.ar\/index.php\/wp-json\/wp\/v2\/tags?post=21732"}],"curies":[{"name":"wp","href":"https:\/\/api.w.org\/{rel}","templated":true}]}}