{"id":21735,"date":"2023-04-06T12:06:42","date_gmt":"2023-04-06T15:06:42","guid":{"rendered":"https:\/\/elfederalmendoza.com\/?p=21735"},"modified":"2023-04-06T15:50:09","modified_gmt":"2023-04-06T18:50:09","slug":"una-docente-de-general-alvear-fue-acusada-de-golpear-a-un-alumno","status":"publish","type":"post","link":"https:\/\/elfederalmendoza.com.ar\/index.php\/2023\/04\/06\/una-docente-de-general-alvear-fue-acusada-de-golpear-a-un-alumno\/","title":{"rendered":"Una docente de General Alvear fue acusada de golpear a un alumno"},"content":{"rendered":"\n<p><strong>Un hecho escandaloso se vivi\u00f3 este martes en una escuela de\u00a0General Alvear. Una docente est\u00e1 acusada de agredir a un alumno de cuarto a\u00f1o de la Escuela de Comercio 4-112 R\u00edo Atuel<\/strong>. El momento posterior qued\u00f3 registrado por los alumnos, quienes criticaron a la docente por su reacci\u00f3n. El adolescente sufri\u00f3 lesiones en una oreja.<\/p>\n\n\n\n<p>El hecho sucedi\u00f3 este martes por la tarde mientras se dictaba una clase de\u00a0<strong>Tecnolog\u00eda, Sociedad y Conocimiento en el curso de cuarto a\u00f1o de la secundaria de la Escuela de Comercio 4-112 R\u00edo Atuel.<\/strong><\/p>\n\n\n\n<p>En un momento, seg\u00fan relataron unos alumnos, la v\u00edctima se par\u00f3 y se dirigi\u00f3 a tirar un papel al tacho de basura. En ese momento se acerc\u00f3 un chico de otro curso a preguntar por otro adolescente.&nbsp;<strong>La docente, identificada como Mirtha Tapia, lo tom\u00f3 de un brazo y lo mand\u00f3 a sentar.<\/strong><\/p>\n\n\n\n<p>El alumno no se sent\u00f3 y se dirigi\u00f3 nuevamente a la puerta del sal\u00f3n.<strong>&nbsp;En ese instante la profesora cerr\u00f3 la puerta y le peg\u00f3 con el canto en la oreja y le provoc\u00f3 la herida.<\/strong>&nbsp;Antes de esta situaci\u00f3n, a ese mismo alumno ya le hab\u00eda llamado la atenci\u00f3n por otro problema.<\/p>\n\n\n\n<p>El joven, de 17 a\u00f1os, sufri\u00f3 una herida cortante en una de las orejas<strong>. Tras la situaci\u00f3n, explicaron que desde el colegio nunca informaron sobre lo ocurrido y tampoco hicieron ning\u00fan acta.<\/strong><\/p>\n\n\n\n<p>El padre del alumno conoci\u00f3 lo ocurrido cuando reci\u00e9n se lo cont\u00f3 el chico.<strong>&nbsp;Fue en ese momento que se dirigi\u00f3 al establecimiento educativo para buscar respuestas ante la agresi\u00f3n de la docente.<\/strong><\/p>\n","protected":false},"excerpt":{"rendered":"<p>Un hecho escandaloso se vivi\u00f3 este martes en una escuela de\u00a0General Alvear. Una docente est\u00e1 acusada de agredir a un alumno de cuarto a\u00f1o de la Escuela de Comercio 4-112 R\u00edo Atuel. El momento posterior qued\u00f3 registrado por los alumnos, quienes criticaron a la docente por su reacci\u00f3n. El adolescente sufri\u00f3 lesiones en una oreja.<a class=\"read-more\" href=\"https:\/\/elfederalmendoza.com.ar\/index.php\/2023\/04\/06\/una-docente-de-general-alvear-fue-acusada-de-golpear-a-un-alumno\/\"> [&hellip;]<\/a><\/p>\n","protected":false},"author":2,"featured_media":21736,"comment_status":"open","ping_status":"open","sticky":false,"template":"","format":"standard","meta":{"footnotes":""},"categories":[1],"tags":[],"class_list":["post-21735","post","type-post","status-publish","format-standard","has-post-thumbnail","hentry","category-mza"],"rttpg_featured_image_url":{"full":["https:\/\/elfederalmendoza.com.ar\/wp-content\/uploads\/2023\/04\/agresion-escuela-alvearjpg.webp",790,444,false],"landscape":["https:\/\/elfederalmendoza.com.ar\/wp-content\/uploads\/2023\/04\/agresion-escuela-alvearjpg.webp",790,444,false],"portraits":["https:\/\/elfederalmendoza.com.ar\/wp-content\/uploads\/2023\/04\/agresion-escuela-alvearjpg.webp",790,444,false],"thumbnail":["https:\/\/elfederalmendoza.com.ar\/wp-content\/uploads\/2023\/04\/agresion-escuela-alvearjpg-150x150.webp",150,150,true],"medium":["https:\/\/elfederalmendoza.com.ar\/wp-content\/uploads\/2023\/04\/agresion-escuela-alvearjpg-300x169.webp",300,169,true],"large":["https:\/\/elfederalmendoza.com.ar\/wp-content\/uploads\/2023\/04\/agresion-escuela-alvearjpg.webp",640,360,false],"1536x1536":["https:\/\/elfederalmendoza.com.ar\/wp-content\/uploads\/2023\/04\/agresion-escuela-alvearjpg.webp",790,444,false],"2048x2048":["https:\/\/elfederalmendoza.com.ar\/wp-content\/uploads\/2023\/04\/agresion-escuela-alvearjpg.webp",790,444,false],"ultp_layout_landscape_large":["https:\/\/elfederalmendoza.com.ar\/wp-content\/uploads\/2023\/04\/agresion-escuela-alvearjpg.webp",790,444,false],"ultp_layout_landscape":["https:\/\/elfederalmendoza.com.ar\/wp-content\/uploads\/2023\/04\/agresion-escuela-alvearjpg.webp",790,444,false],"ultp_layout_portrait":["https:\/\/elfederalmendoza.com.ar\/wp-content\/uploads\/2023\/04\/agresion-escuela-alvearjpg-600x444.webp",600,444,true],"ultp_layout_square":["https:\/\/elfederalmendoza.com.ar\/wp-content\/uploads\/2023\/04\/agresion-escuela-alvearjpg-600x444.webp",600,444,true],"rpwe-thumbnail":["https:\/\/elfederalmendoza.com.ar\/wp-content\/uploads\/2023\/04\/agresion-escuela-alvearjpg-45x45.webp",45,45,true],"advps-thumb-one":["https:\/\/elfederalmendoza.com.ar\/wp-content\/uploads\/2023\/04\/agresion-escuela-alvearjpg-790x420.webp",790,420,true]},"rttpg_author":{"display_name":"Redacci\u00f3n El Federal","author_link":"https:\/\/elfederalmendoza.com.ar\/index.php\/author\/angelflores\/"},"rttpg_comment":0,"rttpg_category":"<a href=\"https:\/\/elfederalmendoza.com.ar\/index.php\/category\/mza\/\" rel=\"category tag\">Mendoza<\/a>","rttpg_excerpt":"Un hecho escandaloso se vivi\u00f3 este martes en una escuela de\u00a0General Alvear. Una docente est\u00e1 acusada de agredir a un alumno de cuarto a\u00f1o de la Escuela de Comercio 4-112 R\u00edo Atuel. El momento posterior qued\u00f3 registrado por los alumnos, quienes criticaron a la docente por su reacci\u00f3n. El adolescente sufri\u00f3 lesiones en una oreja.&hellip;","_links":{"self":[{"href":"https:\/\/elfederalmendoza.com.ar\/index.php\/wp-json\/wp\/v2\/posts\/21735","targetHints":{"allow":["GET"]}}],"collection":[{"href":"https:\/\/elfederalmendoza.com.ar\/index.php\/wp-json\/wp\/v2\/posts"}],"about":[{"href":"https:\/\/elfederalmendoza.com.ar\/index.php\/wp-json\/wp\/v2\/types\/post"}],"author":[{"embeddable":true,"href":"https:\/\/elfederalmendoza.com.ar\/index.php\/wp-json\/wp\/v2\/users\/2"}],"replies":[{"embeddable":true,"href":"https:\/\/elfederalmendoza.com.ar\/index.php\/wp-json\/wp\/v2\/comments?post=21735"}],"version-history":[{"count":1,"href":"https:\/\/elfederalmendoza.com.ar\/index.php\/wp-json\/wp\/v2\/posts\/21735\/revisions"}],"predecessor-version":[{"id":21737,"href":"https:\/\/elfederalmendoza.com.ar\/index.php\/wp-json\/wp\/v2\/posts\/21735\/revisions\/21737"}],"wp:featuredmedia":[{"embeddable":true,"href":"https:\/\/elfederalmendoza.com.ar\/index.php\/wp-json\/wp\/v2\/media\/21736"}],"wp:attachment":[{"href":"https:\/\/elfederalmendoza.com.ar\/index.php\/wp-json\/wp\/v2\/media?parent=21735"}],"wp:term":[{"taxonomy":"category","embeddable":true,"href":"https:\/\/elfederalmendoza.com.ar\/index.php\/wp-json\/wp\/v2\/categories?post=21735"},{"taxonomy":"post_tag","embeddable":true,"href":"https:\/\/elfederalmendoza.com.ar\/index.php\/wp-json\/wp\/v2\/tags?post=21735"}],"curies":[{"name":"wp","href":"https:\/\/api.w.org\/{rel}","templated":true}]}}