{"id":21738,"date":"2023-04-06T13:03:48","date_gmt":"2023-04-06T16:03:48","guid":{"rendered":"https:\/\/elfederalmendoza.com\/?p=21738"},"modified":"2023-04-06T16:44:29","modified_gmt":"2023-04-06T19:44:29","slug":"el-gobernador-de-mendoza-se-fortalece-como-candidato-a-la-vicepresidencia-lo-quiere-patricia-bullrich-y-rodriguez-larreta","status":"publish","type":"post","link":"https:\/\/elfederalmendoza.com.ar\/index.php\/2023\/04\/06\/el-gobernador-de-mendoza-se-fortalece-como-candidato-a-la-vicepresidencia-lo-quiere-patricia-bullrich-y-rodriguez-larreta\/","title":{"rendered":"El gobernador de Mendoza se fortalece como candidato a la vicepresidencia: lo quieren Patricia Bullrich y Rodr\u00edguez Larreta"},"content":{"rendered":"\n<p>El escenario pol\u00edtico en el interior de<strong>\u00a0Juntos por el Cambio<\/strong>\u00a0se mueve ferozmente en las \u00faltimas horas no solo en Mendoza, en donde<strong>\u00a0Omar De Marchi peg\u00f3 el portazo<\/strong>\u00a0para irse de Cambia Mendoza y competir por afuera por ser gobernador, sino tambi\u00e9n en Buenos Aires, donde se tejen las candidaturas para las\u00a0<strong>presidenciales<\/strong>.<\/p>\n\n\n\n<p>Quien qued\u00f3 en medio de los tires y aflojes es nada m\u00e1s y nada menos que el gobernador de Mendoza,<strong>\u00a0Rodolfo Suarez, que en su futuro pol\u00edtico inmediato tendr\u00eda una precandidatura a la vicepresidencia de la Naci\u00f3n.<\/strong><\/p>\n\n\n\n<p>Este fin de semana comenz\u00f3 a sonar m\u00e1s fuerte una\u00a0<strong>versi\u00f3n que lo sit\u00faa acompa\u00f1ando en una f\u00f3rmula cruzada a Patricia Bullrich, l\u00edder del PRO<\/strong>. Desde su entorno no solo no lo descartan, sino que la potencian y hasta\u00a0<strong>aportan que\u00a0Horacio Rodr\u00edguez Larreta, hoy disgustado con la decisi\u00f3n de De Marchi, tambi\u00e9n lo tiene en la mira como su posible vice<\/strong>.<\/p>\n\n\n\n<p>Por c\u00f3mo qued\u00f3 repartido el juego en las elecciones pasadas, Suarez ser\u00eda el reemplazante natural de Alfredo Cornejo en el Senado si este fuera electo gobernador en Mendoza una vez m\u00e1s. Y es este el futuro que m\u00e1s lo seduce. Sin embargo,&nbsp;<strong>entienden en la Casa de Gobierno que si es el elegido para una f\u00f3rmula presidencial, no tendr\u00eda muchas chances de decir que no.<\/strong><\/p>\n\n\n\n<h2 class=\"wp-block-heading\">Suarez, el \u00abradical del interior\u00bb que pica para ser el vice de Bullrich<\/h2>\n\n\n\n<p>El gobernador de Mendoza, junto con Alfredo Cornejo, forma parte de lo que en Buenos Aires llaman el Grupo Malbec. Tambi\u00e9n participan algunos de los radicales que se tomaron la pol\u00e9mica foto con Patricia Bullrich durante el almuerzo de Bodegas de Argentina en plena Vendimia.<\/p>\n\n\n\n<p><strong>Dicen que fue en ese encuentro que la f\u00f3rmula cruzada entre la l\u00edder del PRO y alguno de los que estaban all\u00ed sentados tom\u00f3 m\u00e1s fuerza<\/strong>, y que hoy por hoy, ya se sabe que el precandidato a vice saldr\u00e1 de ellos.<\/p>\n\n\n\n<figure class=\"wp-block-image\"><img decoding=\"async\" src=\"https:\/\/media.diariouno.com.ar\/p\/291287a22e37ee287509cac35e5bf61e\/adjuntos\/298\/imagenes\/009\/137\/0009137783\/1200x0\/smart\/patricia-bullrich-vendimiajpg.jpg\" alt=\"Patricia Bullrich y Rodolfo Suarez uno al lado del otro. Esa foto podr\u00eda repetirse si se confirma una f\u00f3rmula cruzada entre ambos.\"\/><\/figure>\n\n\n\n<p>Patricia Bullrich y Rodolfo Suarez uno al lado del otro. Esa foto podr\u00eda repetirse si se confirma una f\u00f3rmula cruzada entre ambos.<\/p>\n\n\n\n<p><strong>Rodrigo de Loredo, Gustavo Vald\u00e9s,<\/strong>&nbsp;gobernador de Corrientes y&nbsp;<strong>Rodolfo Suarez,<\/strong>&nbsp;de Mendoza, son los tres que sonaron desde Buenos Aires, puntualmente en una nota publicada por Infobae el domingo.<\/p>\n\n\n\n<p>El primero qued\u00f3 descartado. Jugar\u00e1 en C\u00f3rdoba, dicen desde el radicalismo mendocino desde donde hasta se animan a confirmar que ser\u00e1 candidato a intendente de la capital cordobesa (y no compa\u00f1ero de f\u00f3rmula de Luis Juez para disputar la gobernaci\u00f3n).<\/p>\n\n\n\n<p>Vald\u00e9s hoy es gobernador en Corrientes y a\u00fan le quedan dos a\u00f1os m\u00e1s de gesti\u00f3n por lo que tambi\u00e9n lo ven lejos en Mendoza. Se nombr\u00f3 tambi\u00e9n en alg\u00fan momento a Carolina Losada pero no solo no ser\u00eda la elegida, sino que ella no tendr\u00eda en la mira ese cargo.<\/p>\n\n\n\n<p>As\u00ed planteado el escenario,&nbsp;<strong>es Rodolfo Suarez el que tiene todas las fichas para ser el vice de Bullrich en la PASO contra Rodr\u00edguez Larreta, quien tambi\u00e9n lo tiene en el radar aunque apuntar\u00eda m\u00e1s al formose\u00f1o Luis Naidenoff<\/strong>.<\/p>\n\n\n\n<h2 class=\"wp-block-heading\">F\u00f3rmulas cruzadas<\/h2>\n\n\n\n<p>Para que aquellos escenarios se den,<strong>&nbsp;con el radical Gerardo Morales tambi\u00e9n lanzado a la presidencia y, por qu\u00e9 no, Facundo Manes, primero se deber\u00eda acordar que efectivamente habr\u00e1 f\u00f3rmulas cruzadas.<\/strong><\/p>\n\n\n\n<p>El propio&nbsp;<strong>Morales<\/strong>, hoy presidente de la UCR, ya dijo que podr\u00eda llevar como vice a \u00abalg\u00fan peronista que integra el frente\u00bb; mientras que Bullrich dio por hecho que el suyo ser\u00e1 un \u00abradical del interior\u00bb.<\/p>\n\n\n\n<p>En las \u00faltimas horas, incluso, en este ida y vuelta de nombres,&nbsp;<strong>tambi\u00e9n se dice que Morales podr\u00eda bajarse para ser el compa\u00f1ero de f\u00f3rmula de Rodr\u00edguez Larreta.<\/strong><\/p>\n\n\n\n<p>Si as\u00ed fuera,<strong>&nbsp;quedar\u00edan del lado de Bullrich los mendocinos Cornejo y Suarez, y del lado del Jefe porte\u00f1o el presidente de la UCR, que en Mendoza tiene como representante a Julio Cobos.<\/strong><\/p>\n\n\n\n<h2 class=\"wp-block-heading\">\u00bfY Omar De Marchi?<\/h2>\n\n\n\n<p>Habr\u00e1 que esperar a&nbsp;<strong>que se calmen las cosas para saber c\u00f3mo queda parado Omar De Marchi en el escenario nacional.&nbsp;<\/strong>Su espacio afirma que Rodr\u00edguez Larreta no le dio la espalda, sino libertad de acci\u00f3n, aunque siempre abog\u00f3 por la unidad.<\/p>\n\n\n\n<p>Larreta fue uno de los que dio el ok para la intervenci\u00f3n del partido en Mendoza y forzar que el sello quede dentro de Cambia Mendoza.<\/p>\n\n\n\n<figure class=\"wp-block-image\"><img decoding=\"async\" src=\"https:\/\/media.diariouno.com.ar\/p\/e7a3e04b5adcc2730b6f291b65046b57\/adjuntos\/298\/imagenes\/009\/137\/0009137737\/1200x0\/smart\/omar-marchi-rodriguez-larretajpg.jpg\" alt=\"De Marchi y Rodr\u00edguez Larreta. \u00bfQu\u00e9 pasar\u00e1 entre ellos?\"\/><\/figure>\n\n\n\n<p>De Marchi y Rodr\u00edguez Larreta. \u00bfQu\u00e9 pasar\u00e1 entre ellos?<\/p>\n\n\n\n<p>Aunque tambi\u00e9n dijo p\u00fablicamente:&nbsp;<strong>\u00abNo hay ning\u00fan riesgo como pa\u00eds de que en Juntos por el Cambio a nivel nacional tengamos problemas\u00bb.&nbsp;<\/strong>Y&nbsp;<strong>es lo mismo que en Mendoza repite De Marchi<\/strong>, quien hasta ahora sigue firme promoviendo la precandidatura del jefe porte\u00f1o.<\/p>\n","protected":false},"excerpt":{"rendered":"<p>El escenario pol\u00edtico en el interior de\u00a0Juntos por el Cambio\u00a0se mueve ferozmente en las \u00faltimas horas no solo en Mendoza, en donde\u00a0Omar De Marchi peg\u00f3 el portazo\u00a0para irse de Cambia Mendoza y competir por afuera por ser gobernador, sino tambi\u00e9n en Buenos Aires, donde se tejen las candidaturas para las\u00a0presidenciales. Quien qued\u00f3 en medio de<a class=\"read-more\" href=\"https:\/\/elfederalmendoza.com.ar\/index.php\/2023\/04\/06\/el-gobernador-de-mendoza-se-fortalece-como-candidato-a-la-vicepresidencia-lo-quiere-patricia-bullrich-y-rodriguez-larreta\/\"> [&hellip;]<\/a><\/p>\n","protected":false},"author":2,"featured_media":21739,"comment_status":"open","ping_status":"open","sticky":false,"template":"","format":"standard","meta":{"footnotes":""},"categories":[1],"tags":[],"class_list":["post-21738","post","type-post","status-publish","format-standard","has-post-thumbnail","hentry","category-mza"],"rttpg_featured_image_url":{"full":["https:\/\/elfederalmendoza.com.ar\/wp-content\/uploads\/2023\/04\/suarez-ypf.jpg",1064,632,false],"landscape":["https:\/\/elfederalmendoza.com.ar\/wp-content\/uploads\/2023\/04\/suarez-ypf.jpg",1064,632,false],"portraits":["https:\/\/elfederalmendoza.com.ar\/wp-content\/uploads\/2023\/04\/suarez-ypf.jpg",1064,632,false],"thumbnail":["https:\/\/elfederalmendoza.com.ar\/wp-content\/uploads\/2023\/04\/suarez-ypf-150x150.jpg",150,150,true],"medium":["https:\/\/elfederalmendoza.com.ar\/wp-content\/uploads\/2023\/04\/suarez-ypf-300x178.jpg",300,178,true],"large":["https:\/\/elfederalmendoza.com.ar\/wp-content\/uploads\/2023\/04\/suarez-ypf-1024x608.jpg",640,380,true],"1536x1536":["https:\/\/elfederalmendoza.com.ar\/wp-content\/uploads\/2023\/04\/suarez-ypf.jpg",1064,632,false],"2048x2048":["https:\/\/elfederalmendoza.com.ar\/wp-content\/uploads\/2023\/04\/suarez-ypf.jpg",1064,632,false],"ultp_layout_landscape_large":["https:\/\/elfederalmendoza.com.ar\/wp-content\/uploads\/2023\/04\/suarez-ypf.jpg",1064,632,false],"ultp_layout_landscape":["https:\/\/elfederalmendoza.com.ar\/wp-content\/uploads\/2023\/04\/suarez-ypf-870x570.jpg",870,570,true],"ultp_layout_portrait":["https:\/\/elfederalmendoza.com.ar\/wp-content\/uploads\/2023\/04\/suarez-ypf-600x632.jpg",600,632,true],"ultp_layout_square":["https:\/\/elfederalmendoza.com.ar\/wp-content\/uploads\/2023\/04\/suarez-ypf-600x600.jpg",600,600,true],"rpwe-thumbnail":["https:\/\/elfederalmendoza.com.ar\/wp-content\/uploads\/2023\/04\/suarez-ypf-45x45.jpg",45,45,true],"advps-thumb-one":["https:\/\/elfederalmendoza.com.ar\/wp-content\/uploads\/2023\/04\/suarez-ypf-1064x420.jpg",1064,420,true]},"rttpg_author":{"display_name":"Redacci\u00f3n El Federal","author_link":"https:\/\/elfederalmendoza.com.ar\/index.php\/author\/angelflores\/"},"rttpg_comment":0,"rttpg_category":"<a href=\"https:\/\/elfederalmendoza.com.ar\/index.php\/category\/mza\/\" rel=\"category tag\">Mendoza<\/a>","rttpg_excerpt":"El escenario pol\u00edtico en el interior de\u00a0Juntos por el Cambio\u00a0se mueve ferozmente en las \u00faltimas horas no solo en Mendoza, en donde\u00a0Omar De Marchi peg\u00f3 el portazo\u00a0para irse de Cambia Mendoza y competir por afuera por ser gobernador, sino tambi\u00e9n en Buenos Aires, donde se tejen las candidaturas para las\u00a0presidenciales. Quien qued\u00f3 en medio de&hellip;","_links":{"self":[{"href":"https:\/\/elfederalmendoza.com.ar\/index.php\/wp-json\/wp\/v2\/posts\/21738","targetHints":{"allow":["GET"]}}],"collection":[{"href":"https:\/\/elfederalmendoza.com.ar\/index.php\/wp-json\/wp\/v2\/posts"}],"about":[{"href":"https:\/\/elfederalmendoza.com.ar\/index.php\/wp-json\/wp\/v2\/types\/post"}],"author":[{"embeddable":true,"href":"https:\/\/elfederalmendoza.com.ar\/index.php\/wp-json\/wp\/v2\/users\/2"}],"replies":[{"embeddable":true,"href":"https:\/\/elfederalmendoza.com.ar\/index.php\/wp-json\/wp\/v2\/comments?post=21738"}],"version-history":[{"count":2,"href":"https:\/\/elfederalmendoza.com.ar\/index.php\/wp-json\/wp\/v2\/posts\/21738\/revisions"}],"predecessor-version":[{"id":21744,"href":"https:\/\/elfederalmendoza.com.ar\/index.php\/wp-json\/wp\/v2\/posts\/21738\/revisions\/21744"}],"wp:featuredmedia":[{"embeddable":true,"href":"https:\/\/elfederalmendoza.com.ar\/index.php\/wp-json\/wp\/v2\/media\/21739"}],"wp:attachment":[{"href":"https:\/\/elfederalmendoza.com.ar\/index.php\/wp-json\/wp\/v2\/media?parent=21738"}],"wp:term":[{"taxonomy":"category","embeddable":true,"href":"https:\/\/elfederalmendoza.com.ar\/index.php\/wp-json\/wp\/v2\/categories?post=21738"},{"taxonomy":"post_tag","embeddable":true,"href":"https:\/\/elfederalmendoza.com.ar\/index.php\/wp-json\/wp\/v2\/tags?post=21738"}],"curies":[{"name":"wp","href":"https:\/\/api.w.org\/{rel}","templated":true}]}}