{"id":21746,"date":"2023-04-06T04:44:00","date_gmt":"2023-04-06T07:44:00","guid":{"rendered":"https:\/\/elfederalmendoza.com\/?p=21746"},"modified":"2023-04-06T16:46:37","modified_gmt":"2023-04-06T19:46:37","slug":"disturbios-con-alumnos-de-colegios-de-junin-en-la-presentacion-de-camperas","status":"publish","type":"post","link":"https:\/\/elfederalmendoza.com.ar\/index.php\/2023\/04\/06\/disturbios-con-alumnos-de-colegios-de-junin-en-la-presentacion-de-camperas\/","title":{"rendered":"Disturbios con alumnos de colegios de Jun\u00edn en la presentaci\u00f3n de camperas"},"content":{"rendered":"\n<p><strong>Padres del colegio 4-055\u00a0 Presb\u00edtero Constantino Spagnolo<\/strong>, del departamento de<strong>\u00a0Jun\u00edn<\/strong>, denunciaron que el establecimiento escolar\u00a0<strong>fue vandalizado por un grupo de estudiantes de la escuela Arboit,<\/strong>\u00a0de la misma comuna, en el marco de la presentaci\u00f3n de camperas.<\/p>\n\n\n\n<p>Seg\u00fan publica el sitio Mega Noticias Mendoza, los adultos se manifestaron preocupados porque, seg\u00fan afirmaron,&nbsp;<strong>sus hijos quedaron rehenes en medio del accionar de los estudiantes visitantes<\/strong>&nbsp;que llegaron al establecimiento ubicado en C. Nicol\u00e1s Videla S\/N y lo&nbsp;<strong>atacaron con piedras, aceite, vino y pintura<\/strong>.&nbsp;<\/p>\n\n\n\n<p>Afirman que incluso algunos alumnos tambi\u00e9n fueron alcanzados por las agresiones. Detallaron que<strong>\u00a0sus propios hijos les mandaban mensajes relatando lo que estaba ocurriendo en el colegio<\/strong>.\u00a0<\/p>\n\n\n<div class=\"wp-block-image\">\n<figure class=\"aligncenter size-full\"><img loading=\"lazy\" decoding=\"async\" width=\"446\" height=\"451\" src=\"https:\/\/elfederalmendoza.com\/wp-content\/uploads\/2023\/04\/642ee4112f822.jpg\" alt=\"\" class=\"wp-image-21747\" srcset=\"https:\/\/elfederalmendoza.com.ar\/wp-content\/uploads\/2023\/04\/642ee4112f822.jpg 446w, https:\/\/elfederalmendoza.com.ar\/wp-content\/uploads\/2023\/04\/642ee4112f822-297x300.jpg 297w, https:\/\/elfederalmendoza.com.ar\/wp-content\/uploads\/2023\/04\/642ee4112f822-45x45.jpg 45w\" sizes=\"auto, (max-width: 446px) 100vw, 446px\" \/><\/figure><\/div>\n\n\n<p>Asimismo, sostienen que&nbsp;<strong>el hecho se produjo en el marco de la presentaci\u00f3n de camperas de la promoci\u00f3n de la escuela Arboit<\/strong>, quienes tomaron la decisi\u00f3n de dirigirse al Spagnolo y provocar los desmanes.&nbsp;<\/p>\n\n\n\n<p>Al parecer,&nbsp;<strong>la rivalidad entre ambos establecimientos secundarios se viene registrando desde hace d\u00e9cadas<\/strong>, incluso en otras oportunidades con petardos o c\u00e1nticos. \u00abLo que ocurri\u00f3 hoy pas\u00f3 los l\u00edmites\u00bb, manifestaron los padres de los alumnos.<\/p>\n","protected":false},"excerpt":{"rendered":"<p>Padres del colegio 4-055\u00a0 Presb\u00edtero Constantino Spagnolo, del departamento de\u00a0Jun\u00edn, denunciaron que el establecimiento escolar\u00a0fue vandalizado por un grupo de estudiantes de la escuela Arboit,\u00a0de la misma comuna, en el marco de la presentaci\u00f3n de camperas. Seg\u00fan publica el sitio Mega Noticias Mendoza, los adultos se manifestaron preocupados porque, seg\u00fan afirmaron,&nbsp;sus hijos quedaron rehenes en<a class=\"read-more\" href=\"https:\/\/elfederalmendoza.com.ar\/index.php\/2023\/04\/06\/disturbios-con-alumnos-de-colegios-de-junin-en-la-presentacion-de-camperas\/\"> [&hellip;]<\/a><\/p>\n","protected":false},"author":2,"featured_media":21748,"comment_status":"open","ping_status":"open","sticky":false,"template":"","format":"standard","meta":{"footnotes":""},"categories":[1],"tags":[],"class_list":["post-21746","post","type-post","status-publish","format-standard","has-post-thumbnail","hentry","category-mza"],"rttpg_featured_image_url":{"full":["https:\/\/elfederalmendoza.com.ar\/wp-content\/uploads\/2023\/04\/642ee3cc139aa_1024_440.webp",1024,440,false],"landscape":["https:\/\/elfederalmendoza.com.ar\/wp-content\/uploads\/2023\/04\/642ee3cc139aa_1024_440.webp",1024,440,false],"portraits":["https:\/\/elfederalmendoza.com.ar\/wp-content\/uploads\/2023\/04\/642ee3cc139aa_1024_440.webp",1024,440,false],"thumbnail":["https:\/\/elfederalmendoza.com.ar\/wp-content\/uploads\/2023\/04\/642ee3cc139aa_1024_440-150x150.webp",150,150,true],"medium":["https:\/\/elfederalmendoza.com.ar\/wp-content\/uploads\/2023\/04\/642ee3cc139aa_1024_440-300x129.webp",300,129,true],"large":["https:\/\/elfederalmendoza.com.ar\/wp-content\/uploads\/2023\/04\/642ee3cc139aa_1024_440.webp",640,275,false],"1536x1536":["https:\/\/elfederalmendoza.com.ar\/wp-content\/uploads\/2023\/04\/642ee3cc139aa_1024_440.webp",1024,440,false],"2048x2048":["https:\/\/elfederalmendoza.com.ar\/wp-content\/uploads\/2023\/04\/642ee3cc139aa_1024_440.webp",1024,440,false],"ultp_layout_landscape_large":["https:\/\/elfederalmendoza.com.ar\/wp-content\/uploads\/2023\/04\/642ee3cc139aa_1024_440.webp",1024,440,false],"ultp_layout_landscape":["https:\/\/elfederalmendoza.com.ar\/wp-content\/uploads\/2023\/04\/642ee3cc139aa_1024_440-870x440.webp",870,440,true],"ultp_layout_portrait":["https:\/\/elfederalmendoza.com.ar\/wp-content\/uploads\/2023\/04\/642ee3cc139aa_1024_440-600x440.webp",600,440,true],"ultp_layout_square":["https:\/\/elfederalmendoza.com.ar\/wp-content\/uploads\/2023\/04\/642ee3cc139aa_1024_440-600x440.webp",600,440,true],"rpwe-thumbnail":["https:\/\/elfederalmendoza.com.ar\/wp-content\/uploads\/2023\/04\/642ee3cc139aa_1024_440-45x45.webp",45,45,true],"advps-thumb-one":["https:\/\/elfederalmendoza.com.ar\/wp-content\/uploads\/2023\/04\/642ee3cc139aa_1024_440-1024x420.webp",1024,420,true]},"rttpg_author":{"display_name":"Redacci\u00f3n El Federal","author_link":"https:\/\/elfederalmendoza.com.ar\/index.php\/author\/angelflores\/"},"rttpg_comment":0,"rttpg_category":"<a href=\"https:\/\/elfederalmendoza.com.ar\/index.php\/category\/mza\/\" rel=\"category tag\">Mendoza<\/a>","rttpg_excerpt":"Padres del colegio 4-055\u00a0 Presb\u00edtero Constantino Spagnolo, del departamento de\u00a0Jun\u00edn, denunciaron que el establecimiento escolar\u00a0fue vandalizado por un grupo de estudiantes de la escuela Arboit,\u00a0de la misma comuna, en el marco de la presentaci\u00f3n de camperas. Seg\u00fan publica el sitio Mega Noticias Mendoza, los adultos se manifestaron preocupados porque, seg\u00fan afirmaron,&nbsp;sus hijos quedaron rehenes en&hellip;","_links":{"self":[{"href":"https:\/\/elfederalmendoza.com.ar\/index.php\/wp-json\/wp\/v2\/posts\/21746","targetHints":{"allow":["GET"]}}],"collection":[{"href":"https:\/\/elfederalmendoza.com.ar\/index.php\/wp-json\/wp\/v2\/posts"}],"about":[{"href":"https:\/\/elfederalmendoza.com.ar\/index.php\/wp-json\/wp\/v2\/types\/post"}],"author":[{"embeddable":true,"href":"https:\/\/elfederalmendoza.com.ar\/index.php\/wp-json\/wp\/v2\/users\/2"}],"replies":[{"embeddable":true,"href":"https:\/\/elfederalmendoza.com.ar\/index.php\/wp-json\/wp\/v2\/comments?post=21746"}],"version-history":[{"count":1,"href":"https:\/\/elfederalmendoza.com.ar\/index.php\/wp-json\/wp\/v2\/posts\/21746\/revisions"}],"predecessor-version":[{"id":21749,"href":"https:\/\/elfederalmendoza.com.ar\/index.php\/wp-json\/wp\/v2\/posts\/21746\/revisions\/21749"}],"wp:featuredmedia":[{"embeddable":true,"href":"https:\/\/elfederalmendoza.com.ar\/index.php\/wp-json\/wp\/v2\/media\/21748"}],"wp:attachment":[{"href":"https:\/\/elfederalmendoza.com.ar\/index.php\/wp-json\/wp\/v2\/media?parent=21746"}],"wp:term":[{"taxonomy":"category","embeddable":true,"href":"https:\/\/elfederalmendoza.com.ar\/index.php\/wp-json\/wp\/v2\/categories?post=21746"},{"taxonomy":"post_tag","embeddable":true,"href":"https:\/\/elfederalmendoza.com.ar\/index.php\/wp-json\/wp\/v2\/tags?post=21746"}],"curies":[{"name":"wp","href":"https:\/\/api.w.org\/{rel}","templated":true}]}}