{"id":21756,"date":"2023-04-07T09:53:42","date_gmt":"2023-04-07T12:53:42","guid":{"rendered":"https:\/\/elfederalmendoza.com\/?p=21756"},"modified":"2023-04-07T09:53:44","modified_gmt":"2023-04-07T12:53:44","slug":"invasion-de-chilenos-en-mendoza","status":"publish","type":"post","link":"https:\/\/elfederalmendoza.com.ar\/index.php\/2023\/04\/07\/invasion-de-chilenos-en-mendoza\/","title":{"rendered":"Invasi\u00f3n de chilenos en Mendoza"},"content":{"rendered":"\n<p>El complejo de Horcones trabaja con la totalidad de sus cabinas para atender a los visitantes de Chile que llegan a Mendoza para pasar esta Semana Santa. <strong>El paso internacional se mantiene abierto las 24 horas y las condiciones del tiempo son buenas.<\/strong><\/p>\n\n\n\n<p>Una gran cantidad de chilenos<strong>\u00a0ingresaron a nuestro pa\u00eds por el complejo Roque Carranza, en Horcones<\/strong>, para disfrutar de esta\u00a0<strong>Semana Santa<\/strong>\u00a0en Mendoza. Indicaron que la mayor\u00eda de los visitantes viajan en una misma franja horaria y por eso se producen demoras, pero que\u00a0<strong>trabajan a pleno<\/strong>\u00a0para minimizar los tiempos de espera.<\/p>\n\n\n\n<p>Durante la noche del jueves y madrugada de este viernes hubo un<strong>\u00a0intenso movimiento de veh\u00edculos chilenos<\/strong>\u00a0con destino hacia la Ciudad de Mendoza, seg\u00fan informaron desde la coordinaci\u00f3n del Paso Cristo Redentor.<\/p>\n\n\n\n<figure class=\"wp-block-image\"><img decoding=\"async\" src=\"https:\/\/media.diariouno.com.ar\/p\/a562f539259cd69d56188c0351b895f6\/adjuntos\/298\/imagenes\/009\/068\/0009068931\/1200x0\/smart\/este-sabado-el-complejo-aduanero-horcones-el-paso-cristo-redentor-se-vio-colapsado-una-inmensa-cantidad-vehiculos-que-retornaban-chile-omar-marchi-hizo-duras-criticas-al-gobierno-nacional.jpg\" alt=\"Aseguraron que fue intenso el movimiento de veh\u00edculos que ingresaron por Horcones hacia Mendoza para pasar esta Semana Santa 2023.\"\/><\/figure>\n\n\n\n<p>Aseguraron que fue intenso el movimiento de veh\u00edculos que ingresaron por Horcones hacia Mendoza para pasar esta Semana Santa 2023.<\/p>\n\n\n\n<p>Ante las largas colas que se produjeron, indicaron que en este tipo de feriados largos \u00abla gente quiere aprovechar al m\u00e1ximo su tiempo y&nbsp;<strong>viaja en una misma franja horaria, gener\u00e1ndose largas filas de autos<\/strong>\u00ab.<\/p>\n\n\n\n<p>De todas formas, aseguraron que para bajar los tiempos de espera \u00abse ocupa toda la infraestructura disponible con\u00a0<strong>ocho puntos de atenci\u00f3n<\/strong>\u00ab.<\/p>\n\n\n\n<figure class=\"wp-block-image size-full is-resized\"><img loading=\"lazy\" decoding=\"async\" src=\"https:\/\/elfederalmendoza.com\/wp-content\/uploads\/2023\/04\/invasion.jpg\" alt=\"\" class=\"wp-image-21757\" width=\"953\" height=\"536\" srcset=\"https:\/\/elfederalmendoza.com.ar\/wp-content\/uploads\/2023\/04\/invasion.jpg 809w, https:\/\/elfederalmendoza.com.ar\/wp-content\/uploads\/2023\/04\/invasion-300x169.jpg 300w, https:\/\/elfederalmendoza.com.ar\/wp-content\/uploads\/2023\/04\/invasion-768x432.jpg 768w\" sizes=\"auto, (max-width: 953px) 100vw, 953px\" \/><\/figure>\n\n\n\n<h2 class=\"wp-block-heading\">Ingresos a Mendoza por el Paso Cristo Redentor<\/h2>\n\n\n\n<p>En cambio, por el paso Pehuenche, en Malarg\u00fce, durante el jueves se&nbsp;<strong>registraron 435 personas en 124 veh\u00edculos que salieron hacia Chile, mientras que ingresaron 675 personas en 200 veh\u00edculos.<\/strong>&nbsp;Adem\u00e1s, tres camiones de tr\u00e1nsito de cargas internacionales.<\/p>\n\n\n\n<p>Hasta las 19 del jueves informaron que&nbsp;<strong>ingresaron por Horcones 6.035 personas y salieron hacia Chile 4.100 personas<\/strong>, pero durante la noche el movimiento fue muy intenso por lo que hay una gran expectativa que sean muchos m\u00e1s los visitantes chilenos para esta Semana Santa en Mendoza.<\/p>\n\n\n\n<p>El paso internacional<strong>&nbsp;Pehuenche funciona de 9 a 18<\/strong>, pero quienes quieren cruzar al vecino pa\u00eds pueden hacerlo hasta las 17.30.<\/p>\n\n\n\n<figure class=\"wp-block-image\"><img decoding=\"async\" src=\"https:\/\/media.diariouno.com.ar\/p\/4f1c67c13ac56d154c7e39a1e796ce2e\/adjuntos\/298\/imagenes\/009\/099\/0009099167\/1200x0\/smart\/paso-pehuenchejpg.jpg\" alt=\"El Paso Pehuenche, en Malarg\u00fce funciona de 9 a 18.\"\/><\/figure>\n\n\n\n<p>El Paso Pehuenche, en Malarg\u00fce funciona de 9 a 18.<\/p>\n","protected":false},"excerpt":{"rendered":"<p>El complejo de Horcones trabaja con la totalidad de sus cabinas para atender a los visitantes de Chile que llegan a Mendoza para pasar esta Semana Santa. El paso internacional se mantiene abierto las 24 horas y las condiciones del tiempo son buenas. Una gran cantidad de chilenos\u00a0ingresaron a nuestro pa\u00eds por el complejo Roque<a class=\"read-more\" href=\"https:\/\/elfederalmendoza.com.ar\/index.php\/2023\/04\/07\/invasion-de-chilenos-en-mendoza\/\"> [&hellip;]<\/a><\/p>\n","protected":false},"author":2,"featured_media":21758,"comment_status":"open","ping_status":"open","sticky":false,"template":"","format":"standard","meta":{"footnotes":""},"categories":[1],"tags":[],"class_list":["post-21756","post","type-post","status-publish","format-standard","has-post-thumbnail","hentry","category-mza"],"rttpg_featured_image_url":{"full":["https:\/\/elfederalmendoza.com.ar\/wp-content\/uploads\/2023\/04\/invasion1.jpg",931,512,false],"landscape":["https:\/\/elfederalmendoza.com.ar\/wp-content\/uploads\/2023\/04\/invasion1.jpg",931,512,false],"portraits":["https:\/\/elfederalmendoza.com.ar\/wp-content\/uploads\/2023\/04\/invasion1.jpg",931,512,false],"thumbnail":["https:\/\/elfederalmendoza.com.ar\/wp-content\/uploads\/2023\/04\/invasion1-150x150.jpg",150,150,true],"medium":["https:\/\/elfederalmendoza.com.ar\/wp-content\/uploads\/2023\/04\/invasion1-300x165.jpg",300,165,true],"large":["https:\/\/elfederalmendoza.com.ar\/wp-content\/uploads\/2023\/04\/invasion1.jpg",640,352,false],"1536x1536":["https:\/\/elfederalmendoza.com.ar\/wp-content\/uploads\/2023\/04\/invasion1.jpg",931,512,false],"2048x2048":["https:\/\/elfederalmendoza.com.ar\/wp-content\/uploads\/2023\/04\/invasion1.jpg",931,512,false],"ultp_layout_landscape_large":["https:\/\/elfederalmendoza.com.ar\/wp-content\/uploads\/2023\/04\/invasion1.jpg",931,512,false],"ultp_layout_landscape":["https:\/\/elfederalmendoza.com.ar\/wp-content\/uploads\/2023\/04\/invasion1-870x512.jpg",870,512,true],"ultp_layout_portrait":["https:\/\/elfederalmendoza.com.ar\/wp-content\/uploads\/2023\/04\/invasion1-600x512.jpg",600,512,true],"ultp_layout_square":["https:\/\/elfederalmendoza.com.ar\/wp-content\/uploads\/2023\/04\/invasion1-600x512.jpg",600,512,true],"rpwe-thumbnail":["https:\/\/elfederalmendoza.com.ar\/wp-content\/uploads\/2023\/04\/invasion1-45x45.jpg",45,45,true],"advps-thumb-one":["https:\/\/elfederalmendoza.com.ar\/wp-content\/uploads\/2023\/04\/invasion1-931x420.jpg",931,420,true]},"rttpg_author":{"display_name":"Redacci\u00f3n El Federal","author_link":"https:\/\/elfederalmendoza.com.ar\/index.php\/author\/angelflores\/"},"rttpg_comment":0,"rttpg_category":"<a href=\"https:\/\/elfederalmendoza.com.ar\/index.php\/category\/mza\/\" rel=\"category tag\">Mendoza<\/a>","rttpg_excerpt":"El complejo de Horcones trabaja con la totalidad de sus cabinas para atender a los visitantes de Chile que llegan a Mendoza para pasar esta Semana Santa. El paso internacional se mantiene abierto las 24 horas y las condiciones del tiempo son buenas. Una gran cantidad de chilenos\u00a0ingresaron a nuestro pa\u00eds por el complejo Roque&hellip;","_links":{"self":[{"href":"https:\/\/elfederalmendoza.com.ar\/index.php\/wp-json\/wp\/v2\/posts\/21756","targetHints":{"allow":["GET"]}}],"collection":[{"href":"https:\/\/elfederalmendoza.com.ar\/index.php\/wp-json\/wp\/v2\/posts"}],"about":[{"href":"https:\/\/elfederalmendoza.com.ar\/index.php\/wp-json\/wp\/v2\/types\/post"}],"author":[{"embeddable":true,"href":"https:\/\/elfederalmendoza.com.ar\/index.php\/wp-json\/wp\/v2\/users\/2"}],"replies":[{"embeddable":true,"href":"https:\/\/elfederalmendoza.com.ar\/index.php\/wp-json\/wp\/v2\/comments?post=21756"}],"version-history":[{"count":1,"href":"https:\/\/elfederalmendoza.com.ar\/index.php\/wp-json\/wp\/v2\/posts\/21756\/revisions"}],"predecessor-version":[{"id":21759,"href":"https:\/\/elfederalmendoza.com.ar\/index.php\/wp-json\/wp\/v2\/posts\/21756\/revisions\/21759"}],"wp:featuredmedia":[{"embeddable":true,"href":"https:\/\/elfederalmendoza.com.ar\/index.php\/wp-json\/wp\/v2\/media\/21758"}],"wp:attachment":[{"href":"https:\/\/elfederalmendoza.com.ar\/index.php\/wp-json\/wp\/v2\/media?parent=21756"}],"wp:term":[{"taxonomy":"category","embeddable":true,"href":"https:\/\/elfederalmendoza.com.ar\/index.php\/wp-json\/wp\/v2\/categories?post=21756"},{"taxonomy":"post_tag","embeddable":true,"href":"https:\/\/elfederalmendoza.com.ar\/index.php\/wp-json\/wp\/v2\/tags?post=21756"}],"curies":[{"name":"wp","href":"https:\/\/api.w.org\/{rel}","templated":true}]}}