{"id":21762,"date":"2023-04-07T11:55:47","date_gmt":"2023-04-07T14:55:47","guid":{"rendered":"https:\/\/elfederalmendoza.com\/?p=21762"},"modified":"2023-04-07T11:55:49","modified_gmt":"2023-04-07T14:55:49","slug":"una-mujer-apunalo-en-la-espalda-a-su-novio-tras-una-pelea-en-lujan-de-cuyo","status":"publish","type":"post","link":"https:\/\/elfederalmendoza.com.ar\/index.php\/2023\/04\/07\/una-mujer-apunalo-en-la-espalda-a-su-novio-tras-una-pelea-en-lujan-de-cuyo\/","title":{"rendered":"Una mujer apu\u00f1al\u00f3 en la espalda a su novio tras una pelea en Luj\u00e1n de Cuyo"},"content":{"rendered":"\n<p><strong>Una discusi\u00f3n entre una pareja termin\u00f3 con un hombre apu\u00f1alado en una casa en el departamento de\u00a0Luj\u00e1n de Cuyo.<\/strong>\u00a0La pelea se inici\u00f3 el mi\u00e9rcoles por la noche y la mujer se fue del domicilio. Pero esta \u00faltima regres\u00f3 este jueves al mediod\u00eda junto con un hijo y volvieron a pelear verbalmente. La chica agarr\u00f3 un cuchillo y lo hiri\u00f3 en la espalda al novio, quien tuvo que ser hospitalizado.<\/p>\n\n\n\n<p>La novedad se conoci\u00f3 pasadas las 12 del jueves cuando\u00a0<strong>Pablo Miguel Abraham (28) y Tamara Arias (24) se encontraban en una casa ubicada en el barrio\u00a0Virgen de Lourdes de Luj\u00e1n.<\/strong><\/p>\n\n\n\n<p><strong>All\u00ed se gener\u00f3 una discusi\u00f3n que hab\u00eda iniciado la noche anterior pero termin\u00f3 porque la chica se retir\u00f3 del domicilio<\/strong>. Pero ayer, cerca de las 12, regres\u00f3 con su hijo (el muchacho no es el padre) y continuaron con la discusi\u00f3n.<\/p>\n\n\n\n<p>La misma fue subiendo de tono hasta que la joven comenz\u00f3 a golpear a su pareja.<strong>&nbsp;Segundos despu\u00e9s agarr\u00f3 un cuchillo tipo serrucho y se lo clav\u00f3 en la espalda al sujeto, quien qued\u00f3 herido.<\/strong><\/p>\n\n\n\n<p><strong>Inmediatamente la chica se retir\u00f3 de la vivienda y unos familiares del herido llamaron al 911 para hacer la denuncia y pedir auxilio<\/strong>. Hasta el lugar lleg\u00f3 una ambulancia del Servicio de Emergencia Coordinado y&nbsp;<strong>los m\u00e9dicos asistieron a la v\u00edctima.<\/strong><\/p>\n\n\n\n<p>Posteriormente lo trasladaron al Hospital Central, donde lo asistieron por la lesi\u00f3n y qued\u00f3 en observaci\u00f3n para ver su evoluci\u00f3n.&nbsp;<strong>La causa qued\u00f3 en la Oficina Fiscal N\u00b011 de Luj\u00e1n. Las autoridades analizaban las pruebas para determinar la situaci\u00f3n de la joven.<\/strong><\/p>\n","protected":false},"excerpt":{"rendered":"<p>Una discusi\u00f3n entre una pareja termin\u00f3 con un hombre apu\u00f1alado en una casa en el departamento de\u00a0Luj\u00e1n de Cuyo.\u00a0La pelea se inici\u00f3 el mi\u00e9rcoles por la noche y la mujer se fue del domicilio. Pero esta \u00faltima regres\u00f3 este jueves al mediod\u00eda junto con un hijo y volvieron a pelear verbalmente. La chica agarr\u00f3 un<a class=\"read-more\" href=\"https:\/\/elfederalmendoza.com.ar\/index.php\/2023\/04\/07\/una-mujer-apunalo-en-la-espalda-a-su-novio-tras-una-pelea-en-lujan-de-cuyo\/\"> [&hellip;]<\/a><\/p>\n","protected":false},"author":2,"featured_media":21764,"comment_status":"open","ping_status":"open","sticky":false,"template":"","format":"standard","meta":{"footnotes":""},"categories":[1],"tags":[],"class_list":["post-21762","post","type-post","status-publish","format-standard","has-post-thumbnail","hentry","category-mza"],"rttpg_featured_image_url":{"full":["https:\/\/elfederalmendoza.com.ar\/wp-content\/uploads\/2023\/04\/guardia-hospitales-hospital-guardia-hospital-central-503261.webp",790,527,false],"landscape":["https:\/\/elfederalmendoza.com.ar\/wp-content\/uploads\/2023\/04\/guardia-hospitales-hospital-guardia-hospital-central-503261.webp",790,527,false],"portraits":["https:\/\/elfederalmendoza.com.ar\/wp-content\/uploads\/2023\/04\/guardia-hospitales-hospital-guardia-hospital-central-503261.webp",790,527,false],"thumbnail":["https:\/\/elfederalmendoza.com.ar\/wp-content\/uploads\/2023\/04\/guardia-hospitales-hospital-guardia-hospital-central-503261-150x150.webp",150,150,true],"medium":["https:\/\/elfederalmendoza.com.ar\/wp-content\/uploads\/2023\/04\/guardia-hospitales-hospital-guardia-hospital-central-503261-300x200.webp",300,200,true],"large":["https:\/\/elfederalmendoza.com.ar\/wp-content\/uploads\/2023\/04\/guardia-hospitales-hospital-guardia-hospital-central-503261.webp",640,427,false],"1536x1536":["https:\/\/elfederalmendoza.com.ar\/wp-content\/uploads\/2023\/04\/guardia-hospitales-hospital-guardia-hospital-central-503261.webp",790,527,false],"2048x2048":["https:\/\/elfederalmendoza.com.ar\/wp-content\/uploads\/2023\/04\/guardia-hospitales-hospital-guardia-hospital-central-503261.webp",790,527,false],"ultp_layout_landscape_large":["https:\/\/elfederalmendoza.com.ar\/wp-content\/uploads\/2023\/04\/guardia-hospitales-hospital-guardia-hospital-central-503261.webp",790,527,false],"ultp_layout_landscape":["https:\/\/elfederalmendoza.com.ar\/wp-content\/uploads\/2023\/04\/guardia-hospitales-hospital-guardia-hospital-central-503261.webp",790,527,false],"ultp_layout_portrait":["https:\/\/elfederalmendoza.com.ar\/wp-content\/uploads\/2023\/04\/guardia-hospitales-hospital-guardia-hospital-central-503261-600x527.webp",600,527,true],"ultp_layout_square":["https:\/\/elfederalmendoza.com.ar\/wp-content\/uploads\/2023\/04\/guardia-hospitales-hospital-guardia-hospital-central-503261-600x527.webp",600,527,true],"rpwe-thumbnail":["https:\/\/elfederalmendoza.com.ar\/wp-content\/uploads\/2023\/04\/guardia-hospitales-hospital-guardia-hospital-central-503261-45x45.webp",45,45,true],"advps-thumb-one":["https:\/\/elfederalmendoza.com.ar\/wp-content\/uploads\/2023\/04\/guardia-hospitales-hospital-guardia-hospital-central-503261-790x420.webp",790,420,true]},"rttpg_author":{"display_name":"Redacci\u00f3n El Federal","author_link":"https:\/\/elfederalmendoza.com.ar\/index.php\/author\/angelflores\/"},"rttpg_comment":0,"rttpg_category":"<a href=\"https:\/\/elfederalmendoza.com.ar\/index.php\/category\/mza\/\" rel=\"category tag\">Mendoza<\/a>","rttpg_excerpt":"Una discusi\u00f3n entre una pareja termin\u00f3 con un hombre apu\u00f1alado en una casa en el departamento de\u00a0Luj\u00e1n de Cuyo.\u00a0La pelea se inici\u00f3 el mi\u00e9rcoles por la noche y la mujer se fue del domicilio. Pero esta \u00faltima regres\u00f3 este jueves al mediod\u00eda junto con un hijo y volvieron a pelear verbalmente. La chica agarr\u00f3 un&hellip;","_links":{"self":[{"href":"https:\/\/elfederalmendoza.com.ar\/index.php\/wp-json\/wp\/v2\/posts\/21762","targetHints":{"allow":["GET"]}}],"collection":[{"href":"https:\/\/elfederalmendoza.com.ar\/index.php\/wp-json\/wp\/v2\/posts"}],"about":[{"href":"https:\/\/elfederalmendoza.com.ar\/index.php\/wp-json\/wp\/v2\/types\/post"}],"author":[{"embeddable":true,"href":"https:\/\/elfederalmendoza.com.ar\/index.php\/wp-json\/wp\/v2\/users\/2"}],"replies":[{"embeddable":true,"href":"https:\/\/elfederalmendoza.com.ar\/index.php\/wp-json\/wp\/v2\/comments?post=21762"}],"version-history":[{"count":1,"href":"https:\/\/elfederalmendoza.com.ar\/index.php\/wp-json\/wp\/v2\/posts\/21762\/revisions"}],"predecessor-version":[{"id":21765,"href":"https:\/\/elfederalmendoza.com.ar\/index.php\/wp-json\/wp\/v2\/posts\/21762\/revisions\/21765"}],"wp:featuredmedia":[{"embeddable":true,"href":"https:\/\/elfederalmendoza.com.ar\/index.php\/wp-json\/wp\/v2\/media\/21764"}],"wp:attachment":[{"href":"https:\/\/elfederalmendoza.com.ar\/index.php\/wp-json\/wp\/v2\/media?parent=21762"}],"wp:term":[{"taxonomy":"category","embeddable":true,"href":"https:\/\/elfederalmendoza.com.ar\/index.php\/wp-json\/wp\/v2\/categories?post=21762"},{"taxonomy":"post_tag","embeddable":true,"href":"https:\/\/elfederalmendoza.com.ar\/index.php\/wp-json\/wp\/v2\/tags?post=21762"}],"curies":[{"name":"wp","href":"https:\/\/api.w.org\/{rel}","templated":true}]}}