{"id":21766,"date":"2023-04-07T03:59:00","date_gmt":"2023-04-07T06:59:00","guid":{"rendered":"https:\/\/elfederalmendoza.com\/?p=21766"},"modified":"2023-04-07T12:32:31","modified_gmt":"2023-04-07T15:32:31","slug":"un-maestro-en-rosario-conto-que-desde-2001-murieron-unos-30-alumnos-por-el-narcotrafico","status":"publish","type":"post","link":"https:\/\/elfederalmendoza.com.ar\/index.php\/2023\/04\/07\/un-maestro-en-rosario-conto-que-desde-2001-murieron-unos-30-alumnos-por-el-narcotrafico\/","title":{"rendered":"Un maestro en Rosario cont\u00f3 que desde 2001 murieron unos 30 alumnos por el narcotr\u00e1fico"},"content":{"rendered":"\n<p>\u00abAqu\u00ed escuch\u00e9 cosas para las cuales no estaba preparado, muchas veces vuelvo a mi casa con el dolor de los pibes pegados al guardapolvo\u201d, cont\u00f3 el maestro de grado Higinio Chimenti, docente de dos escuelas urbano marginales de Rosario, en los barrios Cab\u00edn 9 y Santa Luc\u00eda.<\/p>\n\n\n\n<p><strong>En sus casi 30 a\u00f1os frente al aula fue testigo de m\u00e1s de 30 chicos muertos, victimas del negocio de la droga, mano de obra barata que los narcos captan en aquellos barrios donde el trabajo es algo en extinci\u00f3n.<\/strong><br>Mientras Rosario es una continuidad en loop de cr\u00edmenes, balaceras, amenazas y las fuerzas federales est\u00e1n solo para pedir documentos en controles c\u00e9ntricos; los barrios est\u00e1n gobernados por transas que reclutan a chicos vulnerables, donde ya no hay una familia contenedora, sino desesperada por la falta de un trabajo digno.<\/p>\n\n\n\n<figure class=\"wp-block-image size-full\"><img loading=\"lazy\" decoding=\"async\" width=\"900\" height=\"505\" src=\"https:\/\/elfederalmendoza.com\/wp-content\/uploads\/2023\/04\/image-3.png\" alt=\"\" class=\"wp-image-21767\" srcset=\"https:\/\/elfederalmendoza.com.ar\/wp-content\/uploads\/2023\/04\/image-3.png 900w, https:\/\/elfederalmendoza.com.ar\/wp-content\/uploads\/2023\/04\/image-3-300x168.png 300w, https:\/\/elfederalmendoza.com.ar\/wp-content\/uploads\/2023\/04\/image-3-768x431.png 768w\" sizes=\"auto, (max-width: 900px) 100vw, 900px\" \/><\/figure>\n\n\n\n<p>\u201cNo s\u00e9 lo que quiero, pero lo quiero ya, es la s\u00edntesis de la expectativa del pibe de hoy. Le pon\u00e9s una pel\u00edcula y la avanza, quiere ver el final. Se pierde lo interesante de la vida, la trama. El guardapolvo todav\u00eda me protege de la bala de los pibes. Todos alguna vez agarraron de mi mano un alfajor, y los chicos son agradecidos, pero no para la bala de la polic\u00eda. No tengo escrito mi apellido en el guardapolvo. No todos los gatillos son sicarios de la droga. Hay sicarios dentro de la misma polic\u00eda\u201d, afirm\u00f3 Chimenti, tambi\u00e9n delegado de su Escuela Primaria N\u00b0 1209 Provincia de Chaco.<\/p>\n\n\n\n<p><strong>Cab\u00edn 9 est\u00e1 en el l\u00edmite sur oeste de Rosario, sin embargo pertenece a la localidad de P\u00e9rez.<\/strong><\/p>\n\n\n\n<p>Son m\u00e1s de 20 mil habitantes donde la mayor\u00eda tiene empleos precarios.&nbsp;<\/p>\n\n\n\n<p>Consultado sobre cu\u00e1ndo comenz\u00f3 el quebranto del tejido social, el maestro subray\u00f3 que \u201cen 2001, con el deterioro econ\u00f3mico y los abandonos de padres que no pod\u00edan sostener una familia y se fueron, comenz\u00f3 el problema. Aparecen los manotazos de ahogado, aparecen los \u2018visionarios\u2019 que en estos barrios ven el caldo de cultivo para la mano de obra barata, que es lo que hay en la periferia. El negocio no es vender falopa a los pobres, que provee el 90 por ciento de la mano de obra del negocio. Los que est\u00e1n en ese negocio buscan un perfil que lo encuentran en la marginalidad. La mano de obra barata, la no pensante, se encuentra en la marginalidad, en los pliegues donde la sociedad no mira. Hoy vivimos en una comunidad que desconoce a sus vecinos y lo puede matar. Pasamos a lo pre humano, ese ser que toma todo lo que est\u00e1 a su alrededor como su propiedad o su enemigo. O lo conquista o lo destruye, hemos vuelto a eso.\u201d<br>En 2001 \u00c1ngel Pelozzo, de 14 a\u00f1os, alumno de Cab\u00edn, se ahorc\u00f3 porque no pod\u00eda manejar el consumo de drogas. \u00abLos que se suicidan tambi\u00e9n son v\u00edctimas de las drogas, deb\u00eda el reparto, se lo aspir\u00f3 \u00e9l. Siempre me culp\u00e9 por no haber hecho algo m\u00e1s. El \u00faltimo, el 6 de enero pasado, en la plaza que est\u00e1 frente al establecimiento educativo, Miguelito Caba\u00f1as, a punto de cumplir 15, fue degollado con el vidrio de una botella por otro adolescente que disputaban territorio\u00bb, narr\u00f3.<\/p>\n\n\n\n<p>Chimenti recuerda cada chico que muri\u00f3 castigado por el mundo que rodea al narco. Siempre acompa\u00f1\u00f3 a las familias vestido con su guardapolvo a cada entierro: \u201cLos cortejos son muy pobres, van en carros hasta el cementerio La Piedad. He ido parado en un carro al que adornan con cintas y globos. Tambi\u00e9n en un cami\u00f3n volcador. Siempre llevo en los bolsillos del guardapolvo unas bolitas y las dejo junto al caj\u00f3n para que sigan jugando en el cielo.\u201d<\/p>\n\n\n\n<p>Chimenti es un h\u00e9roe sin capa.<\/p>\n\n\n\n<p>Escucha a sus alumnos, juega en el patio con ellos, a las bolitas, por supuesto, y tambi\u00e9n les ense\u00f1a a hacer avioncitos de papel.<\/p>\n\n\n\n<p>El futbol no puede faltar y se improvisa una pelota con viejas medias.<\/p>\n\n\n\n<p>Lleva tres d\u00e9cadas de ense\u00f1anza ante la adversidad.<\/p>\n\n\n\n<p>\u201cMe gusta ense\u00f1ar, el desaf\u00edo que los chicos puedan aprender, no pongo en juego otra cosa. Me gusta romper el prejuicio del desconocimiento y hacer de todo una situaci\u00f3n de aprendizaje, en la pol\u00e9mica, en el disenso.&nbsp; Despu\u00e9s de tantos a\u00f1os de oficio, tengo en claro cu\u00e1les son los escalones a vencer, la altura del escal\u00f3n, que la dificultad no sea invencible, pero que implique un aprendizaje, que tenga una dificultad y esa construcci\u00f3n de conocimiento me sigue desafiando a dar clases \u00bfQu\u00e9 se hace en la adversidad ? Ense\u00f1ar. No creo que el maestro negocie su rol de educador, de ense\u00f1ar por la adversidad o por el contexto de donde da clases. La escuela da un plato de comida, una&nbsp; chocolatada con una factura; pero los pizarrones est\u00e1n llenos de contenidos, de consignas, de preguntas, de dibujos, de l\u00e1minas y los cuadernos tambi\u00e9n: de fechas, de nombres, de cosas para aprender, debatir, discutir. Tal vez desde otro lugar. Pertenezco a una generaci\u00f3n que hizo mucha crisis con aquellos de \u2018el que sabe es el maestro\u2019\u00bb, explic\u00f3.<br>\u00abTuve la suerte de tener docentes que nos planteaban \u2019che \u00bfy cu\u00e1l es el lugar del alumno?: \u00bfel de la cabeza vac\u00eda a la cual la vamos a llenar de conocimientos o la del ser activo, que discute, participa, que propone ?\u2019 Yo parto desde ese lugar. A veces, en clases, hacemos la pregunta casi servida pero nunca damos la respuesta por m\u00e1s obvia que sea, la respuesta tiene que salir de ellos\u00bb, subray\u00f3.<\/p>\n\n\n\n<p>Las secuelas post pandemia dejaron un saldo preocupante para los docentes que perdieron decenas de alumnos que abandonaron y ya no volvieron.<\/p>\n\n\n\n<p>Al respecto, Chimenti record\u00f3 que&nbsp; \u201cla escuela, a veces es un lugar de desahogo, de escape. Venir a la escuela por falta de espacio o en busca de una segunda comida. La plata que ven\u00eda para dar un plato caliente, hubo que transformarla en bolsones, muchas veces de destino incierto, porque no sab\u00e9s si en la casa hay gas para hacer un arroz o un guiso. No solo que haya gas, sino la formaci\u00f3n para hacer un guiso. En dos a\u00f1os se relaj\u00f3 todo y se relaj\u00f3 de la peor manera. Los chicos que de 3\u00b0 grado pasaban a 4\u00b0, 4\u00b0 no existi\u00f3. Pasaron autom\u00e1ticamente, chicos que tal vez en 4\u00b0 hubieran tenido dificultad para aprobar. La ministra de educaci\u00f3n provincial, Adriana Cantero, en un desliz dijo: \u2018para el trabajo que est\u00e1n destinados, se capacitan en media hora\u2019. Lo dijo la ministra, en un sincericidio, en una charla que crey\u00f3 que despu\u00e9s no iba a trascender dijo \u201cesta gente est\u00e1 destinada a trabajos y funciones que en una semana de pasant\u00eda los entrenas para hacer la tarea\u2019. Lo peor, es que tiene raz\u00f3n, porque para lo que est\u00e1n destinados para una tarea repetitiva. Son los olvidados del sistema, del Estado\u201d, concluy\u00f3.&nbsp;<\/p>\n","protected":false},"excerpt":{"rendered":"<p>\u00abAqu\u00ed escuch\u00e9 cosas para las cuales no estaba preparado, muchas veces vuelvo a mi casa con el dolor de los pibes pegados al guardapolvo\u201d, cont\u00f3 el maestro de grado Higinio Chimenti, docente de dos escuelas urbano marginales de Rosario, en los barrios Cab\u00edn 9 y Santa Luc\u00eda. En sus casi 30 a\u00f1os frente al aula<a class=\"read-more\" href=\"https:\/\/elfederalmendoza.com.ar\/index.php\/2023\/04\/07\/un-maestro-en-rosario-conto-que-desde-2001-murieron-unos-30-alumnos-por-el-narcotrafico\/\"> [&hellip;]<\/a><\/p>\n","protected":false},"author":2,"featured_media":21768,"comment_status":"open","ping_status":"open","sticky":false,"template":"","format":"standard","meta":{"footnotes":""},"categories":[5618],"tags":[],"class_list":["post-21766","post","type-post","status-publish","format-standard","has-post-thumbnail","hentry","category-arg"],"rttpg_featured_image_url":{"full":["https:\/\/elfederalmendoza.com.ar\/wp-content\/uploads\/2023\/04\/higinio-chimenti-docente-de-dos-escuelas-urbano-marginales-de-rosario-20230406-1542434.webp",950,534,false],"landscape":["https:\/\/elfederalmendoza.com.ar\/wp-content\/uploads\/2023\/04\/higinio-chimenti-docente-de-dos-escuelas-urbano-marginales-de-rosario-20230406-1542434.webp",950,534,false],"portraits":["https:\/\/elfederalmendoza.com.ar\/wp-content\/uploads\/2023\/04\/higinio-chimenti-docente-de-dos-escuelas-urbano-marginales-de-rosario-20230406-1542434.webp",950,534,false],"thumbnail":["https:\/\/elfederalmendoza.com.ar\/wp-content\/uploads\/2023\/04\/higinio-chimenti-docente-de-dos-escuelas-urbano-marginales-de-rosario-20230406-1542434-150x150.webp",150,150,true],"medium":["https:\/\/elfederalmendoza.com.ar\/wp-content\/uploads\/2023\/04\/higinio-chimenti-docente-de-dos-escuelas-urbano-marginales-de-rosario-20230406-1542434-300x169.webp",300,169,true],"large":["https:\/\/elfederalmendoza.com.ar\/wp-content\/uploads\/2023\/04\/higinio-chimenti-docente-de-dos-escuelas-urbano-marginales-de-rosario-20230406-1542434.webp",640,360,false],"1536x1536":["https:\/\/elfederalmendoza.com.ar\/wp-content\/uploads\/2023\/04\/higinio-chimenti-docente-de-dos-escuelas-urbano-marginales-de-rosario-20230406-1542434.webp",950,534,false],"2048x2048":["https:\/\/elfederalmendoza.com.ar\/wp-content\/uploads\/2023\/04\/higinio-chimenti-docente-de-dos-escuelas-urbano-marginales-de-rosario-20230406-1542434.webp",950,534,false],"ultp_layout_landscape_large":["https:\/\/elfederalmendoza.com.ar\/wp-content\/uploads\/2023\/04\/higinio-chimenti-docente-de-dos-escuelas-urbano-marginales-de-rosario-20230406-1542434.webp",950,534,false],"ultp_layout_landscape":["https:\/\/elfederalmendoza.com.ar\/wp-content\/uploads\/2023\/04\/higinio-chimenti-docente-de-dos-escuelas-urbano-marginales-de-rosario-20230406-1542434-870x534.webp",870,534,true],"ultp_layout_portrait":["https:\/\/elfederalmendoza.com.ar\/wp-content\/uploads\/2023\/04\/higinio-chimenti-docente-de-dos-escuelas-urbano-marginales-de-rosario-20230406-1542434-600x534.webp",600,534,true],"ultp_layout_square":["https:\/\/elfederalmendoza.com.ar\/wp-content\/uploads\/2023\/04\/higinio-chimenti-docente-de-dos-escuelas-urbano-marginales-de-rosario-20230406-1542434-600x534.webp",600,534,true],"rpwe-thumbnail":["https:\/\/elfederalmendoza.com.ar\/wp-content\/uploads\/2023\/04\/higinio-chimenti-docente-de-dos-escuelas-urbano-marginales-de-rosario-20230406-1542434-45x45.webp",45,45,true],"advps-thumb-one":["https:\/\/elfederalmendoza.com.ar\/wp-content\/uploads\/2023\/04\/higinio-chimenti-docente-de-dos-escuelas-urbano-marginales-de-rosario-20230406-1542434-950x420.webp",950,420,true]},"rttpg_author":{"display_name":"Redacci\u00f3n El Federal","author_link":"https:\/\/elfederalmendoza.com.ar\/index.php\/author\/angelflores\/"},"rttpg_comment":0,"rttpg_category":"<a href=\"https:\/\/elfederalmendoza.com.ar\/index.php\/category\/arg\/\" rel=\"category tag\">Argentina<\/a>","rttpg_excerpt":"\u00abAqu\u00ed escuch\u00e9 cosas para las cuales no estaba preparado, muchas veces vuelvo a mi casa con el dolor de los pibes pegados al guardapolvo\u201d, cont\u00f3 el maestro de grado Higinio Chimenti, docente de dos escuelas urbano marginales de Rosario, en los barrios Cab\u00edn 9 y Santa Luc\u00eda. En sus casi 30 a\u00f1os frente al aula&hellip;","_links":{"self":[{"href":"https:\/\/elfederalmendoza.com.ar\/index.php\/wp-json\/wp\/v2\/posts\/21766","targetHints":{"allow":["GET"]}}],"collection":[{"href":"https:\/\/elfederalmendoza.com.ar\/index.php\/wp-json\/wp\/v2\/posts"}],"about":[{"href":"https:\/\/elfederalmendoza.com.ar\/index.php\/wp-json\/wp\/v2\/types\/post"}],"author":[{"embeddable":true,"href":"https:\/\/elfederalmendoza.com.ar\/index.php\/wp-json\/wp\/v2\/users\/2"}],"replies":[{"embeddable":true,"href":"https:\/\/elfederalmendoza.com.ar\/index.php\/wp-json\/wp\/v2\/comments?post=21766"}],"version-history":[{"count":1,"href":"https:\/\/elfederalmendoza.com.ar\/index.php\/wp-json\/wp\/v2\/posts\/21766\/revisions"}],"predecessor-version":[{"id":21769,"href":"https:\/\/elfederalmendoza.com.ar\/index.php\/wp-json\/wp\/v2\/posts\/21766\/revisions\/21769"}],"wp:featuredmedia":[{"embeddable":true,"href":"https:\/\/elfederalmendoza.com.ar\/index.php\/wp-json\/wp\/v2\/media\/21768"}],"wp:attachment":[{"href":"https:\/\/elfederalmendoza.com.ar\/index.php\/wp-json\/wp\/v2\/media?parent=21766"}],"wp:term":[{"taxonomy":"category","embeddable":true,"href":"https:\/\/elfederalmendoza.com.ar\/index.php\/wp-json\/wp\/v2\/categories?post=21766"},{"taxonomy":"post_tag","embeddable":true,"href":"https:\/\/elfederalmendoza.com.ar\/index.php\/wp-json\/wp\/v2\/tags?post=21766"}],"curies":[{"name":"wp","href":"https:\/\/api.w.org\/{rel}","templated":true}]}}