{"id":21771,"date":"2023-04-07T13:27:22","date_gmt":"2023-04-07T16:27:22","guid":{"rendered":"https:\/\/elfederalmendoza.com\/?p=21771"},"modified":"2023-04-07T13:27:23","modified_gmt":"2023-04-07T16:27:23","slug":"impresionante-choque-en-ruta-7-en-alta-montana","status":"publish","type":"post","link":"https:\/\/elfederalmendoza.com.ar\/index.php\/2023\/04\/07\/impresionante-choque-en-ruta-7-en-alta-montana\/","title":{"rendered":"Impresionante choque en ruta 7 en alta monta\u00f1a"},"content":{"rendered":"\n<p>El hecho ocurri\u00f3 <strong>alrededor de las 9 de la ma\u00f1ana en el kil\u00f3metro 1203 de la ruta, a la altura de Las Cuevas<\/strong>. All\u00ed circulaba un argentino de unos 60 a\u00f1os acompa\u00f1ado de una mujer de la misma edad, al mando de una Toyota Hilux de origen chileno y en direcci\u00f3n hacia la Ciudad; de frente viajaba un Gol Trend manejado por un hombre de 37 a\u00f1os y acompa\u00f1ado por su hermana.<\/p>\n\n\n\n<p>Seg\u00fan aport\u00f3 la Polic\u00eda<strong>, el auto traspas\u00f3 la doble l\u00ednea amarilla a la altura del puesto de Gendarmer\u00eda e impact\u00f3 de frente contra la camioneta<\/strong>, la acompa\u00f1ante qued\u00f3 atrapada en el veh\u00edculo y fue liberada por los bomberos.<\/p>\n\n\n\n<p><strong>No hubo que lamentar heridos de gravedad ni v\u00edctimas fatales<\/strong>. El tr\u00e1nsito qued\u00f3 demorado en la zona.<\/p>\n\n\n\n<figure class=\"wp-block-image is-resized\"><img loading=\"lazy\" decoding=\"async\" src=\"https:\/\/www.mendozapost.com\/files\/image\/472\/472301\/64303eb61c276_570_361!.jpg?s=0e1d9690f203e26bc8581eca0c243d31&amp;d=1680883385\" alt=\"\" width=\"951\" height=\"602\"\/><\/figure>\n","protected":false},"excerpt":{"rendered":"<p>El hecho ocurri\u00f3 alrededor de las 9 de la ma\u00f1ana en el kil\u00f3metro 1203 de la ruta, a la altura de Las Cuevas. All\u00ed circulaba un argentino de unos 60 a\u00f1os acompa\u00f1ado de una mujer de la misma edad, al mando de una Toyota Hilux de origen chileno y en direcci\u00f3n hacia la Ciudad; de<a class=\"read-more\" href=\"https:\/\/elfederalmendoza.com.ar\/index.php\/2023\/04\/07\/impresionante-choque-en-ruta-7-en-alta-montana\/\"> [&hellip;]<\/a><\/p>\n","protected":false},"author":2,"featured_media":21772,"comment_status":"open","ping_status":"open","sticky":false,"template":"","format":"standard","meta":{"footnotes":""},"categories":[1],"tags":[],"class_list":["post-21771","post","type-post","status-publish","format-standard","has-post-thumbnail","hentry","category-mza"],"rttpg_featured_image_url":{"full":["https:\/\/elfederalmendoza.com.ar\/wp-content\/uploads\/2023\/04\/impresionante-choque.jpg",1020,508,false],"landscape":["https:\/\/elfederalmendoza.com.ar\/wp-content\/uploads\/2023\/04\/impresionante-choque.jpg",1020,508,false],"portraits":["https:\/\/elfederalmendoza.com.ar\/wp-content\/uploads\/2023\/04\/impresionante-choque.jpg",1020,508,false],"thumbnail":["https:\/\/elfederalmendoza.com.ar\/wp-content\/uploads\/2023\/04\/impresionante-choque-150x150.jpg",150,150,true],"medium":["https:\/\/elfederalmendoza.com.ar\/wp-content\/uploads\/2023\/04\/impresionante-choque-300x149.jpg",300,149,true],"large":["https:\/\/elfederalmendoza.com.ar\/wp-content\/uploads\/2023\/04\/impresionante-choque.jpg",640,319,false],"1536x1536":["https:\/\/elfederalmendoza.com.ar\/wp-content\/uploads\/2023\/04\/impresionante-choque.jpg",1020,508,false],"2048x2048":["https:\/\/elfederalmendoza.com.ar\/wp-content\/uploads\/2023\/04\/impresionante-choque.jpg",1020,508,false],"ultp_layout_landscape_large":["https:\/\/elfederalmendoza.com.ar\/wp-content\/uploads\/2023\/04\/impresionante-choque.jpg",1020,508,false],"ultp_layout_landscape":["https:\/\/elfederalmendoza.com.ar\/wp-content\/uploads\/2023\/04\/impresionante-choque-870x508.jpg",870,508,true],"ultp_layout_portrait":["https:\/\/elfederalmendoza.com.ar\/wp-content\/uploads\/2023\/04\/impresionante-choque-600x508.jpg",600,508,true],"ultp_layout_square":["https:\/\/elfederalmendoza.com.ar\/wp-content\/uploads\/2023\/04\/impresionante-choque-600x508.jpg",600,508,true],"rpwe-thumbnail":["https:\/\/elfederalmendoza.com.ar\/wp-content\/uploads\/2023\/04\/impresionante-choque-45x45.jpg",45,45,true],"advps-thumb-one":["https:\/\/elfederalmendoza.com.ar\/wp-content\/uploads\/2023\/04\/impresionante-choque-1020x420.jpg",1020,420,true]},"rttpg_author":{"display_name":"Redacci\u00f3n El Federal","author_link":"https:\/\/elfederalmendoza.com.ar\/index.php\/author\/angelflores\/"},"rttpg_comment":0,"rttpg_category":"<a href=\"https:\/\/elfederalmendoza.com.ar\/index.php\/category\/mza\/\" rel=\"category tag\">Mendoza<\/a>","rttpg_excerpt":"El hecho ocurri\u00f3 alrededor de las 9 de la ma\u00f1ana en el kil\u00f3metro 1203 de la ruta, a la altura de Las Cuevas. All\u00ed circulaba un argentino de unos 60 a\u00f1os acompa\u00f1ado de una mujer de la misma edad, al mando de una Toyota Hilux de origen chileno y en direcci\u00f3n hacia la Ciudad; de&hellip;","_links":{"self":[{"href":"https:\/\/elfederalmendoza.com.ar\/index.php\/wp-json\/wp\/v2\/posts\/21771","targetHints":{"allow":["GET"]}}],"collection":[{"href":"https:\/\/elfederalmendoza.com.ar\/index.php\/wp-json\/wp\/v2\/posts"}],"about":[{"href":"https:\/\/elfederalmendoza.com.ar\/index.php\/wp-json\/wp\/v2\/types\/post"}],"author":[{"embeddable":true,"href":"https:\/\/elfederalmendoza.com.ar\/index.php\/wp-json\/wp\/v2\/users\/2"}],"replies":[{"embeddable":true,"href":"https:\/\/elfederalmendoza.com.ar\/index.php\/wp-json\/wp\/v2\/comments?post=21771"}],"version-history":[{"count":1,"href":"https:\/\/elfederalmendoza.com.ar\/index.php\/wp-json\/wp\/v2\/posts\/21771\/revisions"}],"predecessor-version":[{"id":21773,"href":"https:\/\/elfederalmendoza.com.ar\/index.php\/wp-json\/wp\/v2\/posts\/21771\/revisions\/21773"}],"wp:featuredmedia":[{"embeddable":true,"href":"https:\/\/elfederalmendoza.com.ar\/index.php\/wp-json\/wp\/v2\/media\/21772"}],"wp:attachment":[{"href":"https:\/\/elfederalmendoza.com.ar\/index.php\/wp-json\/wp\/v2\/media?parent=21771"}],"wp:term":[{"taxonomy":"category","embeddable":true,"href":"https:\/\/elfederalmendoza.com.ar\/index.php\/wp-json\/wp\/v2\/categories?post=21771"},{"taxonomy":"post_tag","embeddable":true,"href":"https:\/\/elfederalmendoza.com.ar\/index.php\/wp-json\/wp\/v2\/tags?post=21771"}],"curies":[{"name":"wp","href":"https:\/\/api.w.org\/{rel}","templated":true}]}}