{"id":21780,"date":"2023-04-08T15:33:28","date_gmt":"2023-04-08T18:33:28","guid":{"rendered":"https:\/\/elfederalmendoza.com\/?p=21780"},"modified":"2023-04-08T15:33:35","modified_gmt":"2023-04-08T18:33:35","slug":"un-hombre-cayo-en-maipu-mientras-vendia-150-kilos-de-carne-de-caballo","status":"publish","type":"post","link":"https:\/\/elfederalmendoza.com.ar\/index.php\/2023\/04\/08\/un-hombre-cayo-en-maipu-mientras-vendia-150-kilos-de-carne-de-caballo\/","title":{"rendered":"Un hombre cay\u00f3 en Maip\u00fa mientras vend\u00eda 150 kilos de carne de caballo"},"content":{"rendered":"\n<p><strong>Dos hombres terminaron demorados el jueves luego de un procedimiento que se realiz\u00f3 en el departamento de&nbsp;<a href=\"https:\/\/www.sitioandino.com.ar\/policiales\/policia-rural-lleva-recuperadas-20364-aves-autoctonas-n5644866\" target=\"_blank\" rel=\"noreferrer noopener\">Maip\u00fa<\/a>.<\/strong>&nbsp;Uno de los sospechosos le estaba vendiendo carne de caballo al otro sujeto. La carne estaba guardada en el ba\u00fal de un auto y pes\u00f3 150 kilogramos en total.<\/p>\n\n\n\n<p><strong>Todo se inici\u00f3 pasadas las 17 cuando polic\u00edas de la Unidad Investigativa de Maip\u00fa<\/strong>\u00a0se encontraban realizando tareas de rutina por la zona de la calle\u00a0<strong>9 de Julio y Libertador del barrio 25 de Mayo de Rodeo del Medio, de Maip\u00fa<\/strong>.<\/p>\n\n\n\n<p>En ese momento observaron a unos sujetos con actitud sospechosa en un auto, un Chevrolet Prisma blanco y se acercaron para identificarlos.&nbsp;<strong>Estaban ubicados en frente de una carnicer\u00eda y los individualizaron. Confirmaron que uno se llamaba&nbsp;Facundo Alfredo Alave, de 41 a\u00f1os, y Juan Carlos Zan\u00f3n, de 57<\/strong>.<\/p>\n\n\n\n<p><strong>Al consultarles qu\u00e9 hac\u00edan en el lugar, ratificaron que Zan\u00f3n se encontraba vendi\u00e9ndole carne a los vecinos del lugar.<\/strong>&nbsp;Encontraron bolsas arpilleras de pl\u00e1stico con carne roja y los polic\u00edas le dieron intervenci\u00f3n a la&nbsp;<strong>Polic\u00eda Rural y al personal de Fiscalizaci\u00f3n de la Municipalidad de Maip\u00fa, a cargo de Silvana Marchesi, la jefa de Bromatolog\u00eda<\/strong>.<\/p>\n\n\n\n<p><strong>La especialista determin\u00f3 que la carne, por su textura, color, pelos y dem\u00e1s caracter\u00edsticas, era carne equina y todo qued\u00f3 secuestrado<\/strong>. Adem\u00e1s de ser una actividad ilegal, no ten\u00eda las condiciones adecuadas para su mantenci\u00f3n.<\/p>\n\n\n\n<p><strong>A su vez, tras pesarla, confirmaron que se trataban de\u00a0150 kilogramos de carne<\/strong>. En cuanto a los sospechosos, se les notific\u00f3\u00a0<strong>por infringir la ley 18.284 del C\u00f3digo Alimentario Argentino. Y adem\u00e1s se los iba a imputar en una causa penal.<\/strong><\/p>\n\n\n\n<p><em>Fuente: Sitio Andino<\/em><\/p>\n","protected":false},"excerpt":{"rendered":"<p>Dos hombres terminaron demorados el jueves luego de un procedimiento que se realiz\u00f3 en el departamento de&nbsp;Maip\u00fa.&nbsp;Uno de los sospechosos le estaba vendiendo carne de caballo al otro sujeto. La carne estaba guardada en el ba\u00fal de un auto y pes\u00f3 150 kilogramos en total. Todo se inici\u00f3 pasadas las 17 cuando polic\u00edas de la<a class=\"read-more\" href=\"https:\/\/elfederalmendoza.com.ar\/index.php\/2023\/04\/08\/un-hombre-cayo-en-maipu-mientras-vendia-150-kilos-de-carne-de-caballo\/\"> [&hellip;]<\/a><\/p>\n","protected":false},"author":2,"featured_media":21781,"comment_status":"open","ping_status":"open","sticky":false,"template":"","format":"standard","meta":{"footnotes":""},"categories":[1],"tags":[],"class_list":["post-21780","post","type-post","status-publish","format-standard","has-post-thumbnail","hentry","category-mza"],"rttpg_featured_image_url":{"full":["https:\/\/elfederalmendoza.com.ar\/wp-content\/uploads\/2023\/04\/rastrillaje-abigail-movil-movil-policial-policia-policias-473734.webp",790,527,false],"landscape":["https:\/\/elfederalmendoza.com.ar\/wp-content\/uploads\/2023\/04\/rastrillaje-abigail-movil-movil-policial-policia-policias-473734.webp",790,527,false],"portraits":["https:\/\/elfederalmendoza.com.ar\/wp-content\/uploads\/2023\/04\/rastrillaje-abigail-movil-movil-policial-policia-policias-473734.webp",790,527,false],"thumbnail":["https:\/\/elfederalmendoza.com.ar\/wp-content\/uploads\/2023\/04\/rastrillaje-abigail-movil-movil-policial-policia-policias-473734-150x150.webp",150,150,true],"medium":["https:\/\/elfederalmendoza.com.ar\/wp-content\/uploads\/2023\/04\/rastrillaje-abigail-movil-movil-policial-policia-policias-473734-300x200.webp",300,200,true],"large":["https:\/\/elfederalmendoza.com.ar\/wp-content\/uploads\/2023\/04\/rastrillaje-abigail-movil-movil-policial-policia-policias-473734.webp",640,427,false],"1536x1536":["https:\/\/elfederalmendoza.com.ar\/wp-content\/uploads\/2023\/04\/rastrillaje-abigail-movil-movil-policial-policia-policias-473734.webp",790,527,false],"2048x2048":["https:\/\/elfederalmendoza.com.ar\/wp-content\/uploads\/2023\/04\/rastrillaje-abigail-movil-movil-policial-policia-policias-473734.webp",790,527,false],"ultp_layout_landscape_large":["https:\/\/elfederalmendoza.com.ar\/wp-content\/uploads\/2023\/04\/rastrillaje-abigail-movil-movil-policial-policia-policias-473734.webp",790,527,false],"ultp_layout_landscape":["https:\/\/elfederalmendoza.com.ar\/wp-content\/uploads\/2023\/04\/rastrillaje-abigail-movil-movil-policial-policia-policias-473734.webp",790,527,false],"ultp_layout_portrait":["https:\/\/elfederalmendoza.com.ar\/wp-content\/uploads\/2023\/04\/rastrillaje-abigail-movil-movil-policial-policia-policias-473734-600x527.webp",600,527,true],"ultp_layout_square":["https:\/\/elfederalmendoza.com.ar\/wp-content\/uploads\/2023\/04\/rastrillaje-abigail-movil-movil-policial-policia-policias-473734-600x527.webp",600,527,true],"rpwe-thumbnail":["https:\/\/elfederalmendoza.com.ar\/wp-content\/uploads\/2023\/04\/rastrillaje-abigail-movil-movil-policial-policia-policias-473734-45x45.webp",45,45,true],"advps-thumb-one":["https:\/\/elfederalmendoza.com.ar\/wp-content\/uploads\/2023\/04\/rastrillaje-abigail-movil-movil-policial-policia-policias-473734-790x420.webp",790,420,true]},"rttpg_author":{"display_name":"Redacci\u00f3n El Federal","author_link":"https:\/\/elfederalmendoza.com.ar\/index.php\/author\/angelflores\/"},"rttpg_comment":0,"rttpg_category":"<a href=\"https:\/\/elfederalmendoza.com.ar\/index.php\/category\/mza\/\" rel=\"category tag\">Mendoza<\/a>","rttpg_excerpt":"Dos hombres terminaron demorados el jueves luego de un procedimiento que se realiz\u00f3 en el departamento de&nbsp;Maip\u00fa.&nbsp;Uno de los sospechosos le estaba vendiendo carne de caballo al otro sujeto. La carne estaba guardada en el ba\u00fal de un auto y pes\u00f3 150 kilogramos en total. Todo se inici\u00f3 pasadas las 17 cuando polic\u00edas de la&hellip;","_links":{"self":[{"href":"https:\/\/elfederalmendoza.com.ar\/index.php\/wp-json\/wp\/v2\/posts\/21780","targetHints":{"allow":["GET"]}}],"collection":[{"href":"https:\/\/elfederalmendoza.com.ar\/index.php\/wp-json\/wp\/v2\/posts"}],"about":[{"href":"https:\/\/elfederalmendoza.com.ar\/index.php\/wp-json\/wp\/v2\/types\/post"}],"author":[{"embeddable":true,"href":"https:\/\/elfederalmendoza.com.ar\/index.php\/wp-json\/wp\/v2\/users\/2"}],"replies":[{"embeddable":true,"href":"https:\/\/elfederalmendoza.com.ar\/index.php\/wp-json\/wp\/v2\/comments?post=21780"}],"version-history":[{"count":1,"href":"https:\/\/elfederalmendoza.com.ar\/index.php\/wp-json\/wp\/v2\/posts\/21780\/revisions"}],"predecessor-version":[{"id":21782,"href":"https:\/\/elfederalmendoza.com.ar\/index.php\/wp-json\/wp\/v2\/posts\/21780\/revisions\/21782"}],"wp:featuredmedia":[{"embeddable":true,"href":"https:\/\/elfederalmendoza.com.ar\/index.php\/wp-json\/wp\/v2\/media\/21781"}],"wp:attachment":[{"href":"https:\/\/elfederalmendoza.com.ar\/index.php\/wp-json\/wp\/v2\/media?parent=21780"}],"wp:term":[{"taxonomy":"category","embeddable":true,"href":"https:\/\/elfederalmendoza.com.ar\/index.php\/wp-json\/wp\/v2\/categories?post=21780"},{"taxonomy":"post_tag","embeddable":true,"href":"https:\/\/elfederalmendoza.com.ar\/index.php\/wp-json\/wp\/v2\/tags?post=21780"}],"curies":[{"name":"wp","href":"https:\/\/api.w.org\/{rel}","templated":true}]}}