{"id":21783,"date":"2023-04-08T03:44:00","date_gmt":"2023-04-08T06:44:00","guid":{"rendered":"https:\/\/elfederalmendoza.com\/?p=21783"},"modified":"2023-04-08T15:49:46","modified_gmt":"2023-04-08T18:49:46","slug":"una-mujer-fue-arrollada-en-san-carlos-le-amputaron-un-brazo-y-esta-grave","status":"publish","type":"post","link":"https:\/\/elfederalmendoza.com.ar\/index.php\/2023\/04\/08\/una-mujer-fue-arrollada-en-san-carlos-le-amputaron-un-brazo-y-esta-grave\/","title":{"rendered":"Una mujer fue arrollada en San Carlos: le amputaron un brazo y est\u00e1 grave"},"content":{"rendered":"\n<p><strong>Una mujer de 41 a\u00f1os sufri\u00f3 la amputaci\u00f3n del brazo izquierdo\u00a0<\/strong>luego de ser<strong>\u00a0atropellad<\/strong>a este s\u00e1bado por un auto en<strong>\u00a0la Ruta Nacional 40<\/strong>, a la altura del departamento de San Carlos.\u00a0<strong>Buscan\u00a0intensamente al conductor porque escap\u00f3 del lugar del accidente.<\/strong><\/p>\n\n\n\n<p>El siniestro<strong>&nbsp;ocurri\u00f3 en la ma\u00f1ana de este s\u00e1bado, cerca de las 8, en calle Coronel Videla y Ruta Nacional 40.&nbsp;<\/strong>La mujer&nbsp;<strong>&nbsp;esperaba un colectivo y fue atropellada&nbsp;<\/strong>a la vera de la ruta por un&nbsp;<strong>conductor que se fug\u00f3.<\/strong><\/p>\n\n\n\n<p>Un llamado a la l\u00ednea de emergencia 911 alert\u00f3 a las autoridades sobre la presencia de una persona herida tendida sobre un costado de la ruta, por lo que un m\u00f3vil policial se acerc\u00f3 al lugar y<strong>\u00a0constat\u00f3 la presencia de una mujer con heridas visiblemente graves.<\/strong><\/p>\n\n\n\n<p>Una ambulancia del<strong>\u00a0Servicio de Emergencia Coordinado (SEC)<\/strong>\u00a0se sum\u00f3 al operativo y el medico asisti\u00f3 a la mujer, que por la gravedad de la herida en uno de sus brazos<strong>\u00a0fue trasladada a la guardia del Hospital Antonio Scaravelli<\/strong>, donde le diagnosticaron\u00a0<strong>\u00abpolitraumatismos graves con amputaci\u00f3n de miembro superior izquierdo\u00bb.<\/strong><\/p>\n\n\n\n<p>La mujer qued\u00f3 internada bajo observaci\u00f3n, en tanto los investigadores trabajaron en la zona con el objetivo de reunir elementos para la causa y dar con el conductor del veh\u00edculo que se dio a la fuga. Asimismo, esperan la recuperaci\u00f3n de la paciente para tomar su testimonio sobre el hecho con el objetivo de identificar el veh\u00edculo.&nbsp;<\/p>\n\n\n\n<p>Lleva adelante la instrucci\u00f3n la fiscal\u00eda de Jurisdicci\u00f3n de San Carlos y la causa est\u00e1 caratulada como \u00abaveriguaci\u00f3n de lesiones culposas graves\u00bb.<\/p>\n","protected":false},"excerpt":{"rendered":"<p>Una mujer de 41 a\u00f1os sufri\u00f3 la amputaci\u00f3n del brazo izquierdo\u00a0luego de ser\u00a0atropellada este s\u00e1bado por un auto en\u00a0la Ruta Nacional 40, a la altura del departamento de San Carlos.\u00a0Buscan\u00a0intensamente al conductor porque escap\u00f3 del lugar del accidente. El siniestro&nbsp;ocurri\u00f3 en la ma\u00f1ana de este s\u00e1bado, cerca de las 8, en calle Coronel Videla y<a class=\"read-more\" href=\"https:\/\/elfederalmendoza.com.ar\/index.php\/2023\/04\/08\/una-mujer-fue-arrollada-en-san-carlos-le-amputaron-un-brazo-y-esta-grave\/\"> [&hellip;]<\/a><\/p>\n","protected":false},"author":2,"featured_media":21784,"comment_status":"open","ping_status":"open","sticky":false,"template":"","format":"standard","meta":{"footnotes":""},"categories":[1],"tags":[],"class_list":["post-21783","post","type-post","status-publish","format-standard","has-post-thumbnail","hentry","category-mza"],"rttpg_featured_image_url":{"full":["https:\/\/elfederalmendoza.com.ar\/wp-content\/uploads\/2023\/04\/62c06952e83a6_570_353.jpg",570,353,false],"landscape":["https:\/\/elfederalmendoza.com.ar\/wp-content\/uploads\/2023\/04\/62c06952e83a6_570_353.jpg",570,353,false],"portraits":["https:\/\/elfederalmendoza.com.ar\/wp-content\/uploads\/2023\/04\/62c06952e83a6_570_353.jpg",570,353,false],"thumbnail":["https:\/\/elfederalmendoza.com.ar\/wp-content\/uploads\/2023\/04\/62c06952e83a6_570_353-150x150.jpg",150,150,true],"medium":["https:\/\/elfederalmendoza.com.ar\/wp-content\/uploads\/2023\/04\/62c06952e83a6_570_353-300x186.jpg",300,186,true],"large":["https:\/\/elfederalmendoza.com.ar\/wp-content\/uploads\/2023\/04\/62c06952e83a6_570_353.jpg",570,353,false],"1536x1536":["https:\/\/elfederalmendoza.com.ar\/wp-content\/uploads\/2023\/04\/62c06952e83a6_570_353.jpg",570,353,false],"2048x2048":["https:\/\/elfederalmendoza.com.ar\/wp-content\/uploads\/2023\/04\/62c06952e83a6_570_353.jpg",570,353,false],"ultp_layout_landscape_large":["https:\/\/elfederalmendoza.com.ar\/wp-content\/uploads\/2023\/04\/62c06952e83a6_570_353.jpg",570,353,false],"ultp_layout_landscape":["https:\/\/elfederalmendoza.com.ar\/wp-content\/uploads\/2023\/04\/62c06952e83a6_570_353.jpg",570,353,false],"ultp_layout_portrait":["https:\/\/elfederalmendoza.com.ar\/wp-content\/uploads\/2023\/04\/62c06952e83a6_570_353.jpg",570,353,false],"ultp_layout_square":["https:\/\/elfederalmendoza.com.ar\/wp-content\/uploads\/2023\/04\/62c06952e83a6_570_353.jpg",570,353,false],"rpwe-thumbnail":["https:\/\/elfederalmendoza.com.ar\/wp-content\/uploads\/2023\/04\/62c06952e83a6_570_353-45x45.jpg",45,45,true],"advps-thumb-one":["https:\/\/elfederalmendoza.com.ar\/wp-content\/uploads\/2023\/04\/62c06952e83a6_570_353.jpg",570,353,false]},"rttpg_author":{"display_name":"Redacci\u00f3n El Federal","author_link":"https:\/\/elfederalmendoza.com.ar\/index.php\/author\/angelflores\/"},"rttpg_comment":0,"rttpg_category":"<a href=\"https:\/\/elfederalmendoza.com.ar\/index.php\/category\/mza\/\" rel=\"category tag\">Mendoza<\/a>","rttpg_excerpt":"Una mujer de 41 a\u00f1os sufri\u00f3 la amputaci\u00f3n del brazo izquierdo\u00a0luego de ser\u00a0atropellada este s\u00e1bado por un auto en\u00a0la Ruta Nacional 40, a la altura del departamento de San Carlos.\u00a0Buscan\u00a0intensamente al conductor porque escap\u00f3 del lugar del accidente. El siniestro&nbsp;ocurri\u00f3 en la ma\u00f1ana de este s\u00e1bado, cerca de las 8, en calle Coronel Videla y&hellip;","_links":{"self":[{"href":"https:\/\/elfederalmendoza.com.ar\/index.php\/wp-json\/wp\/v2\/posts\/21783","targetHints":{"allow":["GET"]}}],"collection":[{"href":"https:\/\/elfederalmendoza.com.ar\/index.php\/wp-json\/wp\/v2\/posts"}],"about":[{"href":"https:\/\/elfederalmendoza.com.ar\/index.php\/wp-json\/wp\/v2\/types\/post"}],"author":[{"embeddable":true,"href":"https:\/\/elfederalmendoza.com.ar\/index.php\/wp-json\/wp\/v2\/users\/2"}],"replies":[{"embeddable":true,"href":"https:\/\/elfederalmendoza.com.ar\/index.php\/wp-json\/wp\/v2\/comments?post=21783"}],"version-history":[{"count":1,"href":"https:\/\/elfederalmendoza.com.ar\/index.php\/wp-json\/wp\/v2\/posts\/21783\/revisions"}],"predecessor-version":[{"id":21785,"href":"https:\/\/elfederalmendoza.com.ar\/index.php\/wp-json\/wp\/v2\/posts\/21783\/revisions\/21785"}],"wp:featuredmedia":[{"embeddable":true,"href":"https:\/\/elfederalmendoza.com.ar\/index.php\/wp-json\/wp\/v2\/media\/21784"}],"wp:attachment":[{"href":"https:\/\/elfederalmendoza.com.ar\/index.php\/wp-json\/wp\/v2\/media?parent=21783"}],"wp:term":[{"taxonomy":"category","embeddable":true,"href":"https:\/\/elfederalmendoza.com.ar\/index.php\/wp-json\/wp\/v2\/categories?post=21783"},{"taxonomy":"post_tag","embeddable":true,"href":"https:\/\/elfederalmendoza.com.ar\/index.php\/wp-json\/wp\/v2\/tags?post=21783"}],"curies":[{"name":"wp","href":"https:\/\/api.w.org\/{rel}","templated":true}]}}