{"id":21786,"date":"2023-04-08T03:53:00","date_gmt":"2023-04-08T06:53:00","guid":{"rendered":"https:\/\/elfederalmendoza.com\/?p=21786"},"modified":"2023-04-08T15:56:20","modified_gmt":"2023-04-08T18:56:20","slug":"hablo-la-diputada-que-dio-positivo-en-el-test-de-alcoholemia-no-medi-la-macana-que-hice","status":"publish","type":"post","link":"https:\/\/elfederalmendoza.com.ar\/index.php\/2023\/04\/08\/hablo-la-diputada-que-dio-positivo-en-el-test-de-alcoholemia-no-medi-la-macana-que-hice\/","title":{"rendered":"Habl\u00f3 la diputada que dio positivo en el test de alcoholemia: \u201cNo med\u00ed la macana que hice\u201d"},"content":{"rendered":"\n<p>La&nbsp;<strong>diputada radical<\/strong>&nbsp;<strong>Flavia Dalmau<\/strong>&nbsp;fue noticia este viernes, no por su labor legislativa, sino porque le retuvieron el auto en un control de Tunuy\u00e1n tras realizarle un test de alcoholemia que indic\u00f3 que ten\u00eda 0,83 gramos de alcohol por litro de sangre (el m\u00e1ximo permitido es de 0,5).<\/p>\n\n\n\n<p>La legisladora cornejista, que vive en esa ciudad del Valle de Uco, habl\u00f3 con<em>\u00a0El Sol\u00a0<\/em>y explic\u00f3 que el<mark>\u00a0mi\u00e9rcoles a la noche estuvo en un asado con amigos y, cuando regresaba en la madrugada a su domicilio, fue detenida en un control<\/mark>, en las v\u00edas de la Ruta 82 y Delgado.<\/p>\n\n\n\n<p><strong>Dalmau\u00a0<\/strong>sostuvo que se sent\u00eda en condiciones para conducir porque no consider\u00f3 que hab\u00eda tomado m\u00e1s de lo que permite la ley. Adem\u00e1s, se\u00f1al\u00f3 que no revel\u00f3 a qu\u00e9 se dedicaba cuando le realizaron el dosaje, ya que a pesar de que se encuentra de campa\u00f1a por los distritos tunuyaninos, se considera de \u201c<em>perfil bajo\u201d.<\/em><\/p>\n\n\n\n<p>Asimismo, coment\u00f3 que por el hecho tendr\u00e1 varias dificultades para desplazarse:<em>\u201cPor la macana que hice deber\u00e9 pedir ayuda para poder llegar a mi trabajo\u201d.<\/em>&nbsp;En ese sentido, explic\u00f3 que viajar\u00e1 con un grupo de conocidos para asistir a cumplir sus labores en la Legislatura.<\/p>\n\n\n\n<p>\u201c<em>No med\u00ed el problema en el que me met\u00ed<\/em>\u201c<em>,\u00a0<\/em>expres\u00f3 la legisladora, que deber\u00e1 pagar una multa de 162 mil pesos por la infracci\u00f3n que cometi\u00f3 y, tambi\u00e9n, le suspendieron el carnet de conducir por 30 d\u00edas.<\/p>\n\n\n\n<p>El rodado<mark>\u00a0qued\u00f3 retenido en la playa de secuestros de Zapata\u00a0<\/mark>y la diputada deber\u00e1 esperar hasta el lunes para poder retirarlo por los feriados de Semana Santa, lo que implica que deber\u00e1 abonar los d\u00edas de estad\u00eda.<\/p>\n\n\n\n<p><em>Fuente: El Sol<\/em><\/p>\n","protected":false},"excerpt":{"rendered":"<p>La&nbsp;diputada radical&nbsp;Flavia Dalmau&nbsp;fue noticia este viernes, no por su labor legislativa, sino porque le retuvieron el auto en un control de Tunuy\u00e1n tras realizarle un test de alcoholemia que indic\u00f3 que ten\u00eda 0,83 gramos de alcohol por litro de sangre (el m\u00e1ximo permitido es de 0,5). La legisladora cornejista, que vive en esa ciudad del<a class=\"read-more\" href=\"https:\/\/elfederalmendoza.com.ar\/index.php\/2023\/04\/08\/hablo-la-diputada-que-dio-positivo-en-el-test-de-alcoholemia-no-medi-la-macana-que-hice\/\"> [&hellip;]<\/a><\/p>\n","protected":false},"author":2,"featured_media":21787,"comment_status":"open","ping_status":"open","sticky":false,"template":"","format":"standard","meta":{"footnotes":""},"categories":[1],"tags":[],"class_list":["post-21786","post","type-post","status-publish","format-standard","has-post-thumbnail","hentry","category-mza"],"rttpg_featured_image_url":{"full":["https:\/\/elfederalmendoza.com.ar\/wp-content\/uploads\/2023\/04\/flavia-dalmaujpg.webp",1200,677,false],"landscape":["https:\/\/elfederalmendoza.com.ar\/wp-content\/uploads\/2023\/04\/flavia-dalmaujpg.webp",1200,677,false],"portraits":["https:\/\/elfederalmendoza.com.ar\/wp-content\/uploads\/2023\/04\/flavia-dalmaujpg.webp",1200,677,false],"thumbnail":["https:\/\/elfederalmendoza.com.ar\/wp-content\/uploads\/2023\/04\/flavia-dalmaujpg-150x150.webp",150,150,true],"medium":["https:\/\/elfederalmendoza.com.ar\/wp-content\/uploads\/2023\/04\/flavia-dalmaujpg-300x169.webp",300,169,true],"large":["https:\/\/elfederalmendoza.com.ar\/wp-content\/uploads\/2023\/04\/flavia-dalmaujpg-1024x578.webp",640,361,true],"1536x1536":["https:\/\/elfederalmendoza.com.ar\/wp-content\/uploads\/2023\/04\/flavia-dalmaujpg.webp",1200,677,false],"2048x2048":["https:\/\/elfederalmendoza.com.ar\/wp-content\/uploads\/2023\/04\/flavia-dalmaujpg.webp",1200,677,false],"ultp_layout_landscape_large":["https:\/\/elfederalmendoza.com.ar\/wp-content\/uploads\/2023\/04\/flavia-dalmaujpg.webp",1200,677,false],"ultp_layout_landscape":["https:\/\/elfederalmendoza.com.ar\/wp-content\/uploads\/2023\/04\/flavia-dalmaujpg-870x570.webp",870,570,true],"ultp_layout_portrait":["https:\/\/elfederalmendoza.com.ar\/wp-content\/uploads\/2023\/04\/flavia-dalmaujpg-600x677.webp",600,677,true],"ultp_layout_square":["https:\/\/elfederalmendoza.com.ar\/wp-content\/uploads\/2023\/04\/flavia-dalmaujpg-600x600.webp",600,600,true],"rpwe-thumbnail":["https:\/\/elfederalmendoza.com.ar\/wp-content\/uploads\/2023\/04\/flavia-dalmaujpg-45x45.webp",45,45,true],"advps-thumb-one":["https:\/\/elfederalmendoza.com.ar\/wp-content\/uploads\/2023\/04\/flavia-dalmaujpg-1200x420.webp",1200,420,true]},"rttpg_author":{"display_name":"Redacci\u00f3n El Federal","author_link":"https:\/\/elfederalmendoza.com.ar\/index.php\/author\/angelflores\/"},"rttpg_comment":0,"rttpg_category":"<a href=\"https:\/\/elfederalmendoza.com.ar\/index.php\/category\/mza\/\" rel=\"category tag\">Mendoza<\/a>","rttpg_excerpt":"La&nbsp;diputada radical&nbsp;Flavia Dalmau&nbsp;fue noticia este viernes, no por su labor legislativa, sino porque le retuvieron el auto en un control de Tunuy\u00e1n tras realizarle un test de alcoholemia que indic\u00f3 que ten\u00eda 0,83 gramos de alcohol por litro de sangre (el m\u00e1ximo permitido es de 0,5). La legisladora cornejista, que vive en esa ciudad del&hellip;","_links":{"self":[{"href":"https:\/\/elfederalmendoza.com.ar\/index.php\/wp-json\/wp\/v2\/posts\/21786","targetHints":{"allow":["GET"]}}],"collection":[{"href":"https:\/\/elfederalmendoza.com.ar\/index.php\/wp-json\/wp\/v2\/posts"}],"about":[{"href":"https:\/\/elfederalmendoza.com.ar\/index.php\/wp-json\/wp\/v2\/types\/post"}],"author":[{"embeddable":true,"href":"https:\/\/elfederalmendoza.com.ar\/index.php\/wp-json\/wp\/v2\/users\/2"}],"replies":[{"embeddable":true,"href":"https:\/\/elfederalmendoza.com.ar\/index.php\/wp-json\/wp\/v2\/comments?post=21786"}],"version-history":[{"count":1,"href":"https:\/\/elfederalmendoza.com.ar\/index.php\/wp-json\/wp\/v2\/posts\/21786\/revisions"}],"predecessor-version":[{"id":21788,"href":"https:\/\/elfederalmendoza.com.ar\/index.php\/wp-json\/wp\/v2\/posts\/21786\/revisions\/21788"}],"wp:featuredmedia":[{"embeddable":true,"href":"https:\/\/elfederalmendoza.com.ar\/index.php\/wp-json\/wp\/v2\/media\/21787"}],"wp:attachment":[{"href":"https:\/\/elfederalmendoza.com.ar\/index.php\/wp-json\/wp\/v2\/media?parent=21786"}],"wp:term":[{"taxonomy":"category","embeddable":true,"href":"https:\/\/elfederalmendoza.com.ar\/index.php\/wp-json\/wp\/v2\/categories?post=21786"},{"taxonomy":"post_tag","embeddable":true,"href":"https:\/\/elfederalmendoza.com.ar\/index.php\/wp-json\/wp\/v2\/tags?post=21786"}],"curies":[{"name":"wp","href":"https:\/\/api.w.org\/{rel}","templated":true}]}}