{"id":21789,"date":"2023-04-08T15:58:41","date_gmt":"2023-04-08T18:58:41","guid":{"rendered":"https:\/\/elfederalmendoza.com\/?p=21789"},"modified":"2023-04-08T15:58:46","modified_gmt":"2023-04-08T18:58:46","slug":"filmaron-a-dos-personas-robando-cables-en-guaymallen-y-los-detuvieron","status":"publish","type":"post","link":"https:\/\/elfederalmendoza.com.ar\/index.php\/2023\/04\/08\/filmaron-a-dos-personas-robando-cables-en-guaymallen-y-los-detuvieron\/","title":{"rendered":"Filmaron a dos personas robando cables en Guaymall\u00e9n y los detuvieron"},"content":{"rendered":"\n<p>Con total impunidad y a plena luz del d\u00eda, un sujeto<strong>&nbsp;<\/strong>arranc\u00f3 los&nbsp;<strong>cables&nbsp;<\/strong>telef\u00f3nicos de un tablero que est\u00e1 ubicado en la esquina de Pedro Molina y Col\u00f3n de Guaymall\u00e9n. Los vecinos, inmediatamente, llamaron al 911 y los efectivos<mark>&nbsp;a trav\u00e9s de las c\u00e1maras de monitoreo pudieron observar el il\u00edcito para, posteriormente, proceder detenerlos.<\/mark><\/p>\n\n\n\n<p>El hecho ocurri\u00f3 en la siesta de este viernes, cuando un sujeto, que oculta su rostro con una gorra, forceje\u00f3 los cables y logr\u00f3 sacarlos a los pocos segundos. Con su objetivo cumplido, escap\u00f3, pero<mark>\u00a0fue capturado por los uniformados a los pocos metros junto a su c\u00f3mplice.<\/mark><\/p>\n\n\n\n<p>Los detenidos quedaron a disposici\u00f3n del Ministerio P\u00fablico Fiscal.<\/p>\n\n\n\n<h2 class=\"wp-block-heading\" id=\"h-en-las-heras-se-robaron-los-cables-y-fueron-detenidos\">En Las Heras se robaron los cables y fueron detenidos<\/h2>\n\n\n\n<p>Las c\u00e1maras del CEO del 911 captaron a dos hermanos que estaban robando&nbsp;<strong>cables&nbsp;<\/strong>de dos metros, que ser\u00edan de las luminarias o del tablero que estaba en la&nbsp;<mark>intersecci\u00f3n de calle Independencia y Lisandro Moyano de Las Heras.<\/mark><\/p>\n\n\n\n<p>Los sujetos fueron capturados por efectivos policiales y fueron trasladados a la Comisar\u00eda Iriarte y quedaron a disposici\u00f3n de la Justicia.<\/p>\n","protected":false},"excerpt":{"rendered":"<p>Con total impunidad y a plena luz del d\u00eda, un sujeto&nbsp;arranc\u00f3 los&nbsp;cables&nbsp;telef\u00f3nicos de un tablero que est\u00e1 ubicado en la esquina de Pedro Molina y Col\u00f3n de Guaymall\u00e9n. Los vecinos, inmediatamente, llamaron al 911 y los efectivos&nbsp;a trav\u00e9s de las c\u00e1maras de monitoreo pudieron observar el il\u00edcito para, posteriormente, proceder detenerlos. El hecho ocurri\u00f3 en<a class=\"read-more\" href=\"https:\/\/elfederalmendoza.com.ar\/index.php\/2023\/04\/08\/filmaron-a-dos-personas-robando-cables-en-guaymallen-y-los-detuvieron\/\"> [&hellip;]<\/a><\/p>\n","protected":false},"author":2,"featured_media":21790,"comment_status":"open","ping_status":"open","sticky":false,"template":"","format":"standard","meta":{"footnotes":""},"categories":[1],"tags":[],"class_list":["post-21789","post","type-post","status-publish","format-standard","has-post-thumbnail","hentry","category-mza"],"rttpg_featured_image_url":{"full":["https:\/\/elfederalmendoza.com.ar\/wp-content\/uploads\/2023\/04\/robo-de-cables.webp",1200,710,false],"landscape":["https:\/\/elfederalmendoza.com.ar\/wp-content\/uploads\/2023\/04\/robo-de-cables.webp",1200,710,false],"portraits":["https:\/\/elfederalmendoza.com.ar\/wp-content\/uploads\/2023\/04\/robo-de-cables.webp",1200,710,false],"thumbnail":["https:\/\/elfederalmendoza.com.ar\/wp-content\/uploads\/2023\/04\/robo-de-cables-150x150.webp",150,150,true],"medium":["https:\/\/elfederalmendoza.com.ar\/wp-content\/uploads\/2023\/04\/robo-de-cables-300x178.webp",300,178,true],"large":["https:\/\/elfederalmendoza.com.ar\/wp-content\/uploads\/2023\/04\/robo-de-cables-1024x606.webp",640,379,true],"1536x1536":["https:\/\/elfederalmendoza.com.ar\/wp-content\/uploads\/2023\/04\/robo-de-cables.webp",1200,710,false],"2048x2048":["https:\/\/elfederalmendoza.com.ar\/wp-content\/uploads\/2023\/04\/robo-de-cables.webp",1200,710,false],"ultp_layout_landscape_large":["https:\/\/elfederalmendoza.com.ar\/wp-content\/uploads\/2023\/04\/robo-de-cables.webp",1200,710,false],"ultp_layout_landscape":["https:\/\/elfederalmendoza.com.ar\/wp-content\/uploads\/2023\/04\/robo-de-cables-870x570.webp",870,570,true],"ultp_layout_portrait":["https:\/\/elfederalmendoza.com.ar\/wp-content\/uploads\/2023\/04\/robo-de-cables-600x710.webp",600,710,true],"ultp_layout_square":["https:\/\/elfederalmendoza.com.ar\/wp-content\/uploads\/2023\/04\/robo-de-cables-600x600.webp",600,600,true],"rpwe-thumbnail":["https:\/\/elfederalmendoza.com.ar\/wp-content\/uploads\/2023\/04\/robo-de-cables-45x45.webp",45,45,true],"advps-thumb-one":["https:\/\/elfederalmendoza.com.ar\/wp-content\/uploads\/2023\/04\/robo-de-cables-1200x420.webp",1200,420,true]},"rttpg_author":{"display_name":"Redacci\u00f3n El Federal","author_link":"https:\/\/elfederalmendoza.com.ar\/index.php\/author\/angelflores\/"},"rttpg_comment":0,"rttpg_category":"<a href=\"https:\/\/elfederalmendoza.com.ar\/index.php\/category\/mza\/\" rel=\"category tag\">Mendoza<\/a>","rttpg_excerpt":"Con total impunidad y a plena luz del d\u00eda, un sujeto&nbsp;arranc\u00f3 los&nbsp;cables&nbsp;telef\u00f3nicos de un tablero que est\u00e1 ubicado en la esquina de Pedro Molina y Col\u00f3n de Guaymall\u00e9n. Los vecinos, inmediatamente, llamaron al 911 y los efectivos&nbsp;a trav\u00e9s de las c\u00e1maras de monitoreo pudieron observar el il\u00edcito para, posteriormente, proceder detenerlos. El hecho ocurri\u00f3 en&hellip;","_links":{"self":[{"href":"https:\/\/elfederalmendoza.com.ar\/index.php\/wp-json\/wp\/v2\/posts\/21789","targetHints":{"allow":["GET"]}}],"collection":[{"href":"https:\/\/elfederalmendoza.com.ar\/index.php\/wp-json\/wp\/v2\/posts"}],"about":[{"href":"https:\/\/elfederalmendoza.com.ar\/index.php\/wp-json\/wp\/v2\/types\/post"}],"author":[{"embeddable":true,"href":"https:\/\/elfederalmendoza.com.ar\/index.php\/wp-json\/wp\/v2\/users\/2"}],"replies":[{"embeddable":true,"href":"https:\/\/elfederalmendoza.com.ar\/index.php\/wp-json\/wp\/v2\/comments?post=21789"}],"version-history":[{"count":1,"href":"https:\/\/elfederalmendoza.com.ar\/index.php\/wp-json\/wp\/v2\/posts\/21789\/revisions"}],"predecessor-version":[{"id":21791,"href":"https:\/\/elfederalmendoza.com.ar\/index.php\/wp-json\/wp\/v2\/posts\/21789\/revisions\/21791"}],"wp:featuredmedia":[{"embeddable":true,"href":"https:\/\/elfederalmendoza.com.ar\/index.php\/wp-json\/wp\/v2\/media\/21790"}],"wp:attachment":[{"href":"https:\/\/elfederalmendoza.com.ar\/index.php\/wp-json\/wp\/v2\/media?parent=21789"}],"wp:term":[{"taxonomy":"category","embeddable":true,"href":"https:\/\/elfederalmendoza.com.ar\/index.php\/wp-json\/wp\/v2\/categories?post=21789"},{"taxonomy":"post_tag","embeddable":true,"href":"https:\/\/elfederalmendoza.com.ar\/index.php\/wp-json\/wp\/v2\/tags?post=21789"}],"curies":[{"name":"wp","href":"https:\/\/api.w.org\/{rel}","templated":true}]}}