{"id":21792,"date":"2023-04-09T09:13:56","date_gmt":"2023-04-09T12:13:56","guid":{"rendered":"https:\/\/elfederalmendoza.com\/?p=21792"},"modified":"2023-04-09T09:20:08","modified_gmt":"2023-04-09T12:20:08","slug":"video-y-fotos-murio-che-mario-y-con-el-una-larga-historia-de-encuentros-motoqueros-en-toda-sudamerica","status":"publish","type":"post","link":"https:\/\/elfederalmendoza.com.ar\/index.php\/2023\/04\/09\/video-y-fotos-murio-che-mario-y-con-el-una-larga-historia-de-encuentros-motoqueros-en-toda-sudamerica\/","title":{"rendered":"-VIDEO Y FOTOS- Muri\u00f3 \u00abChe Mario\u00bb, y con \u00e9l una larga historia de encuentros motoqueros en toda Latinoam\u00e9rica"},"content":{"rendered":"\n<p><strong>Un reconocido motociclista<\/strong>, famoso por<strong>&nbsp;organizar de encuentros<\/strong>,&nbsp;<strong>muri\u00f3<\/strong>&nbsp;en la ma\u00f1ana de este s\u00e1bado en&nbsp;<strong>Malarg\u00fce<\/strong>, cuando regresaba de Las Le\u00f1as. En el accidente&nbsp;<strong>participaron otros dos motociclistas&nbsp;<\/strong>y entre las tres motos se tocaron, al parecer porque se habr\u00eda cruzado un animal. Tres personas resultaron heridas,&nbsp;<strong>dos de gravedad,<\/strong>&nbsp;quedando hospitalizadas.<\/p>\n\n\n\n<p>Las redes sociales se multiplicaron en mensajes de despedida al reconocido motociclista.<\/p>\n\n\n\n<p>\u00ab<strong>Che Mario\u00bb<\/strong>, cuya identidad es<strong>&nbsp;Mario Videla (70), es la v\u00edctima fatal<\/strong>&nbsp;del accidente ocurrido en la ruta 222, a cinco kil\u00f3metros del complejo de esqu\u00ed. De acuerdo a la informaci\u00f3n policial enviada, los tres motociclistas se tocaron entre s\u00ed y se produjo el grave accidente. El saldo fue el fallecimiento del&nbsp;<strong>conocido organizador de encuentros de Harley Davidson&nbsp;<\/strong>en Argentina, Chile (donde resid\u00eda) y en otros lugares de Latinoam\u00e9rica.&nbsp;<\/p>\n\n\n\n<figure class=\"wp-block-video\"><video controls src=\"https:\/\/elfederalmendoza.com\/wp-content\/uploads\/2023\/04\/339711170_929449395141683_6265069451364239919_n.mp4\"><\/video><\/figure>\n\n\n\n<p>Entre los heridos fue identificado <strong>Carlos Barros, de&nbsp; 64 a\u00f1os<\/strong>, oriundo de Entre R\u00edos, quien sufri\u00f3 una contusi\u00f3n pulmonar, traumatismo craneal y la amputacion del pie izquierdo. Tambi\u00e9n su pareja, Norma Diaz, result\u00f3 herida e internada en observaci\u00f3n en el Hospital de Malarg\u00fce.<\/p>\n\n\n\n<figure class=\"wp-block-image is-resized\"><img loading=\"lazy\" decoding=\"async\" src=\"https:\/\/www.mendozapost.com\/files\/image\/472\/472493\/6431b20badc99_570_921!.jpg?s=6f5bbda8763d689f83fb06776fc000df&amp;d=1680978447\" alt=\"\" width=\"948\" height=\"1532\"\/><figcaption class=\"wp-element-caption\">\u00abChe Mario\u00bb, organizador de encuentros de motociclistas, muri\u00f3 en un accidente en Malarg\u00fce.<\/figcaption><\/figure>\n\n\n\n<p>En tanto que las otras dos personas que iban en una moto se encuentran internadas, <strong>una de ellas grave<\/strong>, pero sin datos identificatorios hasta el momento.<\/p>\n\n\n\n<figure class=\"wp-block-image is-resized\"><img loading=\"lazy\" decoding=\"async\" src=\"https:\/\/www.mendozapost.com\/files\/image\/472\/472499\/6431b561e2a04_570_315!.jpg?s=537703af13f2ef3b7053e2abb97c8b30&amp;d=1680979301\" alt=\"\" width=\"952\" height=\"526\"\/><\/figure>\n\n\n\n<p><\/p>\n\n\n\n<p>La muerte de \u00abChe Mario\u00bb caus\u00f3 gran dolor en la comunidad de motociclistas. Su esposa public\u00f3 un conmovedor posteo en el que dio cuenta que le hab\u00edan informado sobre el fallecimiento de su esposo y que necesitaba mucha contenci\u00f3n.<\/p>\n\n\n\n<figure class=\"wp-block-image is-resized\"><img loading=\"lazy\" decoding=\"async\" src=\"https:\/\/www.mendozapost.com\/files\/image\/472\/472487\/6431b0a8317db_570_975!.jpg?s=4008378174f03e9bebaccda92e8d8528&amp;d=1680978091\" alt=\"\" width=\"952\" height=\"1628\"\/><\/figure>\n","protected":false},"excerpt":{"rendered":"<p>Un reconocido motociclista, famoso por&nbsp;organizar de encuentros,&nbsp;muri\u00f3&nbsp;en la ma\u00f1ana de este s\u00e1bado en&nbsp;Malarg\u00fce, cuando regresaba de Las Le\u00f1as. En el accidente&nbsp;participaron otros dos motociclistas&nbsp;y entre las tres motos se tocaron, al parecer porque se habr\u00eda cruzado un animal. Tres personas resultaron heridas,&nbsp;dos de gravedad,&nbsp;quedando hospitalizadas. Las redes sociales se multiplicaron en mensajes de despedida al<a class=\"read-more\" href=\"https:\/\/elfederalmendoza.com.ar\/index.php\/2023\/04\/09\/video-y-fotos-murio-che-mario-y-con-el-una-larga-historia-de-encuentros-motoqueros-en-toda-sudamerica\/\"> [&hellip;]<\/a><\/p>\n","protected":false},"author":2,"featured_media":21794,"comment_status":"open","ping_status":"open","sticky":false,"template":"","format":"standard","meta":{"footnotes":""},"categories":[1],"tags":[],"class_list":["post-21792","post","type-post","status-publish","format-standard","has-post-thumbnail","hentry","category-mza"],"rttpg_featured_image_url":{"full":["https:\/\/elfederalmendoza.com.ar\/wp-content\/uploads\/2023\/04\/che-mario.jpg",1005,671,false],"landscape":["https:\/\/elfederalmendoza.com.ar\/wp-content\/uploads\/2023\/04\/che-mario.jpg",1005,671,false],"portraits":["https:\/\/elfederalmendoza.com.ar\/wp-content\/uploads\/2023\/04\/che-mario.jpg",1005,671,false],"thumbnail":["https:\/\/elfederalmendoza.com.ar\/wp-content\/uploads\/2023\/04\/che-mario-150x150.jpg",150,150,true],"medium":["https:\/\/elfederalmendoza.com.ar\/wp-content\/uploads\/2023\/04\/che-mario-300x200.jpg",300,200,true],"large":["https:\/\/elfederalmendoza.com.ar\/wp-content\/uploads\/2023\/04\/che-mario.jpg",640,427,false],"1536x1536":["https:\/\/elfederalmendoza.com.ar\/wp-content\/uploads\/2023\/04\/che-mario.jpg",1005,671,false],"2048x2048":["https:\/\/elfederalmendoza.com.ar\/wp-content\/uploads\/2023\/04\/che-mario.jpg",1005,671,false],"ultp_layout_landscape_large":["https:\/\/elfederalmendoza.com.ar\/wp-content\/uploads\/2023\/04\/che-mario.jpg",1005,671,false],"ultp_layout_landscape":["https:\/\/elfederalmendoza.com.ar\/wp-content\/uploads\/2023\/04\/che-mario-870x570.jpg",870,570,true],"ultp_layout_portrait":["https:\/\/elfederalmendoza.com.ar\/wp-content\/uploads\/2023\/04\/che-mario-600x671.jpg",600,671,true],"ultp_layout_square":["https:\/\/elfederalmendoza.com.ar\/wp-content\/uploads\/2023\/04\/che-mario-600x600.jpg",600,600,true],"rpwe-thumbnail":["https:\/\/elfederalmendoza.com.ar\/wp-content\/uploads\/2023\/04\/che-mario-45x45.jpg",45,45,true],"advps-thumb-one":["https:\/\/elfederalmendoza.com.ar\/wp-content\/uploads\/2023\/04\/che-mario-1005x420.jpg",1005,420,true]},"rttpg_author":{"display_name":"Redacci\u00f3n El Federal","author_link":"https:\/\/elfederalmendoza.com.ar\/index.php\/author\/angelflores\/"},"rttpg_comment":0,"rttpg_category":"<a href=\"https:\/\/elfederalmendoza.com.ar\/index.php\/category\/mza\/\" rel=\"category tag\">Mendoza<\/a>","rttpg_excerpt":"Un reconocido motociclista, famoso por&nbsp;organizar de encuentros,&nbsp;muri\u00f3&nbsp;en la ma\u00f1ana de este s\u00e1bado en&nbsp;Malarg\u00fce, cuando regresaba de Las Le\u00f1as. En el accidente&nbsp;participaron otros dos motociclistas&nbsp;y entre las tres motos se tocaron, al parecer porque se habr\u00eda cruzado un animal. Tres personas resultaron heridas,&nbsp;dos de gravedad,&nbsp;quedando hospitalizadas. Las redes sociales se multiplicaron en mensajes de despedida al&hellip;","_links":{"self":[{"href":"https:\/\/elfederalmendoza.com.ar\/index.php\/wp-json\/wp\/v2\/posts\/21792","targetHints":{"allow":["GET"]}}],"collection":[{"href":"https:\/\/elfederalmendoza.com.ar\/index.php\/wp-json\/wp\/v2\/posts"}],"about":[{"href":"https:\/\/elfederalmendoza.com.ar\/index.php\/wp-json\/wp\/v2\/types\/post"}],"author":[{"embeddable":true,"href":"https:\/\/elfederalmendoza.com.ar\/index.php\/wp-json\/wp\/v2\/users\/2"}],"replies":[{"embeddable":true,"href":"https:\/\/elfederalmendoza.com.ar\/index.php\/wp-json\/wp\/v2\/comments?post=21792"}],"version-history":[{"count":2,"href":"https:\/\/elfederalmendoza.com.ar\/index.php\/wp-json\/wp\/v2\/posts\/21792\/revisions"}],"predecessor-version":[{"id":21796,"href":"https:\/\/elfederalmendoza.com.ar\/index.php\/wp-json\/wp\/v2\/posts\/21792\/revisions\/21796"}],"wp:featuredmedia":[{"embeddable":true,"href":"https:\/\/elfederalmendoza.com.ar\/index.php\/wp-json\/wp\/v2\/media\/21794"}],"wp:attachment":[{"href":"https:\/\/elfederalmendoza.com.ar\/index.php\/wp-json\/wp\/v2\/media?parent=21792"}],"wp:term":[{"taxonomy":"category","embeddable":true,"href":"https:\/\/elfederalmendoza.com.ar\/index.php\/wp-json\/wp\/v2\/categories?post=21792"},{"taxonomy":"post_tag","embeddable":true,"href":"https:\/\/elfederalmendoza.com.ar\/index.php\/wp-json\/wp\/v2\/tags?post=21792"}],"curies":[{"name":"wp","href":"https:\/\/api.w.org\/{rel}","templated":true}]}}