{"id":21797,"date":"2023-04-09T09:33:34","date_gmt":"2023-04-09T12:33:34","guid":{"rendered":"https:\/\/elfederalmendoza.com\/?p=21797"},"modified":"2023-04-09T09:33:34","modified_gmt":"2023-04-09T12:33:34","slug":"jorge-almiron-sera-el-nuevo-dt-de-boca-manana-sera-presentado-oficialmente-por-el-club","status":"publish","type":"post","link":"https:\/\/elfederalmendoza.com.ar\/index.php\/2023\/04\/09\/jorge-almiron-sera-el-nuevo-dt-de-boca-manana-sera-presentado-oficialmente-por-el-club\/","title":{"rendered":"Jorge Almir\u00f3n ser\u00e1 el nuevo DT de Boca: ma\u00f1ana ser\u00e1 presentado oficialmente por el club"},"content":{"rendered":"\n<p><strong>Boca Juniors<\/strong>\u00a0lleg\u00f3 a un acuerdo con\u00a0<strong>Jorge Almir\u00f3n<\/strong>\u00a0para que se convierta en el nuevo director t\u00e9cnico del equipo. El entrenador de 51 a\u00f1os ser\u00e1<strong>\u00a0el reemplazante de Hugo Ibarra\u00a0<\/strong>tras mantener contacto con <strong>Juan Rom\u00e1n Riquelme<\/strong>, vicepresidente segundo y titular del Consejo de F\u00fatbol, quien se hizo cargo de las negociaciones, le informaron a\u00a0<strong>TN<\/strong>.<\/p>\n\n\n\n<p>Almir\u00f3n firmar\u00e1 contrato por un a\u00f1o y ser\u00e1 confirmado oficialmente como DT del Xeneize ma\u00f1ana. El ex Lan\u00fas, que tomar\u00e1 el puesto que actualmente ocupa de forma interina Mariano Herr\u00f3n,&nbsp;<strong>estar\u00e1 hoy en uno de los palcos de la Bombonera<\/strong>, en el partido de Boca ante Col\u00f3n.<\/p>\n\n\n\n<figure class=\"wp-block-image is-resized\"><img loading=\"lazy\" decoding=\"async\" src=\"https:\/\/tn.com.ar\/resizer\/e6i5o7KY5y-lv8EpVnDZl0Vrtvg=\/767x0\/smart\/filters:format(webp)\/cloudfront-us-east-1.images.arcpublishing.com\/artear\/RQ5GDPBJMZGJ7FU5U3CE44SICE.jpg\" alt=\"Almir\u00f3n, a un paso de Boca (Foto: Reuters).\" width=\"948\" height=\"531\"\/><figcaption class=\"wp-element-caption\">Almir\u00f3n, a un paso de Boca (Foto: Reuters).<\/figcaption><\/figure>\n\n\n\n<p>Boca y Almir\u00f3n trabajan en algunas peque\u00f1as diferencias contractuales y en el&nbsp;<strong>armado del cuerpo t\u00e9cnico.&nbsp;<\/strong>Almir\u00f3n, cuyo \u00faltimo trabajo fue en Elche de Espa\u00f1a, donde no obtuvo los resultados esperados,&nbsp;<strong>siempre fue del gusto de Riquelme<\/strong>.<\/p>\n\n\n\n<p>Convencido por lo que fue su trabajo en Lan\u00fas, donde alcanz\u00f3 la final de la Copa Libertadores 2017 tras eliminar a River,&nbsp;<strong>Rom\u00e1n siempre tuvo a Almir\u00f3n entre sus favoritos.&nbsp;<\/strong>En el caso de concretarse, ser\u00e1 el regreso del t\u00e9cnico al f\u00fatbol argentino tras su segundo paso por Granate, que se termin\u00f3 en julio de 2022.<\/p>\n\n\n\n<p>Su campa\u00f1a como DT se inici\u00f3 en el Dorados de Sinaloa en 2008 y en Argentina dirigi\u00f3 a Defensa y Justicia, Godoy Cruz, Independiente, Lan\u00fas y San Lorenzo.<\/p>\n","protected":false},"excerpt":{"rendered":"<p>Boca Juniors\u00a0lleg\u00f3 a un acuerdo con\u00a0Jorge Almir\u00f3n\u00a0para que se convierta en el nuevo director t\u00e9cnico del equipo. El entrenador de 51 a\u00f1os ser\u00e1\u00a0el reemplazante de Hugo Ibarra\u00a0tras mantener contacto con Juan Rom\u00e1n Riquelme, vicepresidente segundo y titular del Consejo de F\u00fatbol, quien se hizo cargo de las negociaciones, le informaron a\u00a0TN. Almir\u00f3n firmar\u00e1 contrato por<a class=\"read-more\" href=\"https:\/\/elfederalmendoza.com.ar\/index.php\/2023\/04\/09\/jorge-almiron-sera-el-nuevo-dt-de-boca-manana-sera-presentado-oficialmente-por-el-club\/\"> [&hellip;]<\/a><\/p>\n","protected":false},"author":2,"featured_media":21798,"comment_status":"open","ping_status":"open","sticky":false,"template":"","format":"standard","meta":{"footnotes":""},"categories":[5620],"tags":[],"class_list":["post-21797","post","type-post","status-publish","format-standard","has-post-thumbnail","hentry","category-deportes"],"rttpg_featured_image_url":{"full":["https:\/\/elfederalmendoza.com.ar\/wp-content\/uploads\/2023\/04\/jorge-almiron.jpg",945,532,false],"landscape":["https:\/\/elfederalmendoza.com.ar\/wp-content\/uploads\/2023\/04\/jorge-almiron.jpg",945,532,false],"portraits":["https:\/\/elfederalmendoza.com.ar\/wp-content\/uploads\/2023\/04\/jorge-almiron.jpg",945,532,false],"thumbnail":["https:\/\/elfederalmendoza.com.ar\/wp-content\/uploads\/2023\/04\/jorge-almiron-150x150.jpg",150,150,true],"medium":["https:\/\/elfederalmendoza.com.ar\/wp-content\/uploads\/2023\/04\/jorge-almiron-300x169.jpg",300,169,true],"large":["https:\/\/elfederalmendoza.com.ar\/wp-content\/uploads\/2023\/04\/jorge-almiron.jpg",640,360,false],"1536x1536":["https:\/\/elfederalmendoza.com.ar\/wp-content\/uploads\/2023\/04\/jorge-almiron.jpg",945,532,false],"2048x2048":["https:\/\/elfederalmendoza.com.ar\/wp-content\/uploads\/2023\/04\/jorge-almiron.jpg",945,532,false],"ultp_layout_landscape_large":["https:\/\/elfederalmendoza.com.ar\/wp-content\/uploads\/2023\/04\/jorge-almiron.jpg",945,532,false],"ultp_layout_landscape":["https:\/\/elfederalmendoza.com.ar\/wp-content\/uploads\/2023\/04\/jorge-almiron-870x532.jpg",870,532,true],"ultp_layout_portrait":["https:\/\/elfederalmendoza.com.ar\/wp-content\/uploads\/2023\/04\/jorge-almiron-600x532.jpg",600,532,true],"ultp_layout_square":["https:\/\/elfederalmendoza.com.ar\/wp-content\/uploads\/2023\/04\/jorge-almiron-600x532.jpg",600,532,true],"rpwe-thumbnail":["https:\/\/elfederalmendoza.com.ar\/wp-content\/uploads\/2023\/04\/jorge-almiron-45x45.jpg",45,45,true],"advps-thumb-one":["https:\/\/elfederalmendoza.com.ar\/wp-content\/uploads\/2023\/04\/jorge-almiron-945x420.jpg",945,420,true]},"rttpg_author":{"display_name":"Redacci\u00f3n El Federal","author_link":"https:\/\/elfederalmendoza.com.ar\/index.php\/author\/angelflores\/"},"rttpg_comment":0,"rttpg_category":"<a href=\"https:\/\/elfederalmendoza.com.ar\/index.php\/category\/deportes\/\" rel=\"category tag\">Deportes<\/a>","rttpg_excerpt":"Boca Juniors\u00a0lleg\u00f3 a un acuerdo con\u00a0Jorge Almir\u00f3n\u00a0para que se convierta en el nuevo director t\u00e9cnico del equipo. El entrenador de 51 a\u00f1os ser\u00e1\u00a0el reemplazante de Hugo Ibarra\u00a0tras mantener contacto con Juan Rom\u00e1n Riquelme, vicepresidente segundo y titular del Consejo de F\u00fatbol, quien se hizo cargo de las negociaciones, le informaron a\u00a0TN. Almir\u00f3n firmar\u00e1 contrato por&hellip;","_links":{"self":[{"href":"https:\/\/elfederalmendoza.com.ar\/index.php\/wp-json\/wp\/v2\/posts\/21797","targetHints":{"allow":["GET"]}}],"collection":[{"href":"https:\/\/elfederalmendoza.com.ar\/index.php\/wp-json\/wp\/v2\/posts"}],"about":[{"href":"https:\/\/elfederalmendoza.com.ar\/index.php\/wp-json\/wp\/v2\/types\/post"}],"author":[{"embeddable":true,"href":"https:\/\/elfederalmendoza.com.ar\/index.php\/wp-json\/wp\/v2\/users\/2"}],"replies":[{"embeddable":true,"href":"https:\/\/elfederalmendoza.com.ar\/index.php\/wp-json\/wp\/v2\/comments?post=21797"}],"version-history":[{"count":1,"href":"https:\/\/elfederalmendoza.com.ar\/index.php\/wp-json\/wp\/v2\/posts\/21797\/revisions"}],"predecessor-version":[{"id":21799,"href":"https:\/\/elfederalmendoza.com.ar\/index.php\/wp-json\/wp\/v2\/posts\/21797\/revisions\/21799"}],"wp:featuredmedia":[{"embeddable":true,"href":"https:\/\/elfederalmendoza.com.ar\/index.php\/wp-json\/wp\/v2\/media\/21798"}],"wp:attachment":[{"href":"https:\/\/elfederalmendoza.com.ar\/index.php\/wp-json\/wp\/v2\/media?parent=21797"}],"wp:term":[{"taxonomy":"category","embeddable":true,"href":"https:\/\/elfederalmendoza.com.ar\/index.php\/wp-json\/wp\/v2\/categories?post=21797"},{"taxonomy":"post_tag","embeddable":true,"href":"https:\/\/elfederalmendoza.com.ar\/index.php\/wp-json\/wp\/v2\/tags?post=21797"}],"curies":[{"name":"wp","href":"https:\/\/api.w.org\/{rel}","templated":true}]}}