{"id":21806,"date":"2023-04-09T13:19:26","date_gmt":"2023-04-09T16:19:26","guid":{"rendered":"https:\/\/elfederalmendoza.com\/?p=21806"},"modified":"2023-04-09T13:19:27","modified_gmt":"2023-04-09T16:19:27","slug":"un-joven-de-23-anos-recibio-tres-balazos-en-la-puerta-de-su-casa-en-las-heras","status":"publish","type":"post","link":"https:\/\/elfederalmendoza.com.ar\/index.php\/2023\/04\/09\/un-joven-de-23-anos-recibio-tres-balazos-en-la-puerta-de-su-casa-en-las-heras\/","title":{"rendered":"Un joven de 23 a\u00f1os recibi\u00f3 tres balazos en la puerta de su casa en Las Heras"},"content":{"rendered":"\n<p>En la&nbsp;<strong>madrugada de este domingo se produjo un hecho delictivo en el departamento de Las Heras, en el que fue herido de varios disparos un joven de 23 a\u00f1os<\/strong>, por una patota que lo atacaron sin mediar palabras. El joven est\u00e1 fuera de peligro.&nbsp;<\/p>\n\n\n\n<p><strong>Alrededor de las 5 de la ma\u00f1ana<\/strong>, entr\u00f3 al despachador de 911 una llamada alertando por&nbsp;<strong>un tiroteo en el Barrio Dorrego<\/strong>&nbsp;de dicho departamento.&nbsp;<strong>Al llegar los efectivos policiales al lugar se\u00f1alado se encuentran con la v\u00edctima, identificado como S.M, de 23 a\u00f1os<\/strong>. El joven se encontraba en la puerta de su casa, en ese barrio lasherino, cuando varios j\u00f3venes le dispararon.&nbsp;<\/p>\n\n\n\n<p>Seg\u00fan el relato del joven y de su pareja, que estaba con \u00e9l al momento del ataque,&nbsp;<strong>siete personas pasaron caminando por el lugar y uno de ellos sac\u00f3 un arma y comenz\u00f3 a disparar a quemarropa, alcanzando a la v\u00edctima con 3 impactos de bala en una de sus piernas.&nbsp;<\/strong>Inmediatamente huyeron corriendo.&nbsp;<\/p>\n","protected":false},"excerpt":{"rendered":"<p>En la&nbsp;madrugada de este domingo se produjo un hecho delictivo en el departamento de Las Heras, en el que fue herido de varios disparos un joven de 23 a\u00f1os, por una patota que lo atacaron sin mediar palabras. El joven est\u00e1 fuera de peligro.&nbsp; Alrededor de las 5 de la ma\u00f1ana, entr\u00f3 al despachador de<a class=\"read-more\" href=\"https:\/\/elfederalmendoza.com.ar\/index.php\/2023\/04\/09\/un-joven-de-23-anos-recibio-tres-balazos-en-la-puerta-de-su-casa-en-las-heras\/\"> [&hellip;]<\/a><\/p>\n","protected":false},"author":2,"featured_media":21807,"comment_status":"open","ping_status":"open","sticky":false,"template":"","format":"standard","meta":{"footnotes":""},"categories":[1],"tags":[],"class_list":["post-21806","post","type-post","status-publish","format-standard","has-post-thumbnail","hentry","category-mza"],"rttpg_featured_image_url":{"full":["https:\/\/elfederalmendoza.com.ar\/wp-content\/uploads\/2023\/04\/tiroteo-las-heras1.jpg",1098,609,false],"landscape":["https:\/\/elfederalmendoza.com.ar\/wp-content\/uploads\/2023\/04\/tiroteo-las-heras1.jpg",1098,609,false],"portraits":["https:\/\/elfederalmendoza.com.ar\/wp-content\/uploads\/2023\/04\/tiroteo-las-heras1.jpg",1098,609,false],"thumbnail":["https:\/\/elfederalmendoza.com.ar\/wp-content\/uploads\/2023\/04\/tiroteo-las-heras1-150x150.jpg",150,150,true],"medium":["https:\/\/elfederalmendoza.com.ar\/wp-content\/uploads\/2023\/04\/tiroteo-las-heras1-300x166.jpg",300,166,true],"large":["https:\/\/elfederalmendoza.com.ar\/wp-content\/uploads\/2023\/04\/tiroteo-las-heras1-1024x568.jpg",640,355,true],"1536x1536":["https:\/\/elfederalmendoza.com.ar\/wp-content\/uploads\/2023\/04\/tiroteo-las-heras1.jpg",1098,609,false],"2048x2048":["https:\/\/elfederalmendoza.com.ar\/wp-content\/uploads\/2023\/04\/tiroteo-las-heras1.jpg",1098,609,false],"ultp_layout_landscape_large":["https:\/\/elfederalmendoza.com.ar\/wp-content\/uploads\/2023\/04\/tiroteo-las-heras1.jpg",1098,609,false],"ultp_layout_landscape":["https:\/\/elfederalmendoza.com.ar\/wp-content\/uploads\/2023\/04\/tiroteo-las-heras1-870x570.jpg",870,570,true],"ultp_layout_portrait":["https:\/\/elfederalmendoza.com.ar\/wp-content\/uploads\/2023\/04\/tiroteo-las-heras1-600x609.jpg",600,609,true],"ultp_layout_square":["https:\/\/elfederalmendoza.com.ar\/wp-content\/uploads\/2023\/04\/tiroteo-las-heras1-600x600.jpg",600,600,true],"rpwe-thumbnail":["https:\/\/elfederalmendoza.com.ar\/wp-content\/uploads\/2023\/04\/tiroteo-las-heras1-45x45.jpg",45,45,true],"advps-thumb-one":["https:\/\/elfederalmendoza.com.ar\/wp-content\/uploads\/2023\/04\/tiroteo-las-heras1-1098x420.jpg",1098,420,true]},"rttpg_author":{"display_name":"Redacci\u00f3n El Federal","author_link":"https:\/\/elfederalmendoza.com.ar\/index.php\/author\/angelflores\/"},"rttpg_comment":0,"rttpg_category":"<a href=\"https:\/\/elfederalmendoza.com.ar\/index.php\/category\/mza\/\" rel=\"category tag\">Mendoza<\/a>","rttpg_excerpt":"En la&nbsp;madrugada de este domingo se produjo un hecho delictivo en el departamento de Las Heras, en el que fue herido de varios disparos un joven de 23 a\u00f1os, por una patota que lo atacaron sin mediar palabras. El joven est\u00e1 fuera de peligro.&nbsp; Alrededor de las 5 de la ma\u00f1ana, entr\u00f3 al despachador de&hellip;","_links":{"self":[{"href":"https:\/\/elfederalmendoza.com.ar\/index.php\/wp-json\/wp\/v2\/posts\/21806","targetHints":{"allow":["GET"]}}],"collection":[{"href":"https:\/\/elfederalmendoza.com.ar\/index.php\/wp-json\/wp\/v2\/posts"}],"about":[{"href":"https:\/\/elfederalmendoza.com.ar\/index.php\/wp-json\/wp\/v2\/types\/post"}],"author":[{"embeddable":true,"href":"https:\/\/elfederalmendoza.com.ar\/index.php\/wp-json\/wp\/v2\/users\/2"}],"replies":[{"embeddable":true,"href":"https:\/\/elfederalmendoza.com.ar\/index.php\/wp-json\/wp\/v2\/comments?post=21806"}],"version-history":[{"count":1,"href":"https:\/\/elfederalmendoza.com.ar\/index.php\/wp-json\/wp\/v2\/posts\/21806\/revisions"}],"predecessor-version":[{"id":21808,"href":"https:\/\/elfederalmendoza.com.ar\/index.php\/wp-json\/wp\/v2\/posts\/21806\/revisions\/21808"}],"wp:featuredmedia":[{"embeddable":true,"href":"https:\/\/elfederalmendoza.com.ar\/index.php\/wp-json\/wp\/v2\/media\/21807"}],"wp:attachment":[{"href":"https:\/\/elfederalmendoza.com.ar\/index.php\/wp-json\/wp\/v2\/media?parent=21806"}],"wp:term":[{"taxonomy":"category","embeddable":true,"href":"https:\/\/elfederalmendoza.com.ar\/index.php\/wp-json\/wp\/v2\/categories?post=21806"},{"taxonomy":"post_tag","embeddable":true,"href":"https:\/\/elfederalmendoza.com.ar\/index.php\/wp-json\/wp\/v2\/tags?post=21806"}],"curies":[{"name":"wp","href":"https:\/\/api.w.org\/{rel}","templated":true}]}}