{"id":21811,"date":"2023-04-10T08:29:41","date_gmt":"2023-04-10T11:29:41","guid":{"rendered":"https:\/\/elfederalmendoza.com\/?p=21811"},"modified":"2023-04-10T08:29:42","modified_gmt":"2023-04-10T11:29:42","slug":"video-y-fotos-un-nino-de-5-anos-se-encuentra-muy-grave-al-ser-atacado-por-una-jauria-de-perros","status":"publish","type":"post","link":"https:\/\/elfederalmendoza.com.ar\/index.php\/2023\/04\/10\/video-y-fotos-un-nino-de-5-anos-se-encuentra-muy-grave-al-ser-atacado-por-una-jauria-de-perros\/","title":{"rendered":"-VIDEO Y FOTOS- Un ni\u00f1o de 5 a\u00f1os se encuentra muy grave al ser atacado por una jaur\u00eda de perros"},"content":{"rendered":"\n<p><strong>Un ni\u00f1o de 5 a\u00f1os de Rivadavia\u00a0<\/strong>debi\u00f3 ser<strong>\u00a0operado en el Notti\u00a0 y se encuentra grave\u00a0<\/strong>debido a la gravedad de las\u00a0<strong>heridas que le provoc\u00f3 una jaur\u00eda <\/strong>que lo atac\u00f3 en una finca en Rivadavia.\u00a0<strong>El propietario de ese predio fue aprehendido<\/strong>.<\/p>\n\n\n\n<p>El ataque de los perros se produjo despu\u00e9s de las 13 en la finca ubicada en las cercan\u00edas del<strong>\u00a0barrio Do\u00f1a Florencia, ubicado en carril Moyano<\/strong>,\u00a0<strong>propiedad de Ricardo Osman Ganun (61)<\/strong>. All\u00ed ingres\u00f3 a jugar un grupo de\u00a0<strong>ni\u00f1os<\/strong>, de acuerdo a la informaci\u00f3n suministrada por el Ministerio de Seguridad, y los perros corrieron hacia los chicos.<\/p>\n\n\n\n<iframe loading=\"lazy\" src=\"https:\/\/www.facebook.com\/plugins\/video.php?height=314&#038;href=https%3A%2F%2Fwww.facebook.com%2Fmeganoticiasmendoza%2Fvideos%2F6837648109583812%2F&#038;show_text=false&#038;width=560&#038;t=0\" width=\"560\" height=\"314\" style=\"border:none;overflow:hidden\" scrolling=\"no\" frameborder=\"0\" allowfullscreen=\"true\" allow=\"autoplay; clipboard-write; encrypted-media; picture-in-picture; web-share\" allowFullScreen=\"true\"><\/iframe>\n\n\n\n<p>Todos comenzaron a huir, pero el<strong>\u00a0nene de 5 a\u00f1os fue alcanzado por los canes<\/strong>, los cuales lo<strong>\u00a0arrastraron unos 100 metros<\/strong>\u00a0hacia el interior de la finca.<\/p>\n\n\n\n<p>Fue el due\u00f1o de la misma, Ganun, quien tom\u00f3 al chico y lo llev\u00f3 hasta la vivienda de su t\u00eda, quien llam\u00f3 al 911 para denunciar lo ocurrido. En tanto, que los familiares trasladaron hasta el Hospital Perrupato al menor, donde le diagnosticaron heridas m\u00faltiples por mordeduras de perro. La gravedad de las mismas requer\u00edan intervenci\u00f3n quir\u00fargica por lo cual fue derivado al Notti. <strong>All\u00ed fue operado quedaron internado en estado de gravedad.<\/strong><\/p>\n\n\n\n<figure class=\"wp-block-image size-full is-resized\"><img loading=\"lazy\" decoding=\"async\" src=\"https:\/\/elfederalmendoza.com\/wp-content\/uploads\/2023\/04\/jauria.jpg\" alt=\"\" class=\"wp-image-21812\" width=\"951\" height=\"618\" srcset=\"https:\/\/elfederalmendoza.com.ar\/wp-content\/uploads\/2023\/04\/jauria.jpg 720w, https:\/\/elfederalmendoza.com.ar\/wp-content\/uploads\/2023\/04\/jauria-300x195.jpg 300w\" sizes=\"auto, (max-width: 951px) 100vw, 951px\" \/><figcaption class=\"wp-element-caption\">Vecinos se convocaron para protestar en la puerda de la finca donde est\u00e1n los perros<\/figcaption><\/figure>\n\n\n\n<p>Mientras esto suced\u00eda, los vecinos <strong>apedrearon la vivienda del due\u00f1o de la finca<\/strong>. El hombre llam\u00f3 al 911 para denunciar el ataque. Los polic\u00edas se trasladaron hasta el lugar y por orden del ayudante de fiscal en turno, aprehendieron a <strong>Ricardo Osman Ganun<\/strong>, quien podr\u00eda ser imputado por falta de cuidados <strong>en la tenencia de perros peligrosos.<\/strong><\/p>\n\n\n\n<figure class=\"wp-block-image size-full is-resized\"><img loading=\"lazy\" decoding=\"async\" src=\"https:\/\/elfederalmendoza.com\/wp-content\/uploads\/2023\/04\/jauria4.jpg\" alt=\"\" class=\"wp-image-21814\" width=\"950\" height=\"511\" srcset=\"https:\/\/elfederalmendoza.com.ar\/wp-content\/uploads\/2023\/04\/jauria4.jpg 869w, https:\/\/elfederalmendoza.com.ar\/wp-content\/uploads\/2023\/04\/jauria4-300x161.jpg 300w, https:\/\/elfederalmendoza.com.ar\/wp-content\/uploads\/2023\/04\/jauria4-768x413.jpg 768w\" sizes=\"auto, (max-width: 950px) 100vw, 950px\" \/><figcaption class=\"wp-element-caption\">Descampado donde fue el ataque<\/figcaption><\/figure>\n","protected":false},"excerpt":{"rendered":"<p>Un ni\u00f1o de 5 a\u00f1os de Rivadavia\u00a0debi\u00f3 ser\u00a0operado en el Notti\u00a0 y se encuentra grave\u00a0debido a la gravedad de las\u00a0heridas que le provoc\u00f3 una jaur\u00eda que lo atac\u00f3 en una finca en Rivadavia.\u00a0El propietario de ese predio fue aprehendido. El ataque de los perros se produjo despu\u00e9s de las 13 en la finca ubicada en<a class=\"read-more\" href=\"https:\/\/elfederalmendoza.com.ar\/index.php\/2023\/04\/10\/video-y-fotos-un-nino-de-5-anos-se-encuentra-muy-grave-al-ser-atacado-por-una-jauria-de-perros\/\"> [&hellip;]<\/a><\/p>\n","protected":false},"author":2,"featured_media":21813,"comment_status":"open","ping_status":"open","sticky":false,"template":"","format":"standard","meta":{"footnotes":""},"categories":[1],"tags":[],"class_list":["post-21811","post","type-post","status-publish","format-standard","has-post-thumbnail","hentry","category-mza"],"rttpg_featured_image_url":{"full":["https:\/\/elfederalmendoza.com.ar\/wp-content\/uploads\/2023\/04\/jauria1.jpg",832,469,false],"landscape":["https:\/\/elfederalmendoza.com.ar\/wp-content\/uploads\/2023\/04\/jauria1.jpg",832,469,false],"portraits":["https:\/\/elfederalmendoza.com.ar\/wp-content\/uploads\/2023\/04\/jauria1.jpg",832,469,false],"thumbnail":["https:\/\/elfederalmendoza.com.ar\/wp-content\/uploads\/2023\/04\/jauria1-150x150.jpg",150,150,true],"medium":["https:\/\/elfederalmendoza.com.ar\/wp-content\/uploads\/2023\/04\/jauria1-300x169.jpg",300,169,true],"large":["https:\/\/elfederalmendoza.com.ar\/wp-content\/uploads\/2023\/04\/jauria1.jpg",640,361,false],"1536x1536":["https:\/\/elfederalmendoza.com.ar\/wp-content\/uploads\/2023\/04\/jauria1.jpg",832,469,false],"2048x2048":["https:\/\/elfederalmendoza.com.ar\/wp-content\/uploads\/2023\/04\/jauria1.jpg",832,469,false],"ultp_layout_landscape_large":["https:\/\/elfederalmendoza.com.ar\/wp-content\/uploads\/2023\/04\/jauria1.jpg",832,469,false],"ultp_layout_landscape":["https:\/\/elfederalmendoza.com.ar\/wp-content\/uploads\/2023\/04\/jauria1.jpg",832,469,false],"ultp_layout_portrait":["https:\/\/elfederalmendoza.com.ar\/wp-content\/uploads\/2023\/04\/jauria1-600x469.jpg",600,469,true],"ultp_layout_square":["https:\/\/elfederalmendoza.com.ar\/wp-content\/uploads\/2023\/04\/jauria1-600x469.jpg",600,469,true],"rpwe-thumbnail":["https:\/\/elfederalmendoza.com.ar\/wp-content\/uploads\/2023\/04\/jauria1-45x45.jpg",45,45,true],"advps-thumb-one":["https:\/\/elfederalmendoza.com.ar\/wp-content\/uploads\/2023\/04\/jauria1-832x420.jpg",832,420,true]},"rttpg_author":{"display_name":"Redacci\u00f3n El Federal","author_link":"https:\/\/elfederalmendoza.com.ar\/index.php\/author\/angelflores\/"},"rttpg_comment":0,"rttpg_category":"<a href=\"https:\/\/elfederalmendoza.com.ar\/index.php\/category\/mza\/\" rel=\"category tag\">Mendoza<\/a>","rttpg_excerpt":"Un ni\u00f1o de 5 a\u00f1os de Rivadavia\u00a0debi\u00f3 ser\u00a0operado en el Notti\u00a0 y se encuentra grave\u00a0debido a la gravedad de las\u00a0heridas que le provoc\u00f3 una jaur\u00eda que lo atac\u00f3 en una finca en Rivadavia.\u00a0El propietario de ese predio fue aprehendido. El ataque de los perros se produjo despu\u00e9s de las 13 en la finca ubicada en&hellip;","_links":{"self":[{"href":"https:\/\/elfederalmendoza.com.ar\/index.php\/wp-json\/wp\/v2\/posts\/21811","targetHints":{"allow":["GET"]}}],"collection":[{"href":"https:\/\/elfederalmendoza.com.ar\/index.php\/wp-json\/wp\/v2\/posts"}],"about":[{"href":"https:\/\/elfederalmendoza.com.ar\/index.php\/wp-json\/wp\/v2\/types\/post"}],"author":[{"embeddable":true,"href":"https:\/\/elfederalmendoza.com.ar\/index.php\/wp-json\/wp\/v2\/users\/2"}],"replies":[{"embeddable":true,"href":"https:\/\/elfederalmendoza.com.ar\/index.php\/wp-json\/wp\/v2\/comments?post=21811"}],"version-history":[{"count":1,"href":"https:\/\/elfederalmendoza.com.ar\/index.php\/wp-json\/wp\/v2\/posts\/21811\/revisions"}],"predecessor-version":[{"id":21815,"href":"https:\/\/elfederalmendoza.com.ar\/index.php\/wp-json\/wp\/v2\/posts\/21811\/revisions\/21815"}],"wp:featuredmedia":[{"embeddable":true,"href":"https:\/\/elfederalmendoza.com.ar\/index.php\/wp-json\/wp\/v2\/media\/21813"}],"wp:attachment":[{"href":"https:\/\/elfederalmendoza.com.ar\/index.php\/wp-json\/wp\/v2\/media?parent=21811"}],"wp:term":[{"taxonomy":"category","embeddable":true,"href":"https:\/\/elfederalmendoza.com.ar\/index.php\/wp-json\/wp\/v2\/categories?post=21811"},{"taxonomy":"post_tag","embeddable":true,"href":"https:\/\/elfederalmendoza.com.ar\/index.php\/wp-json\/wp\/v2\/tags?post=21811"}],"curies":[{"name":"wp","href":"https:\/\/api.w.org\/{rel}","templated":true}]}}