{"id":21816,"date":"2023-04-10T09:59:50","date_gmt":"2023-04-10T12:59:50","guid":{"rendered":"https:\/\/elfederalmendoza.com\/?p=21816"},"modified":"2023-04-10T09:59:51","modified_gmt":"2023-04-10T12:59:51","slug":"la-justicia-define-si-quedan-en-prision-preventiva-los-cinco-acusados-por-la-muerte-de-dos-ancianos-en-un-geriatrico-de-godoy-cruz","status":"publish","type":"post","link":"https:\/\/elfederalmendoza.com.ar\/index.php\/2023\/04\/10\/la-justicia-define-si-quedan-en-prision-preventiva-los-cinco-acusados-por-la-muerte-de-dos-ancianos-en-un-geriatrico-de-godoy-cruz\/","title":{"rendered":"La justicia define si quedan en prisi\u00f3n preventiva los cinco acusados por la muerte de dos ancianos en un geri\u00e1trico de Godoy Cruz"},"content":{"rendered":"\n<p>Este lunes se realizar\u00e1 una&nbsp;<strong>audiencia clave en la causa que investiga la muerte de dos ancianos en un geri\u00e1trico de Godoy Cruz, cuando la defensa de los cinco imputados presenten sus pruebas para sostener su inocencia<\/strong>&nbsp;en los delitos imputados.<\/p>\n\n\n\n<p>Desde las 13.30, en el Polo Judicial, las partes volver\u00e1n a reunirse para analizar los\u00a0<strong>hechos ocurridos en el geri\u00e1trico Hogar Nuevo Renacimiento,\u00a0<\/strong>ubicado en calle Manuel Moreno al 200 de Godoy Cruz.<\/p>\n\n\n\n<p>La fiscal del caso,&nbsp;<strong>Claudia R\u00edos, ya expuso sus fundamentos para sostener la acusaci\u00f3n contra los cinco imputados y por ende el pedido de prisi\u00f3n preventiva.&nbsp;<\/strong>Este lunes ser\u00e1 el turno de la defensa y luego los jueces pasar\u00e1n a deliberar para dictar o no la detenci\u00f3n moment\u00e1nea de los acusados.<\/p>\n\n\n\n<p>Quienes est\u00e1n en el centro de la escena son&nbsp;<strong>Gabriela Bel\u00e9n Oviedo, Javier Mart\u00edn Rojas (estos dos como due\u00f1os del lugar), Marianela Beatriz Guida (m\u00e9dica), Emilio Oscar Oviedo y Melisa Soledad Marchan (asistentes).<\/strong><\/p>\n\n\n\n<p><strong>Todos est\u00e1n imputados por un abandono de persona seguido de muerte,<\/strong>\u00a0calificaci\u00f3n que los puede llevar a una pena de hasta 15 a\u00f1os de c\u00e1rcel.<\/p>\n\n\n\n<p>Seg\u00fan la reconstrucci\u00f3n de los hechos,<strong>&nbsp;el hogar no contaba con la habilitaci\u00f3n para funcionar como geri\u00e1trico<\/strong>, en tanto que tanto la justicia como la Municipalidad ya hab\u00edan detectado algunas irregularidades.<\/p>\n\n\n\n<p>El 13 de diciembre del 2022 el lugar fue clausurado por una serie de infracciones, en tanto que el 10 de enero se detect\u00f3 el fallecimiento de los dos abuelos que origin\u00f3 la pesquisa.<\/p>\n\n\n\n<p>Para los investigadores, l<strong>as v\u00edctimas fallecieron por deshidrataci\u00f3n por lo que quedar\u00eda demostrado una \u00abfalta de atenci\u00f3n\u00bb por parte de los encargados de cuidar la salud de los abuelos.<\/strong>&nbsp;De all\u00ed surge la acusaci\u00f3n por abandono de persona.<\/p>\n\n\n\n<p>El Hogar Nuevo Renacimiento (tambi\u00e9n era conocido por otros nombres) funcionaba en calle Manuel Moreno 235 de Godoy Cruz.<\/p>\n\n\n\n<p>Seg\u00fan la denuncia de los familiares de abuelos alojados all\u00ed,&nbsp;<strong>el pago mensual alcanzaba los 130.000 pesos en el caso de una habitaci\u00f3n simple y unos 80.000 pesos una habitaci\u00f3n compartida.<\/strong><\/p>\n\n\n\n<p>Al parecer<strong>&nbsp;los due\u00f1os ofrec\u00edan un servicio de cuidado de \u201c24 horas\u201d, el cual para la justicia no se cumpl\u00eda. Esto fue lo que gener\u00f3 el desenlace fatal que ahora investiga la fiscal\u00eda de homicidios.<\/strong><\/p>\n","protected":false},"excerpt":{"rendered":"<p>Este lunes se realizar\u00e1 una&nbsp;audiencia clave en la causa que investiga la muerte de dos ancianos en un geri\u00e1trico de Godoy Cruz, cuando la defensa de los cinco imputados presenten sus pruebas para sostener su inocencia&nbsp;en los delitos imputados. Desde las 13.30, en el Polo Judicial, las partes volver\u00e1n a reunirse para analizar los\u00a0hechos ocurridos<a class=\"read-more\" href=\"https:\/\/elfederalmendoza.com.ar\/index.php\/2023\/04\/10\/la-justicia-define-si-quedan-en-prision-preventiva-los-cinco-acusados-por-la-muerte-de-dos-ancianos-en-un-geriatrico-de-godoy-cruz\/\"> [&hellip;]<\/a><\/p>\n","protected":false},"author":2,"featured_media":21825,"comment_status":"open","ping_status":"open","sticky":false,"template":"","format":"standard","meta":{"footnotes":""},"categories":[1],"tags":[],"class_list":["post-21816","post","type-post","status-publish","format-standard","has-post-thumbnail","hentry","category-mza"],"rttpg_featured_image_url":{"full":["https:\/\/elfederalmendoza.com.ar\/wp-content\/uploads\/2023\/04\/asilo-godoy-cruz-geriatricowebp.webp",790,467,false],"landscape":["https:\/\/elfederalmendoza.com.ar\/wp-content\/uploads\/2023\/04\/asilo-godoy-cruz-geriatricowebp.webp",790,467,false],"portraits":["https:\/\/elfederalmendoza.com.ar\/wp-content\/uploads\/2023\/04\/asilo-godoy-cruz-geriatricowebp.webp",790,467,false],"thumbnail":["https:\/\/elfederalmendoza.com.ar\/wp-content\/uploads\/2023\/04\/asilo-godoy-cruz-geriatricowebp-150x150.webp",150,150,true],"medium":["https:\/\/elfederalmendoza.com.ar\/wp-content\/uploads\/2023\/04\/asilo-godoy-cruz-geriatricowebp-300x177.webp",300,177,true],"large":["https:\/\/elfederalmendoza.com.ar\/wp-content\/uploads\/2023\/04\/asilo-godoy-cruz-geriatricowebp.webp",640,378,false],"1536x1536":["https:\/\/elfederalmendoza.com.ar\/wp-content\/uploads\/2023\/04\/asilo-godoy-cruz-geriatricowebp.webp",790,467,false],"2048x2048":["https:\/\/elfederalmendoza.com.ar\/wp-content\/uploads\/2023\/04\/asilo-godoy-cruz-geriatricowebp.webp",790,467,false],"ultp_layout_landscape_large":["https:\/\/elfederalmendoza.com.ar\/wp-content\/uploads\/2023\/04\/asilo-godoy-cruz-geriatricowebp.webp",790,467,false],"ultp_layout_landscape":["https:\/\/elfederalmendoza.com.ar\/wp-content\/uploads\/2023\/04\/asilo-godoy-cruz-geriatricowebp.webp",790,467,false],"ultp_layout_portrait":["https:\/\/elfederalmendoza.com.ar\/wp-content\/uploads\/2023\/04\/asilo-godoy-cruz-geriatricowebp-600x467.webp",600,467,true],"ultp_layout_square":["https:\/\/elfederalmendoza.com.ar\/wp-content\/uploads\/2023\/04\/asilo-godoy-cruz-geriatricowebp-600x467.webp",600,467,true],"rpwe-thumbnail":["https:\/\/elfederalmendoza.com.ar\/wp-content\/uploads\/2023\/04\/asilo-godoy-cruz-geriatricowebp-45x45.webp",45,45,true],"advps-thumb-one":["https:\/\/elfederalmendoza.com.ar\/wp-content\/uploads\/2023\/04\/asilo-godoy-cruz-geriatricowebp-790x420.webp",790,420,true]},"rttpg_author":{"display_name":"Redacci\u00f3n El Federal","author_link":"https:\/\/elfederalmendoza.com.ar\/index.php\/author\/angelflores\/"},"rttpg_comment":0,"rttpg_category":"<a href=\"https:\/\/elfederalmendoza.com.ar\/index.php\/category\/mza\/\" rel=\"category tag\">Mendoza<\/a>","rttpg_excerpt":"Este lunes se realizar\u00e1 una&nbsp;audiencia clave en la causa que investiga la muerte de dos ancianos en un geri\u00e1trico de Godoy Cruz, cuando la defensa de los cinco imputados presenten sus pruebas para sostener su inocencia&nbsp;en los delitos imputados. Desde las 13.30, en el Polo Judicial, las partes volver\u00e1n a reunirse para analizar los\u00a0hechos ocurridos&hellip;","_links":{"self":[{"href":"https:\/\/elfederalmendoza.com.ar\/index.php\/wp-json\/wp\/v2\/posts\/21816","targetHints":{"allow":["GET"]}}],"collection":[{"href":"https:\/\/elfederalmendoza.com.ar\/index.php\/wp-json\/wp\/v2\/posts"}],"about":[{"href":"https:\/\/elfederalmendoza.com.ar\/index.php\/wp-json\/wp\/v2\/types\/post"}],"author":[{"embeddable":true,"href":"https:\/\/elfederalmendoza.com.ar\/index.php\/wp-json\/wp\/v2\/users\/2"}],"replies":[{"embeddable":true,"href":"https:\/\/elfederalmendoza.com.ar\/index.php\/wp-json\/wp\/v2\/comments?post=21816"}],"version-history":[{"count":1,"href":"https:\/\/elfederalmendoza.com.ar\/index.php\/wp-json\/wp\/v2\/posts\/21816\/revisions"}],"predecessor-version":[{"id":21826,"href":"https:\/\/elfederalmendoza.com.ar\/index.php\/wp-json\/wp\/v2\/posts\/21816\/revisions\/21826"}],"wp:featuredmedia":[{"embeddable":true,"href":"https:\/\/elfederalmendoza.com.ar\/index.php\/wp-json\/wp\/v2\/media\/21825"}],"wp:attachment":[{"href":"https:\/\/elfederalmendoza.com.ar\/index.php\/wp-json\/wp\/v2\/media?parent=21816"}],"wp:term":[{"taxonomy":"category","embeddable":true,"href":"https:\/\/elfederalmendoza.com.ar\/index.php\/wp-json\/wp\/v2\/categories?post=21816"},{"taxonomy":"post_tag","embeddable":true,"href":"https:\/\/elfederalmendoza.com.ar\/index.php\/wp-json\/wp\/v2\/tags?post=21816"}],"curies":[{"name":"wp","href":"https:\/\/api.w.org\/{rel}","templated":true}]}}