{"id":21827,"date":"2023-04-10T10:24:06","date_gmt":"2023-04-10T13:24:06","guid":{"rendered":"https:\/\/elfederalmendoza.com\/?p=21827"},"modified":"2023-04-10T10:24:08","modified_gmt":"2023-04-10T13:24:08","slug":"confirmado-intervinieron-el-pro-de-mendoza-y-de-marchi-no-podra-usar-el-sello-del-partido-en-las-elecciones","status":"publish","type":"post","link":"https:\/\/elfederalmendoza.com.ar\/index.php\/2023\/04\/10\/confirmado-intervinieron-el-pro-de-mendoza-y-de-marchi-no-podra-usar-el-sello-del-partido-en-las-elecciones\/","title":{"rendered":"Confirmado: intervinieron el PRO de Mendoza y De Marchi no podr\u00e1 usar el sello del partido en las elecciones"},"content":{"rendered":"\n<p>Finalmente, tal como se esperaba, en la ma\u00f1ana de este lunes el interventor del&nbsp;<strong>PRO,<\/strong>&nbsp;<strong>Humberto Schiavoni<\/strong>&nbsp;<mark>firm\u00f3 la incorporaci\u00f3n del partido a Cambia Mendoza.<\/mark><\/p>\n\n\n\n<p>El senador nacional lleg\u00f3 a la Provincia luego del revuelo que se arm\u00f3 la semana pasada, cuando se conoci\u00f3 que el diputado nacional,\u00a0<strong>Omar De Marchi,<\/strong>\u00a0iba a competir por fuera de la coalici\u00f3n oficialista.<\/p>\n\n\n\n<p>Con esta acta firmada, el candidato no podr\u00e1 usar el sello del PRO para presentarse en las pr\u00f3ximas elecciones y adem\u00e1s se dan de baja las actuales autoridades partidarias, de manera que \u00c1lvaro Mart\u00ednez dejar\u00e1 de ser el presidente del partido.<\/p>\n\n\n\n<p><em>\u201cSiguiendo una directiva nacional pol\u00edtica de integrar Juntos por el Cambio a nivel nacional, ratificamos la l\u00ednea pol\u00edtica que fue uno de los motivos de esta intervenci\u00f3n y tambi\u00e9n los vencimientos de mandato partidario, todas las autoridades del PRO cesaron en sus facultades\u201d<\/em>, explic\u00f3 el interventor.<\/p>\n\n\n\n<figure class=\"wp-block-embed is-type-rich is-provider-twitter wp-block-embed-twitter\"><div class=\"wp-block-embed__wrapper\">\n<blockquote class=\"twitter-tweet\" data-width=\"550\" data-dnt=\"true\"><p lang=\"es\" dir=\"ltr\">El PRO se integr\u00f3 formalmente a <a href=\"https:\/\/twitter.com\/hashtag\/CambiaMendoza?src=hash&amp;ref_src=twsrc%5Etfw\">#CambiaMendoza<\/a><br><br>&quot;La unidad de Juntos por el Cambio est\u00e1 garantizada. Ha superado situaciones m\u00e1s complejas que las de Mendoza&quot;, dijo el interventor <a href=\"https:\/\/twitter.com\/SchiavoniH?ref_src=twsrc%5Etfw\">@SchiavoniH<\/a> <a href=\"https:\/\/t.co\/8cRPBYhHfB\">pic.twitter.com\/8cRPBYhHfB<\/a><\/p>&mdash; Frente Cambia Mza (@FrenteCambiaMza) <a href=\"https:\/\/twitter.com\/FrenteCambiaMza\/status\/1645400981511782401?ref_src=twsrc%5Etfw\">April 10, 2023<\/a><\/blockquote><script async src=\"https:\/\/platform.twitter.com\/widgets.js\" charset=\"utf-8\"><\/script>\n<\/div><\/figure>\n\n\n\n<p>La decisi\u00f3n del lujanino de competir por fuera de Cambia Mendoza gener\u00f3 un gran malestar en el radicalismo y desde el PRO, la presidenta Patricia Bullrich, activ\u00f3 los mecanismos para intervenir el partido en Mendoza.<\/p>\n\n\n\n<p><em>\u201cAcabamos de firmar e ingresar el acta donde el PRO se incorpora a la alianza Cambia Mendoza. De Marchi no puede usar el sello del PRO\u201d,&nbsp;<\/em>confirm\u00f3 el interventor del partido.<\/p>\n\n\n\n<p>En cuanto a la unidad de Juntos por el Cambio, Schiavoni, asegur\u00f3 que est\u00e1 garantizada.&nbsp;<em>\u201cJuntos por el Cambio ha soportado pruebas m\u00e1s complejas. En Mendoza hubiese sido deseable que esto no ocurriera\u201d,<\/em>&nbsp;insisti\u00f3 el interventor.<\/p>\n\n\n\n<p>Respecto a De Marchi, el interventor se\u00f1al\u00f3: \u201c<em>Son decisiones personales que cada uno toma y se tiene que hacer cargo\u201d.<\/em><\/p>\n\n\n\n<p>A partir de ahora se realizar\u00e1 un proceso de restructuraci\u00f3n institucional y se espera que m\u00e1s adelante se realice el llamado a elecciones partidarias. En tanto, Schiavoni regresar\u00e1 la semana pr\u00f3xima para seguir con los tr\u00e1mites que le fueron asignados.<\/p>\n","protected":false},"excerpt":{"rendered":"<p>Finalmente, tal como se esperaba, en la ma\u00f1ana de este lunes el interventor del&nbsp;PRO,&nbsp;Humberto Schiavoni&nbsp;firm\u00f3 la incorporaci\u00f3n del partido a Cambia Mendoza. El senador nacional lleg\u00f3 a la Provincia luego del revuelo que se arm\u00f3 la semana pasada, cuando se conoci\u00f3 que el diputado nacional,\u00a0Omar De Marchi,\u00a0iba a competir por fuera de la coalici\u00f3n oficialista.<a class=\"read-more\" href=\"https:\/\/elfederalmendoza.com.ar\/index.php\/2023\/04\/10\/confirmado-intervinieron-el-pro-de-mendoza-y-de-marchi-no-podra-usar-el-sello-del-partido-en-las-elecciones\/\"> [&hellip;]<\/a><\/p>\n","protected":false},"author":2,"featured_media":21828,"comment_status":"open","ping_status":"open","sticky":false,"template":"","format":"standard","meta":{"footnotes":""},"categories":[1],"tags":[],"class_list":["post-21827","post","type-post","status-publish","format-standard","has-post-thumbnail","hentry","category-mza"],"rttpg_featured_image_url":{"full":["https:\/\/elfederalmendoza.com.ar\/wp-content\/uploads\/2023\/04\/FtWjeN7WwAIK4zI.jpg",1600,1066,false],"landscape":["https:\/\/elfederalmendoza.com.ar\/wp-content\/uploads\/2023\/04\/FtWjeN7WwAIK4zI.jpg",1600,1066,false],"portraits":["https:\/\/elfederalmendoza.com.ar\/wp-content\/uploads\/2023\/04\/FtWjeN7WwAIK4zI.jpg",1600,1066,false],"thumbnail":["https:\/\/elfederalmendoza.com.ar\/wp-content\/uploads\/2023\/04\/FtWjeN7WwAIK4zI-150x150.jpg",150,150,true],"medium":["https:\/\/elfederalmendoza.com.ar\/wp-content\/uploads\/2023\/04\/FtWjeN7WwAIK4zI-300x200.jpg",300,200,true],"large":["https:\/\/elfederalmendoza.com.ar\/wp-content\/uploads\/2023\/04\/FtWjeN7WwAIK4zI-1024x682.jpg",640,426,true],"1536x1536":["https:\/\/elfederalmendoza.com.ar\/wp-content\/uploads\/2023\/04\/FtWjeN7WwAIK4zI-1536x1023.jpg",1536,1023,true],"2048x2048":["https:\/\/elfederalmendoza.com.ar\/wp-content\/uploads\/2023\/04\/FtWjeN7WwAIK4zI.jpg",1600,1066,false],"ultp_layout_landscape_large":["https:\/\/elfederalmendoza.com.ar\/wp-content\/uploads\/2023\/04\/FtWjeN7WwAIK4zI-1200x800.jpg",1200,800,true],"ultp_layout_landscape":["https:\/\/elfederalmendoza.com.ar\/wp-content\/uploads\/2023\/04\/FtWjeN7WwAIK4zI-870x570.jpg",870,570,true],"ultp_layout_portrait":["https:\/\/elfederalmendoza.com.ar\/wp-content\/uploads\/2023\/04\/FtWjeN7WwAIK4zI-600x900.jpg",600,900,true],"ultp_layout_square":["https:\/\/elfederalmendoza.com.ar\/wp-content\/uploads\/2023\/04\/FtWjeN7WwAIK4zI-600x600.jpg",600,600,true],"rpwe-thumbnail":["https:\/\/elfederalmendoza.com.ar\/wp-content\/uploads\/2023\/04\/FtWjeN7WwAIK4zI-45x45.jpg",45,45,true],"advps-thumb-one":["https:\/\/elfederalmendoza.com.ar\/wp-content\/uploads\/2023\/04\/FtWjeN7WwAIK4zI-1200x420.jpg",1200,420,true]},"rttpg_author":{"display_name":"Redacci\u00f3n El Federal","author_link":"https:\/\/elfederalmendoza.com.ar\/index.php\/author\/angelflores\/"},"rttpg_comment":0,"rttpg_category":"<a href=\"https:\/\/elfederalmendoza.com.ar\/index.php\/category\/mza\/\" rel=\"category tag\">Mendoza<\/a>","rttpg_excerpt":"Finalmente, tal como se esperaba, en la ma\u00f1ana de este lunes el interventor del&nbsp;PRO,&nbsp;Humberto Schiavoni&nbsp;firm\u00f3 la incorporaci\u00f3n del partido a Cambia Mendoza. El senador nacional lleg\u00f3 a la Provincia luego del revuelo que se arm\u00f3 la semana pasada, cuando se conoci\u00f3 que el diputado nacional,\u00a0Omar De Marchi,\u00a0iba a competir por fuera de la coalici\u00f3n oficialista.&hellip;","_links":{"self":[{"href":"https:\/\/elfederalmendoza.com.ar\/index.php\/wp-json\/wp\/v2\/posts\/21827","targetHints":{"allow":["GET"]}}],"collection":[{"href":"https:\/\/elfederalmendoza.com.ar\/index.php\/wp-json\/wp\/v2\/posts"}],"about":[{"href":"https:\/\/elfederalmendoza.com.ar\/index.php\/wp-json\/wp\/v2\/types\/post"}],"author":[{"embeddable":true,"href":"https:\/\/elfederalmendoza.com.ar\/index.php\/wp-json\/wp\/v2\/users\/2"}],"replies":[{"embeddable":true,"href":"https:\/\/elfederalmendoza.com.ar\/index.php\/wp-json\/wp\/v2\/comments?post=21827"}],"version-history":[{"count":1,"href":"https:\/\/elfederalmendoza.com.ar\/index.php\/wp-json\/wp\/v2\/posts\/21827\/revisions"}],"predecessor-version":[{"id":21829,"href":"https:\/\/elfederalmendoza.com.ar\/index.php\/wp-json\/wp\/v2\/posts\/21827\/revisions\/21829"}],"wp:featuredmedia":[{"embeddable":true,"href":"https:\/\/elfederalmendoza.com.ar\/index.php\/wp-json\/wp\/v2\/media\/21828"}],"wp:attachment":[{"href":"https:\/\/elfederalmendoza.com.ar\/index.php\/wp-json\/wp\/v2\/media?parent=21827"}],"wp:term":[{"taxonomy":"category","embeddable":true,"href":"https:\/\/elfederalmendoza.com.ar\/index.php\/wp-json\/wp\/v2\/categories?post=21827"},{"taxonomy":"post_tag","embeddable":true,"href":"https:\/\/elfederalmendoza.com.ar\/index.php\/wp-json\/wp\/v2\/tags?post=21827"}],"curies":[{"name":"wp","href":"https:\/\/api.w.org\/{rel}","templated":true}]}}