{"id":21834,"date":"2023-04-10T11:22:44","date_gmt":"2023-04-10T14:22:44","guid":{"rendered":"https:\/\/elfederalmendoza.com\/?p=21834"},"modified":"2023-04-10T11:26:05","modified_gmt":"2023-04-10T14:26:05","slug":"la-mama-del-nene-atacado-por-perros-en-rivadavia-aseguro-que-el-dueno-de-los-animales-tiene-cinco-denuncias-previas","status":"publish","type":"post","link":"https:\/\/elfederalmendoza.com.ar\/index.php\/2023\/04\/10\/la-mama-del-nene-atacado-por-perros-en-rivadavia-aseguro-que-el-dueno-de-los-animales-tiene-cinco-denuncias-previas\/","title":{"rendered":"La mam\u00e1 del nene atacado por perros en Rivadavia asegur\u00f3 que el due\u00f1o de los animales tiene cinco denuncias previas"},"content":{"rendered":"\n<p>La madre de Lorenzo, el\u00a0<strong>ni\u00f1o atacado por una jaur\u00eda de perros en Rivadavia<\/strong>\u00a0este domingo pasado el mediod\u00eda, relat\u00f3 a\u00a0<em>Radio Nihuil<\/em>\u00a0de la angustiante jornada vivida y cont\u00f3 c\u00f3mo evoluciona su hijo, internado en el Hospital Notti.<\/p>\n\n\n\n<p>Por ahora, a la espera del parte oficial de la instituci\u00f3n, la mujer adelant\u00f3 que&nbsp;<strong>el ni\u00f1o pasar\u00e1 al menos unos d\u00edas en terapia.<\/strong>&nbsp;Asegur\u00f3 que el ni\u00f1o tiene mordeduras en m\u00faltiples zonas. \u00ab<strong>En los genitales, las piernas, los t\u00edmpanos, en todo el cuerpo<\/strong>\u00ab, cont\u00f3 la madre.<\/p>\n\n\n\n<p><strong>La v\u00edctima tiene cinco a\u00f1os y estaba jugando con sus primos, que tienen ocho, cuando un grupo de cinco perros se acerc\u00f3 con intenciones de atacar<\/strong>. En ese momento, el grupo sali\u00f3 corriendo, pero los animales pudieron alcanzar al m\u00e1s peque\u00f1o del grupo, Lorenzo. Para ese momento, los canes eran entre 10 y 15.<\/p>\n\n\n<div class=\"wp-block-image\">\n<figure class=\"aligncenter size-full\"><img loading=\"lazy\" decoding=\"async\" width=\"570\" height=\"303\" src=\"https:\/\/elfederalmendoza.com\/wp-content\/uploads\/2023\/04\/6433ea6c0cd04_570_303.jpg\" alt=\"\" class=\"wp-image-21837\" srcset=\"https:\/\/elfederalmendoza.com.ar\/wp-content\/uploads\/2023\/04\/6433ea6c0cd04_570_303.jpg 570w, https:\/\/elfederalmendoza.com.ar\/wp-content\/uploads\/2023\/04\/6433ea6c0cd04_570_303-300x159.jpg 300w\" sizes=\"auto, (max-width: 570px) 100vw, 570px\" \/><\/figure><\/div>\n\n\n<p>La jaur\u00eda arrastr\u00f3 al ni\u00f1o hasta la finca del abogado Ricardo Osmar Ganun (61) y lo atac\u00f3.\u00a0<strong>\u00abNo lo encontr\u00e1bamos por ning\u00fan lado, grit\u00e1bamos. Los perros me mordieron la espalda a m\u00ed tambi\u00e9n<\/strong>\u00ab, relat\u00f3 la mujer. \u00abMuchos vecinos dicen que el hombre se lo quiso llevar en la camioneta y como lo vieron, se volvi\u00f3\u00bb, agreg\u00f3.<\/p>\n\n\n\n<p>La mam\u00e1 de Lorenzo tambi\u00e9n se refiri\u00f3 a la esposa de Ganun, quien habr\u00eda cuestionado a los ni\u00f1os por estar jugando en la zona. \u00abTendr\u00eda que ser un poquito m\u00e1s consciente de lo que est\u00e1 hablando, deber\u00eda ponerse en el lugar de los otros. Los nenes estaban jugando. Que est\u00e9 jugando en una acequia y que vengan 15 perros a buscarlo y llev\u00e1ndoselo a la rastra&#8230;\u00a0<strong>se lo estaban comiendo<\/strong>\u00ab.<\/p>\n\n\n\n<p>\u00ab<strong>Me dijeron de la comisar\u00eda que (el hombre) tiene m\u00e1s de cinco denuncias ya<\/strong>\u00a0-cont\u00f3 la mujer-.\u00a0Pero como \u00e9l es abogado&#8230; \u00e9l siempre preguntaba por qu\u00e9 se meten a su domicilio. No tiene todo cerrado el domicilio\u00bb.<\/p>\n\n\n\n<p><em>Fuente: Mendoza Post<\/em><\/p>\n","protected":false},"excerpt":{"rendered":"<p>La madre de Lorenzo, el\u00a0ni\u00f1o atacado por una jaur\u00eda de perros en Rivadavia\u00a0este domingo pasado el mediod\u00eda, relat\u00f3 a\u00a0Radio Nihuil\u00a0de la angustiante jornada vivida y cont\u00f3 c\u00f3mo evoluciona su hijo, internado en el Hospital Notti. Por ahora, a la espera del parte oficial de la instituci\u00f3n, la mujer adelant\u00f3 que&nbsp;el ni\u00f1o pasar\u00e1 al menos unos<a class=\"read-more\" href=\"https:\/\/elfederalmendoza.com.ar\/index.php\/2023\/04\/10\/la-mama-del-nene-atacado-por-perros-en-rivadavia-aseguro-que-el-dueno-de-los-animales-tiene-cinco-denuncias-previas\/\"> [&hellip;]<\/a><\/p>\n","protected":false},"author":2,"featured_media":21836,"comment_status":"open","ping_status":"open","sticky":false,"template":"","format":"standard","meta":{"footnotes":""},"categories":[1],"tags":[],"class_list":["post-21834","post","type-post","status-publish","format-standard","has-post-thumbnail","hentry","category-mza"],"rttpg_featured_image_url":{"full":["https:\/\/elfederalmendoza.com.ar\/wp-content\/uploads\/2023\/04\/6433fec503462_1024_440.webp",1024,440,false],"landscape":["https:\/\/elfederalmendoza.com.ar\/wp-content\/uploads\/2023\/04\/6433fec503462_1024_440.webp",1024,440,false],"portraits":["https:\/\/elfederalmendoza.com.ar\/wp-content\/uploads\/2023\/04\/6433fec503462_1024_440.webp",1024,440,false],"thumbnail":["https:\/\/elfederalmendoza.com.ar\/wp-content\/uploads\/2023\/04\/6433fec503462_1024_440-150x150.webp",150,150,true],"medium":["https:\/\/elfederalmendoza.com.ar\/wp-content\/uploads\/2023\/04\/6433fec503462_1024_440-300x129.webp",300,129,true],"large":["https:\/\/elfederalmendoza.com.ar\/wp-content\/uploads\/2023\/04\/6433fec503462_1024_440.webp",640,275,false],"1536x1536":["https:\/\/elfederalmendoza.com.ar\/wp-content\/uploads\/2023\/04\/6433fec503462_1024_440.webp",1024,440,false],"2048x2048":["https:\/\/elfederalmendoza.com.ar\/wp-content\/uploads\/2023\/04\/6433fec503462_1024_440.webp",1024,440,false],"ultp_layout_landscape_large":["https:\/\/elfederalmendoza.com.ar\/wp-content\/uploads\/2023\/04\/6433fec503462_1024_440.webp",1024,440,false],"ultp_layout_landscape":["https:\/\/elfederalmendoza.com.ar\/wp-content\/uploads\/2023\/04\/6433fec503462_1024_440-870x440.webp",870,440,true],"ultp_layout_portrait":["https:\/\/elfederalmendoza.com.ar\/wp-content\/uploads\/2023\/04\/6433fec503462_1024_440-600x440.webp",600,440,true],"ultp_layout_square":["https:\/\/elfederalmendoza.com.ar\/wp-content\/uploads\/2023\/04\/6433fec503462_1024_440-600x440.webp",600,440,true],"rpwe-thumbnail":["https:\/\/elfederalmendoza.com.ar\/wp-content\/uploads\/2023\/04\/6433fec503462_1024_440-45x45.webp",45,45,true],"advps-thumb-one":["https:\/\/elfederalmendoza.com.ar\/wp-content\/uploads\/2023\/04\/6433fec503462_1024_440-1024x420.webp",1024,420,true]},"rttpg_author":{"display_name":"Redacci\u00f3n El Federal","author_link":"https:\/\/elfederalmendoza.com.ar\/index.php\/author\/angelflores\/"},"rttpg_comment":0,"rttpg_category":"<a href=\"https:\/\/elfederalmendoza.com.ar\/index.php\/category\/mza\/\" rel=\"category tag\">Mendoza<\/a>","rttpg_excerpt":"La madre de Lorenzo, el\u00a0ni\u00f1o atacado por una jaur\u00eda de perros en Rivadavia\u00a0este domingo pasado el mediod\u00eda, relat\u00f3 a\u00a0Radio Nihuil\u00a0de la angustiante jornada vivida y cont\u00f3 c\u00f3mo evoluciona su hijo, internado en el Hospital Notti. Por ahora, a la espera del parte oficial de la instituci\u00f3n, la mujer adelant\u00f3 que&nbsp;el ni\u00f1o pasar\u00e1 al menos unos&hellip;","_links":{"self":[{"href":"https:\/\/elfederalmendoza.com.ar\/index.php\/wp-json\/wp\/v2\/posts\/21834","targetHints":{"allow":["GET"]}}],"collection":[{"href":"https:\/\/elfederalmendoza.com.ar\/index.php\/wp-json\/wp\/v2\/posts"}],"about":[{"href":"https:\/\/elfederalmendoza.com.ar\/index.php\/wp-json\/wp\/v2\/types\/post"}],"author":[{"embeddable":true,"href":"https:\/\/elfederalmendoza.com.ar\/index.php\/wp-json\/wp\/v2\/users\/2"}],"replies":[{"embeddable":true,"href":"https:\/\/elfederalmendoza.com.ar\/index.php\/wp-json\/wp\/v2\/comments?post=21834"}],"version-history":[{"count":3,"href":"https:\/\/elfederalmendoza.com.ar\/index.php\/wp-json\/wp\/v2\/posts\/21834\/revisions"}],"predecessor-version":[{"id":21841,"href":"https:\/\/elfederalmendoza.com.ar\/index.php\/wp-json\/wp\/v2\/posts\/21834\/revisions\/21841"}],"wp:featuredmedia":[{"embeddable":true,"href":"https:\/\/elfederalmendoza.com.ar\/index.php\/wp-json\/wp\/v2\/media\/21836"}],"wp:attachment":[{"href":"https:\/\/elfederalmendoza.com.ar\/index.php\/wp-json\/wp\/v2\/media?parent=21834"}],"wp:term":[{"taxonomy":"category","embeddable":true,"href":"https:\/\/elfederalmendoza.com.ar\/index.php\/wp-json\/wp\/v2\/categories?post=21834"},{"taxonomy":"post_tag","embeddable":true,"href":"https:\/\/elfederalmendoza.com.ar\/index.php\/wp-json\/wp\/v2\/tags?post=21834"}],"curies":[{"name":"wp","href":"https:\/\/api.w.org\/{rel}","templated":true}]}}