{"id":21835,"date":"2023-04-10T07:27:00","date_gmt":"2023-04-10T10:27:00","guid":{"rendered":"https:\/\/elfederalmendoza.com\/?p=21835"},"modified":"2023-04-10T11:39:26","modified_gmt":"2023-04-10T14:39:26","slug":"la-candidata-a-diputada-de-milei-que-vende-contenido-erotico-contesto-a-las-criticas-con-un-tuit-con-una-mini-bikini","status":"publish","type":"post","link":"https:\/\/elfederalmendoza.com.ar\/index.php\/2023\/04\/10\/la-candidata-a-diputada-de-milei-que-vende-contenido-erotico-contesto-a-las-criticas-con-un-tuit-con-una-mini-bikini\/","title":{"rendered":"La candidata a diputada de Milei que vende contenido er\u00f3tico, contest\u00f3 a las cr\u00edticas con un tuit con una micro bikini"},"content":{"rendered":"\n<p><strong>Silvina Soria<\/strong>, una mujer de 36 a\u00f1os, se presenta&nbsp;<strong>como candidata a diputada provincial<\/strong>&nbsp;en la lista de&nbsp;<strong>Javier Milei<\/strong>, y a pesar de que asegura que es dif\u00edcil definirse en una sola oraci\u00f3n, en su vida resumen 20 a\u00f1os de experiencias.<\/p>\n\n\n\n<p><strong>Fue piquetera&nbsp;<\/strong>en su adolescencia,&nbsp;<strong>estudiante universitaria<\/strong>&nbsp;y&nbsp;<strong>trabajadora en estaciones de servicio<\/strong>.<\/p>\n\n\n\n<p>Tambi\u00e9n se convirti\u00f3 en madre a los 26 a\u00f1os y&nbsp;<strong>comenz\u00f3 a vender contenido er\u00f3tico<\/strong>&nbsp;hasta que decidi\u00f3 que su nuevo objetivo era la pol\u00edtica.<\/p>\n\n\n\n<figure class=\"wp-block-image is-resized\"><img loading=\"lazy\" decoding=\"async\" src=\"https:\/\/media.sitioandino.com.ar\/p\/c9677b802ce35b032515dc72a798176d\/adjuntos\/335\/imagenes\/000\/626\/0000626490\/790x0\/smart\/wlaq2fedjvhfrbutq2xxy2c444jpg.jpg\" alt=\"\" width=\"949\" height=\"532\"\/><\/figure>\n\n\n\n<p>Vive en Avellaneda, en la provincia de Buenos Aires, y&nbsp;<strong>factura una importante cantidad de dinero mensualmente, gracias a la venta de sus fotos y videos<\/strong>.<\/p>\n\n\n\n<p><strong>La madre de tres ni\u00f1os asegura que sin su trabajo no podr\u00eda mantener a su familia.<\/strong><\/p>\n\n\n\n<figure class=\"wp-block-image is-resized\"><img loading=\"lazy\" decoding=\"async\" src=\"https:\/\/media.sitioandino.com.ar\/p\/1cb7c67332b96e308d8089914c0347ea\/adjuntos\/335\/imagenes\/000\/626\/0000626491\/790x0\/smart\/rsx2fiplsnealhqkslavrjfme4jpg.jpg\" alt=\"\" width=\"958\" height=\"536\"\/><\/figure>\n\n\n\n<p>En su cuenta de Twitter, su biograf\u00eda manifiesta: \u201cPol\u00edticamente de derecha, anti k y anti comunista. Busco el bien general y darle a la gente m\u00e1s claridad\u201d, seg\u00fan publica TN.<\/p>\n\n\n\n<p>Ante las cr\u00edticas, Silvina public\u00f3 un tuit con una foto en traje de ba\u00f1o, aclarando sus aspiraciones en pol\u00edtica.<\/p>\n\n\n\n<blockquote class=\"twitter-tweet\"><p lang=\"es\" dir=\"ltr\">A ver ,chicos y chicas el hecho de hacer erotismo,fotos o lo que sea no me inhabilita para opinar de pol\u00edtica, nunca oculte lo que hago , no miento,soy honesta, me vengo preparando hace a\u00f1os y tengo mis ideas claras ,es con <a href=\"https:\/\/twitter.com\/JMilei?ref_src=twsrc%5Etfw\">@JMilei<\/a> Presidente, y lo va a hacer . <a href=\"https:\/\/t.co\/Tkzc10Y9Fi\">pic.twitter.com\/Tkzc10Y9Fi<\/a><\/p>\u2014 SILVINA SORIA LA LIBERTAD AVANZA AVELLANEDA (@SilvinaSoria14) <a href=\"https:\/\/twitter.com\/SilvinaSoria14\/status\/1645130366494158856?ref_src=twsrc%5Etfw\">April 9, 2023<\/a><\/blockquote> <script async=\"\" src=\"https:\/\/platform.twitter.com\/widgets.js\" charset=\"utf-8\"><\/script>\n\n\n\n<p>Su militancia para la lista de Milei la lleva a estar muy activa en su d\u00eda a d\u00eda,&nbsp;<strong>intercalando su vida personal con la creaci\u00f3n de contenido XXX y la campa\u00f1a pol\u00edtica<\/strong>.<\/p>\n\n\n\n<figure class=\"wp-block-image\"><img decoding=\"async\" src=\"https:\/\/media.sitioandino.com.ar\/p\/2afc056102287860eb960f737f4c2d62\/adjuntos\/335\/imagenes\/000\/626\/0000626492\/790x0\/smart\/miagqkfpefbwhidcamfnsxcfou-1jpg.jpg\" alt=\"\"\/><\/figure>\n\n\n\n<p>Soria busca ser diputada provincial y asegura que est\u00e1 dispuesta a luchar por sus ideales pol\u00edticos de derecha.<\/p>\n\n\n\n<p><\/p>\n","protected":false},"excerpt":{"rendered":"<p>Silvina Soria, una mujer de 36 a\u00f1os, se presenta&nbsp;como candidata a diputada provincial&nbsp;en la lista de&nbsp;Javier Milei, y a pesar de que asegura que es dif\u00edcil definirse en una sola oraci\u00f3n, en su vida resumen 20 a\u00f1os de experiencias. Fue piquetera&nbsp;en su adolescencia,&nbsp;estudiante universitaria&nbsp;y&nbsp;trabajadora en estaciones de servicio. Tambi\u00e9n se convirti\u00f3 en madre a los<a class=\"read-more\" href=\"https:\/\/elfederalmendoza.com.ar\/index.php\/2023\/04\/10\/la-candidata-a-diputada-de-milei-que-vende-contenido-erotico-contesto-a-las-criticas-con-un-tuit-con-una-mini-bikini\/\"> [&hellip;]<\/a><\/p>\n","protected":false},"author":2,"featured_media":21839,"comment_status":"open","ping_status":"open","sticky":false,"template":"","format":"standard","meta":{"footnotes":""},"categories":[5618],"tags":[],"class_list":["post-21835","post","type-post","status-publish","format-standard","has-post-thumbnail","hentry","category-arg"],"rttpg_featured_image_url":{"full":["https:\/\/elfederalmendoza.com.ar\/wp-content\/uploads\/2023\/04\/silvina-soria1.jpg",957,637,false],"landscape":["https:\/\/elfederalmendoza.com.ar\/wp-content\/uploads\/2023\/04\/silvina-soria1.jpg",957,637,false],"portraits":["https:\/\/elfederalmendoza.com.ar\/wp-content\/uploads\/2023\/04\/silvina-soria1.jpg",957,637,false],"thumbnail":["https:\/\/elfederalmendoza.com.ar\/wp-content\/uploads\/2023\/04\/silvina-soria1-150x150.jpg",150,150,true],"medium":["https:\/\/elfederalmendoza.com.ar\/wp-content\/uploads\/2023\/04\/silvina-soria1-300x200.jpg",300,200,true],"large":["https:\/\/elfederalmendoza.com.ar\/wp-content\/uploads\/2023\/04\/silvina-soria1.jpg",640,426,false],"1536x1536":["https:\/\/elfederalmendoza.com.ar\/wp-content\/uploads\/2023\/04\/silvina-soria1.jpg",957,637,false],"2048x2048":["https:\/\/elfederalmendoza.com.ar\/wp-content\/uploads\/2023\/04\/silvina-soria1.jpg",957,637,false],"ultp_layout_landscape_large":["https:\/\/elfederalmendoza.com.ar\/wp-content\/uploads\/2023\/04\/silvina-soria1.jpg",957,637,false],"ultp_layout_landscape":["https:\/\/elfederalmendoza.com.ar\/wp-content\/uploads\/2023\/04\/silvina-soria1-870x570.jpg",870,570,true],"ultp_layout_portrait":["https:\/\/elfederalmendoza.com.ar\/wp-content\/uploads\/2023\/04\/silvina-soria1-600x637.jpg",600,637,true],"ultp_layout_square":["https:\/\/elfederalmendoza.com.ar\/wp-content\/uploads\/2023\/04\/silvina-soria1-600x600.jpg",600,600,true],"rpwe-thumbnail":["https:\/\/elfederalmendoza.com.ar\/wp-content\/uploads\/2023\/04\/silvina-soria1-45x45.jpg",45,45,true],"advps-thumb-one":["https:\/\/elfederalmendoza.com.ar\/wp-content\/uploads\/2023\/04\/silvina-soria1-957x420.jpg",957,420,true]},"rttpg_author":{"display_name":"Redacci\u00f3n El Federal","author_link":"https:\/\/elfederalmendoza.com.ar\/index.php\/author\/angelflores\/"},"rttpg_comment":0,"rttpg_category":"<a href=\"https:\/\/elfederalmendoza.com.ar\/index.php\/category\/arg\/\" rel=\"category tag\">Argentina<\/a>","rttpg_excerpt":"Silvina Soria, una mujer de 36 a\u00f1os, se presenta&nbsp;como candidata a diputada provincial&nbsp;en la lista de&nbsp;Javier Milei, y a pesar de que asegura que es dif\u00edcil definirse en una sola oraci\u00f3n, en su vida resumen 20 a\u00f1os de experiencias. Fue piquetera&nbsp;en su adolescencia,&nbsp;estudiante universitaria&nbsp;y&nbsp;trabajadora en estaciones de servicio. Tambi\u00e9n se convirti\u00f3 en madre a los&hellip;","_links":{"self":[{"href":"https:\/\/elfederalmendoza.com.ar\/index.php\/wp-json\/wp\/v2\/posts\/21835","targetHints":{"allow":["GET"]}}],"collection":[{"href":"https:\/\/elfederalmendoza.com.ar\/index.php\/wp-json\/wp\/v2\/posts"}],"about":[{"href":"https:\/\/elfederalmendoza.com.ar\/index.php\/wp-json\/wp\/v2\/types\/post"}],"author":[{"embeddable":true,"href":"https:\/\/elfederalmendoza.com.ar\/index.php\/wp-json\/wp\/v2\/users\/2"}],"replies":[{"embeddable":true,"href":"https:\/\/elfederalmendoza.com.ar\/index.php\/wp-json\/wp\/v2\/comments?post=21835"}],"version-history":[{"count":3,"href":"https:\/\/elfederalmendoza.com.ar\/index.php\/wp-json\/wp\/v2\/posts\/21835\/revisions"}],"predecessor-version":[{"id":21847,"href":"https:\/\/elfederalmendoza.com.ar\/index.php\/wp-json\/wp\/v2\/posts\/21835\/revisions\/21847"}],"wp:featuredmedia":[{"embeddable":true,"href":"https:\/\/elfederalmendoza.com.ar\/index.php\/wp-json\/wp\/v2\/media\/21839"}],"wp:attachment":[{"href":"https:\/\/elfederalmendoza.com.ar\/index.php\/wp-json\/wp\/v2\/media?parent=21835"}],"wp:term":[{"taxonomy":"category","embeddable":true,"href":"https:\/\/elfederalmendoza.com.ar\/index.php\/wp-json\/wp\/v2\/categories?post=21835"},{"taxonomy":"post_tag","embeddable":true,"href":"https:\/\/elfederalmendoza.com.ar\/index.php\/wp-json\/wp\/v2\/tags?post=21835"}],"curies":[{"name":"wp","href":"https:\/\/api.w.org\/{rel}","templated":true}]}}