{"id":21844,"date":"2023-04-10T11:32:47","date_gmt":"2023-04-10T14:32:47","guid":{"rendered":"https:\/\/elfederalmendoza.com\/?p=21844"},"modified":"2023-04-10T11:32:58","modified_gmt":"2023-04-10T14:32:58","slug":"hasta-3-veces-mas-barato-18-mil-chilenos-cruzaron-a-mendoza-para-comprar-productos-en-tan-solo-3-dias","status":"publish","type":"post","link":"https:\/\/elfederalmendoza.com.ar\/index.php\/2023\/04\/10\/hasta-3-veces-mas-barato-18-mil-chilenos-cruzaron-a-mendoza-para-comprar-productos-en-tan-solo-3-dias\/","title":{"rendered":"\u00abHasta 3 veces m\u00e1s barato\u00bb: 18 mil chilenos cruzaron a Mendoza para comprar productos en tan solo 3 d\u00edas"},"content":{"rendered":"\n<p>M\u00e1s de 18 mil chilenos cruzaron la frontera hacia Mendoza en tan solo 3 d\u00edas, para\u00a0<strong>comprar productos b\u00e1sicos<\/strong>\u00a0durante el fin de semana largo en Semana Santa, que tendr\u00edan un\u00a0<strong>precio 3 veces m\u00e1s barato que en Chile<\/strong>.<\/p>\n\n\n\n<p>Vale destacar que se trata de <strong>una postal nueva, ya que hasta hace pocos a\u00f1os eran los trasandinos que viajaban hasta suelo nacional<\/strong> para adquirir productos, algo que cambi\u00f3, en parte, por la inflaci\u00f3n en Argentina.<\/p>\n\n\n\n<p>La masiva llegada de\u00a0<strong>turismo chileno a Mendoza para la Semana Santa<\/strong>, implic\u00f3 que el paso internacional Los Libertadores (o Cristo Redentor), se transformara en el segundo m\u00e1s importante, despu\u00e9s de Ezeiza, seg\u00fan\u00a0<em>Clar\u00edn.<\/em><\/p>\n\n\n\n<p>En concreto, entre el mi\u00e9rcoles 5 y el viernes 7 de abril, cerca de 28 mil viajeros cruzaron la mencionada frontera de Argentina y Chile.<\/p>\n\n\n\n<p>El jefe del Centro de Fronteras y coordinador del Paso Internacional, Justo Jos\u00e9 B\u00e1scolo, explic\u00f3 al medio que fueron aproximadamente \u201c18 mil personas que ingresaron a la Argentina y 9.500 que salieron hacia Chile, en solo tres d\u00edas\u201d.<\/p>\n\n\n\n<p>El masivo cruce de chilenos por la frontera qued\u00f3 registrado en\u00a0<a href=\"https:\/\/www.meganoticias.cl\/nacional\/410390-chilenos-compran-mercaderia-en-mendoza-03-04-2023.html\" target=\"_blank\" rel=\"noreferrer noopener\"><em>Meganoticas<\/em><\/a>, donde los chilenos mostraron sus maletas repletas de productos b\u00e1sicos y donde aseguraron que el valor es \u201chasta 3 veces m\u00e1s barato\u201d que en Chile.<\/p>\n\n\n\n<h2 class=\"wp-block-heading\">\u00bfPor qu\u00e9 es m\u00e1s barato en Mendoza que en Chile?<\/h2>\n\n\n\n<p>\u201cCompran yerba que all\u00e1 est\u00e1 muy cara, aceite de oliva, dulce de leche, alfajores, todo lo que les alcanza se llevan\u201d, explic\u00f3 uno de los due\u00f1os de un local comercial en Mendoza.<\/p>\n\n\n\n<p>Es que la&nbsp;<strong>masiva llegada de chilenos a Argentina<\/strong>&nbsp;durante Semana Santa, corresponde a una necesidad, la de comprar productos que est\u00e1n 3 veces m\u00e1s baratos en el pa\u00eds vecino.<\/p>\n\n\n\n<p>Medicamentos, productos de perfumer\u00eda y limpieza, como champ\u00fa, desodorante, pasta de dientes y jab\u00f3n, son otros de los \u00edtems que tienen un valor m\u00e1s conveniente al otro lado de la cordillera.<\/p>\n\n\n\n<p><strong>\u00bfCu\u00e1l es la raz\u00f3n?<\/strong>\u00a0La inflaci\u00f3n super\u00f3 el 100% interanual en marzo pasado. Cifra que en Chile rodea el 12%.<\/p>\n\n\n\n<p>Por su parte, el medio\u00a0<a href=\"https:\/\/www.lanacion.com.ar\/sociedad\/sorprende-en-mendoza-la-cantidad-de-turistas-chilenos-que-llegaron-para-semana-santa-que-productos-y-nid07042023\/\" target=\"_blank\" rel=\"noreferrer noopener\"><em>La Naci\u00f3n<\/em><\/a>, analiz\u00f3 el fen\u00f3meno y concluy\u00f3 que un chileno puede ahorrar entre 30 y 50%, al\u00a0<strong>comprar m\u00e1s barato en Argentina<\/strong>.<\/p>\n","protected":false},"excerpt":{"rendered":"<p>M\u00e1s de 18 mil chilenos cruzaron la frontera hacia Mendoza en tan solo 3 d\u00edas, para\u00a0comprar productos b\u00e1sicos\u00a0durante el fin de semana largo en Semana Santa, que tendr\u00edan un\u00a0precio 3 veces m\u00e1s barato que en Chile. Vale destacar que se trata de una postal nueva, ya que hasta hace pocos a\u00f1os eran los trasandinos que<a class=\"read-more\" href=\"https:\/\/elfederalmendoza.com.ar\/index.php\/2023\/04\/10\/hasta-3-veces-mas-barato-18-mil-chilenos-cruzaron-a-mendoza-para-comprar-productos-en-tan-solo-3-dias\/\"> [&hellip;]<\/a><\/p>\n","protected":false},"author":2,"featured_media":20369,"comment_status":"open","ping_status":"open","sticky":false,"template":"","format":"standard","meta":{"footnotes":""},"categories":[1],"tags":[],"class_list":["post-21844","post","type-post","status-publish","format-standard","has-post-thumbnail","hentry","category-mza"],"rttpg_featured_image_url":{"full":["https:\/\/elfederalmendoza.com.ar\/wp-content\/uploads\/2023\/02\/compras_supermercado_online_1.jpg_102811101.webp",1200,900,false],"landscape":["https:\/\/elfederalmendoza.com.ar\/wp-content\/uploads\/2023\/02\/compras_supermercado_online_1.jpg_102811101.webp",1200,900,false],"portraits":["https:\/\/elfederalmendoza.com.ar\/wp-content\/uploads\/2023\/02\/compras_supermercado_online_1.jpg_102811101.webp",1200,900,false],"thumbnail":["https:\/\/elfederalmendoza.com.ar\/wp-content\/uploads\/2023\/02\/compras_supermercado_online_1.jpg_102811101-150x150.webp",150,150,true],"medium":["https:\/\/elfederalmendoza.com.ar\/wp-content\/uploads\/2023\/02\/compras_supermercado_online_1.jpg_102811101-300x225.webp",300,225,true],"large":["https:\/\/elfederalmendoza.com.ar\/wp-content\/uploads\/2023\/02\/compras_supermercado_online_1.jpg_102811101-1024x768.webp",640,480,true],"1536x1536":["https:\/\/elfederalmendoza.com.ar\/wp-content\/uploads\/2023\/02\/compras_supermercado_online_1.jpg_102811101.webp",1200,900,false],"2048x2048":["https:\/\/elfederalmendoza.com.ar\/wp-content\/uploads\/2023\/02\/compras_supermercado_online_1.jpg_102811101.webp",1200,900,false],"ultp_layout_landscape_large":["https:\/\/elfederalmendoza.com.ar\/wp-content\/uploads\/2023\/02\/compras_supermercado_online_1.jpg_102811101-1200x800.webp",1200,800,true],"ultp_layout_landscape":["https:\/\/elfederalmendoza.com.ar\/wp-content\/uploads\/2023\/02\/compras_supermercado_online_1.jpg_102811101-870x570.webp",870,570,true],"ultp_layout_portrait":["https:\/\/elfederalmendoza.com.ar\/wp-content\/uploads\/2023\/02\/compras_supermercado_online_1.jpg_102811101-600x900.webp",600,900,true],"ultp_layout_square":["https:\/\/elfederalmendoza.com.ar\/wp-content\/uploads\/2023\/02\/compras_supermercado_online_1.jpg_102811101-600x600.webp",600,600,true],"rpwe-thumbnail":["https:\/\/elfederalmendoza.com.ar\/wp-content\/uploads\/2023\/02\/compras_supermercado_online_1.jpg_102811101-45x45.webp",45,45,true],"advps-thumb-one":["https:\/\/elfederalmendoza.com.ar\/wp-content\/uploads\/2023\/02\/compras_supermercado_online_1.jpg_102811101-1200x420.webp",1200,420,true]},"rttpg_author":{"display_name":"Redacci\u00f3n El Federal","author_link":"https:\/\/elfederalmendoza.com.ar\/index.php\/author\/angelflores\/"},"rttpg_comment":0,"rttpg_category":"<a href=\"https:\/\/elfederalmendoza.com.ar\/index.php\/category\/mza\/\" rel=\"category tag\">Mendoza<\/a>","rttpg_excerpt":"M\u00e1s de 18 mil chilenos cruzaron la frontera hacia Mendoza en tan solo 3 d\u00edas, para\u00a0comprar productos b\u00e1sicos\u00a0durante el fin de semana largo en Semana Santa, que tendr\u00edan un\u00a0precio 3 veces m\u00e1s barato que en Chile. Vale destacar que se trata de una postal nueva, ya que hasta hace pocos a\u00f1os eran los trasandinos que&hellip;","_links":{"self":[{"href":"https:\/\/elfederalmendoza.com.ar\/index.php\/wp-json\/wp\/v2\/posts\/21844","targetHints":{"allow":["GET"]}}],"collection":[{"href":"https:\/\/elfederalmendoza.com.ar\/index.php\/wp-json\/wp\/v2\/posts"}],"about":[{"href":"https:\/\/elfederalmendoza.com.ar\/index.php\/wp-json\/wp\/v2\/types\/post"}],"author":[{"embeddable":true,"href":"https:\/\/elfederalmendoza.com.ar\/index.php\/wp-json\/wp\/v2\/users\/2"}],"replies":[{"embeddable":true,"href":"https:\/\/elfederalmendoza.com.ar\/index.php\/wp-json\/wp\/v2\/comments?post=21844"}],"version-history":[{"count":2,"href":"https:\/\/elfederalmendoza.com.ar\/index.php\/wp-json\/wp\/v2\/posts\/21844\/revisions"}],"predecessor-version":[{"id":21846,"href":"https:\/\/elfederalmendoza.com.ar\/index.php\/wp-json\/wp\/v2\/posts\/21844\/revisions\/21846"}],"wp:featuredmedia":[{"embeddable":true,"href":"https:\/\/elfederalmendoza.com.ar\/index.php\/wp-json\/wp\/v2\/media\/20369"}],"wp:attachment":[{"href":"https:\/\/elfederalmendoza.com.ar\/index.php\/wp-json\/wp\/v2\/media?parent=21844"}],"wp:term":[{"taxonomy":"category","embeddable":true,"href":"https:\/\/elfederalmendoza.com.ar\/index.php\/wp-json\/wp\/v2\/categories?post=21844"},{"taxonomy":"post_tag","embeddable":true,"href":"https:\/\/elfederalmendoza.com.ar\/index.php\/wp-json\/wp\/v2\/tags?post=21844"}],"curies":[{"name":"wp","href":"https:\/\/api.w.org\/{rel}","templated":true}]}}