{"id":21850,"date":"2023-04-11T08:25:53","date_gmt":"2023-04-11T11:25:53","guid":{"rendered":"https:\/\/elfederalmendoza.com\/?p=21850"},"modified":"2023-04-11T08:25:53","modified_gmt":"2023-04-11T11:25:53","slug":"real-madrid-psg-y-el-manchester-city-quieren-a-un-jugador-argentino-que-tiene-17-anos-quien-es-el-diablito-echeverri","status":"publish","type":"post","link":"https:\/\/elfederalmendoza.com.ar\/index.php\/2023\/04\/11\/real-madrid-psg-y-el-manchester-city-quieren-a-un-jugador-argentino-que-tiene-17-anos-quien-es-el-diablito-echeverri\/","title":{"rendered":"Real Madrid,\u00a0PSG\u00a0y\u00a0el Manchester City quieren a un jugador argentino que tiene 17 a\u00f1os: Qui\u00e9n es el \u00abDiablito\u00bb Echeverri"},"content":{"rendered":"\n<p><strong>Claudio Echeverri<\/strong>\u00a0es la joya de River. Surgido en las inferiores del club, se destaca en la reserva y ahora\u00a0la est\u00e1 rompiendo en el Sudamericano Sub-17 con la Selecci\u00f3n argentina. A\u00fan no debut\u00f3 en el equipo de\u00a0<strong>Mart\u00edn Demichelis<\/strong>, pero\u00a0<strong>Lionel Scaloni lo hizo entrenar con el plantel campe\u00f3n del mundo<\/strong>\u00a0en la \u00faltima fecha FIFA.<\/p>\n\n\n\n<p>El Diablito llam\u00f3 la atenci\u00f3n de tres gigantes europeos gracias a su gambeta explosiva, su velocidad y su car\u00e1cter para jugar a la pelota. Ya hab\u00eda sorprendido a\u00a0<strong>\u00c1ngel Di Mar\u00eda<\/strong>\u00a0cuando el joven entren\u00f3 con la Selecci\u00f3n mayor y el futbolista de la Juventus le regal\u00f3 un elogio:\u00a0<strong>\u201cSe lo vio bastante picante\u201d<\/strong>.<\/p>\n\n\n\n<p>Seg\u00fan inform\u00f3 el diario espa\u00f1ol\u00a0<em>Mundo Deportivo<\/em>, las tres instituciones que siguen de cerca al crack de River son el<strong>\u00a0Real Madrid<\/strong>,\u00a0<strong>el Paris Saint-Germain\u00a0<\/strong>y\u00a0<strong>el Manchester City<\/strong>. Si bien\u00a0<strong>Echeverri tiene una cl\u00e1usula de rescisi\u00f3n de 25 millones de euros<\/strong>, el conjunto de N\u00fa\u00f1ez planea subirla al doble para blindarlo y que las potencias europeas deban negociar con el club una cima no inferior a los <strong>50 millones de euros<\/strong>.<\/p>\n\n\n\n<p>El Sudamericano Sub-17 se est\u00e1 llevando a cabo en Ecuador y el Diablito est\u00e1 brillando: con gambetas, asistencias y golazos deslumbr\u00f3 a propios y extra\u00f1os. Tal es as\u00ed que en River buscan mejorar su condici\u00f3n contractual y posiblemente haga su debut en el primer equipo cuando vuelva a estar a las \u00f3rdenes de Mart\u00edn Demichelis.<\/p>\n\n\n\n<figure class=\"wp-block-image is-resized\"><img loading=\"lazy\" decoding=\"async\" src=\"https:\/\/tn.com.ar\/resizer\/oZ-bKRCIyhvAf-_mKMNsJ7ILMqI=\/767x0\/smart\/filters:format(webp)\/cloudfront-us-east-1.images.arcpublishing.com\/artear\/ZREFBUFU2NBFZMDCG5VPD2FXGE.jpg\" alt=\"El Diablito Echeverri con Lionel Messi: la joya de River entren\u00f3 con los campeones del mundo a pedido de Scaloni. (Foto: Instagram @claudioecheverri_)\" width=\"948\" height=\"1185\"\/><figcaption class=\"wp-element-caption\">El Diablito Echeverri con Lionel Messi: la joya de River entren\u00f3 con los campeones del mundo a pedido de Scaloni. (Foto: Instagram @claudioecheverri_)<\/figcaption><\/figure>\n\n\n\n<h2 class=\"wp-block-heading\">Qui\u00e9n es el Diablito Echeverri<\/h2>\n\n\n\n<p><strong>Claudio Echeverri<\/strong> naci\u00f3 en Resistencia, Chaco, en el a\u00f1o 2006. Comenz\u00f3 en el Club Deportivo Luj\u00e1n, del barrio R\u00edo Negro. A fines del 2016 se prob\u00f3 en el Millonario y a comienzos de 2017 se sum\u00f3 a las infantiles bajo las \u00f3rdenes del DT Gustavo Fermani.<\/p>\n\n\n\n<p>A\u00f1os despu\u00e9s descoll\u00f3 en una gira por Europa, en la que hizo nueve goles, cuatro de ellos a la Juventus en Italia.<\/p>\n\n\n\n<p>A Echeverri<strong>&nbsp;lo bautizaron \u2018Diablito\u2019 por las similitudes en el juego que ten\u00eda el jugador de la Selecci\u00f3n de Bolivia Marco Etcheverry.<\/strong>&nbsp;Gambeta endiablada, velocidad en el uno contra uno y potente remate, lo caracterizan como un talentoso volante de ofensivo.<\/p>\n","protected":false},"excerpt":{"rendered":"<p>Claudio Echeverri\u00a0es la joya de River. Surgido en las inferiores del club, se destaca en la reserva y ahora\u00a0la est\u00e1 rompiendo en el Sudamericano Sub-17 con la Selecci\u00f3n argentina. A\u00fan no debut\u00f3 en el equipo de\u00a0Mart\u00edn Demichelis, pero\u00a0Lionel Scaloni lo hizo entrenar con el plantel campe\u00f3n del mundo\u00a0en la \u00faltima fecha FIFA. El Diablito llam\u00f3<a class=\"read-more\" href=\"https:\/\/elfederalmendoza.com.ar\/index.php\/2023\/04\/11\/real-madrid-psg-y-el-manchester-city-quieren-a-un-jugador-argentino-que-tiene-17-anos-quien-es-el-diablito-echeverri\/\"> [&hellip;]<\/a><\/p>\n","protected":false},"author":2,"featured_media":21851,"comment_status":"open","ping_status":"open","sticky":false,"template":"","format":"standard","meta":{"footnotes":""},"categories":[5620],"tags":[],"class_list":["post-21850","post","type-post","status-publish","format-standard","has-post-thumbnail","hentry","category-deportes"],"rttpg_featured_image_url":{"full":["https:\/\/elfederalmendoza.com.ar\/wp-content\/uploads\/2023\/04\/diablito.jpg",1058,600,false],"landscape":["https:\/\/elfederalmendoza.com.ar\/wp-content\/uploads\/2023\/04\/diablito.jpg",1058,600,false],"portraits":["https:\/\/elfederalmendoza.com.ar\/wp-content\/uploads\/2023\/04\/diablito.jpg",1058,600,false],"thumbnail":["https:\/\/elfederalmendoza.com.ar\/wp-content\/uploads\/2023\/04\/diablito-150x150.jpg",150,150,true],"medium":["https:\/\/elfederalmendoza.com.ar\/wp-content\/uploads\/2023\/04\/diablito-300x170.jpg",300,170,true],"large":["https:\/\/elfederalmendoza.com.ar\/wp-content\/uploads\/2023\/04\/diablito-1024x581.jpg",640,363,true],"1536x1536":["https:\/\/elfederalmendoza.com.ar\/wp-content\/uploads\/2023\/04\/diablito.jpg",1058,600,false],"2048x2048":["https:\/\/elfederalmendoza.com.ar\/wp-content\/uploads\/2023\/04\/diablito.jpg",1058,600,false],"ultp_layout_landscape_large":["https:\/\/elfederalmendoza.com.ar\/wp-content\/uploads\/2023\/04\/diablito.jpg",1058,600,false],"ultp_layout_landscape":["https:\/\/elfederalmendoza.com.ar\/wp-content\/uploads\/2023\/04\/diablito-870x570.jpg",870,570,true],"ultp_layout_portrait":["https:\/\/elfederalmendoza.com.ar\/wp-content\/uploads\/2023\/04\/diablito-600x600.jpg",600,600,true],"ultp_layout_square":["https:\/\/elfederalmendoza.com.ar\/wp-content\/uploads\/2023\/04\/diablito-600x600.jpg",600,600,true],"rpwe-thumbnail":["https:\/\/elfederalmendoza.com.ar\/wp-content\/uploads\/2023\/04\/diablito-45x45.jpg",45,45,true],"advps-thumb-one":["https:\/\/elfederalmendoza.com.ar\/wp-content\/uploads\/2023\/04\/diablito-1058x420.jpg",1058,420,true]},"rttpg_author":{"display_name":"Redacci\u00f3n El Federal","author_link":"https:\/\/elfederalmendoza.com.ar\/index.php\/author\/angelflores\/"},"rttpg_comment":0,"rttpg_category":"<a href=\"https:\/\/elfederalmendoza.com.ar\/index.php\/category\/deportes\/\" rel=\"category tag\">Deportes<\/a>","rttpg_excerpt":"Claudio Echeverri\u00a0es la joya de River. Surgido en las inferiores del club, se destaca en la reserva y ahora\u00a0la est\u00e1 rompiendo en el Sudamericano Sub-17 con la Selecci\u00f3n argentina. A\u00fan no debut\u00f3 en el equipo de\u00a0Mart\u00edn Demichelis, pero\u00a0Lionel Scaloni lo hizo entrenar con el plantel campe\u00f3n del mundo\u00a0en la \u00faltima fecha FIFA. El Diablito llam\u00f3&hellip;","_links":{"self":[{"href":"https:\/\/elfederalmendoza.com.ar\/index.php\/wp-json\/wp\/v2\/posts\/21850","targetHints":{"allow":["GET"]}}],"collection":[{"href":"https:\/\/elfederalmendoza.com.ar\/index.php\/wp-json\/wp\/v2\/posts"}],"about":[{"href":"https:\/\/elfederalmendoza.com.ar\/index.php\/wp-json\/wp\/v2\/types\/post"}],"author":[{"embeddable":true,"href":"https:\/\/elfederalmendoza.com.ar\/index.php\/wp-json\/wp\/v2\/users\/2"}],"replies":[{"embeddable":true,"href":"https:\/\/elfederalmendoza.com.ar\/index.php\/wp-json\/wp\/v2\/comments?post=21850"}],"version-history":[{"count":1,"href":"https:\/\/elfederalmendoza.com.ar\/index.php\/wp-json\/wp\/v2\/posts\/21850\/revisions"}],"predecessor-version":[{"id":21852,"href":"https:\/\/elfederalmendoza.com.ar\/index.php\/wp-json\/wp\/v2\/posts\/21850\/revisions\/21852"}],"wp:featuredmedia":[{"embeddable":true,"href":"https:\/\/elfederalmendoza.com.ar\/index.php\/wp-json\/wp\/v2\/media\/21851"}],"wp:attachment":[{"href":"https:\/\/elfederalmendoza.com.ar\/index.php\/wp-json\/wp\/v2\/media?parent=21850"}],"wp:term":[{"taxonomy":"category","embeddable":true,"href":"https:\/\/elfederalmendoza.com.ar\/index.php\/wp-json\/wp\/v2\/categories?post=21850"},{"taxonomy":"post_tag","embeddable":true,"href":"https:\/\/elfederalmendoza.com.ar\/index.php\/wp-json\/wp\/v2\/tags?post=21850"}],"curies":[{"name":"wp","href":"https:\/\/api.w.org\/{rel}","templated":true}]}}