{"id":21853,"date":"2023-04-11T08:57:45","date_gmt":"2023-04-11T11:57:45","guid":{"rendered":"https:\/\/elfederalmendoza.com\/?p=21853"},"modified":"2023-04-11T09:08:43","modified_gmt":"2023-04-11T12:08:43","slug":"un-joven-de-20-anos-murio-en-siniestro-vial-en-el-acceso-este-a-la-altura-del-puente-de-hierro-de-guaymallen","status":"publish","type":"post","link":"https:\/\/elfederalmendoza.com.ar\/index.php\/2023\/04\/11\/un-joven-de-20-anos-murio-en-siniestro-vial-en-el-acceso-este-a-la-altura-del-puente-de-hierro-de-guaymallen\/","title":{"rendered":"Un joven de 20 a\u00f1os muri\u00f3 en siniestro vial en el\u00a0Acceso Este a la altura del Puente de Hierro de Guaymall\u00e9n"},"content":{"rendered":"\n<p><strong>Un joven de 20 a\u00f1os muri\u00f3<\/strong>\u00a0este martes a primera hora de la ma\u00f1ana en el\u00a0<strong>Acceso Este a la altura del Puente de Hierro<\/strong>, en el departamento de Guaymall\u00e9n.<\/p>\n\n\n\n<figure class=\"wp-block-image size-full is-resized\"><img loading=\"lazy\" decoding=\"async\" src=\"https:\/\/elfederalmendoza.com\/wp-content\/uploads\/2023\/04\/CHOCO-PARED2.jpg\" alt=\"\" class=\"wp-image-21858\" width=\"951\" height=\"607\" srcset=\"https:\/\/elfederalmendoza.com.ar\/wp-content\/uploads\/2023\/04\/CHOCO-PARED2.jpg 761w, https:\/\/elfederalmendoza.com.ar\/wp-content\/uploads\/2023\/04\/CHOCO-PARED2-300x192.jpg 300w\" sizes=\"auto, (max-width: 951px) 100vw, 951px\" \/><\/figure>\n\n\n\n<p>Seg\u00fan inform\u00f3 la Polic\u00eda desde el lugar, el conductor de un Volkswagen Gol circulaba por la autopista en sentido hacia el Este, perdi\u00f3 el control del auto, sali\u00f3 del asfalto e impact\u00f3 contra el pared\u00f3n,<strong> quedando el frente del veh\u00edculo totalmente aplastado.<\/strong><\/p>\n\n\n\n<p>Una ambulancia del Servicio Coordinado de Emergencia lleg\u00f3 al lugar y la profesional a cargo <strong>constat\u00f3 la muerte del joven.<\/strong><\/p>\n\n\n\n<figure class=\"wp-block-image is-resized\"><img loading=\"lazy\" decoding=\"async\" src=\"https:\/\/www.mendozapost.com\/files\/image\/473\/473189\/64353c8f8a1b7_570_315!.jpg?s=7f3ccd41373d84b22b968a7559ad403b&amp;d=1681210514\" alt=\"\" width=\"955\" height=\"528\"\/><\/figure>\n\n\n\n<p>Hasta el momento&nbsp;<strong>se desconoce la identidad del fallecido<\/strong>. Los especialistas descartan que se haya quedado dormido y Cient\u00edfica intenta determinar las causas del hecho.&nbsp;&nbsp;<\/p>\n\n\n\n<figure class=\"wp-block-image size-full is-resized\"><img loading=\"lazy\" decoding=\"async\" src=\"https:\/\/elfederalmendoza.com\/wp-content\/uploads\/2023\/04\/choque-pared.jpg\" alt=\"\" class=\"wp-image-21855\" width=\"955\" height=\"584\" srcset=\"https:\/\/elfederalmendoza.com.ar\/wp-content\/uploads\/2023\/04\/choque-pared.jpg 818w, https:\/\/elfederalmendoza.com.ar\/wp-content\/uploads\/2023\/04\/choque-pared-300x183.jpg 300w, https:\/\/elfederalmendoza.com.ar\/wp-content\/uploads\/2023\/04\/choque-pared-768x469.jpg 768w\" sizes=\"auto, (max-width: 955px) 100vw, 955px\" \/><figcaption class=\"wp-element-caption\">Lugar del siniestro vial<\/figcaption><\/figure>\n","protected":false},"excerpt":{"rendered":"<p>Un joven de 20 a\u00f1os muri\u00f3\u00a0este martes a primera hora de la ma\u00f1ana en el\u00a0Acceso Este a la altura del Puente de Hierro, en el departamento de Guaymall\u00e9n. Seg\u00fan inform\u00f3 la Polic\u00eda desde el lugar, el conductor de un Volkswagen Gol circulaba por la autopista en sentido hacia el Este, perdi\u00f3 el control del auto,<a class=\"read-more\" href=\"https:\/\/elfederalmendoza.com.ar\/index.php\/2023\/04\/11\/un-joven-de-20-anos-murio-en-siniestro-vial-en-el-acceso-este-a-la-altura-del-puente-de-hierro-de-guaymallen\/\"> [&hellip;]<\/a><\/p>\n","protected":false},"author":2,"featured_media":21856,"comment_status":"open","ping_status":"open","sticky":false,"template":"","format":"standard","meta":{"footnotes":""},"categories":[1],"tags":[],"class_list":["post-21853","post","type-post","status-publish","format-standard","has-post-thumbnail","hentry","category-mza"],"rttpg_featured_image_url":{"full":["https:\/\/elfederalmendoza.com.ar\/wp-content\/uploads\/2023\/04\/CHOCO-PARED.jpg",1011,552,false],"landscape":["https:\/\/elfederalmendoza.com.ar\/wp-content\/uploads\/2023\/04\/CHOCO-PARED.jpg",1011,552,false],"portraits":["https:\/\/elfederalmendoza.com.ar\/wp-content\/uploads\/2023\/04\/CHOCO-PARED.jpg",1011,552,false],"thumbnail":["https:\/\/elfederalmendoza.com.ar\/wp-content\/uploads\/2023\/04\/CHOCO-PARED-150x150.jpg",150,150,true],"medium":["https:\/\/elfederalmendoza.com.ar\/wp-content\/uploads\/2023\/04\/CHOCO-PARED-300x164.jpg",300,164,true],"large":["https:\/\/elfederalmendoza.com.ar\/wp-content\/uploads\/2023\/04\/CHOCO-PARED.jpg",640,349,false],"1536x1536":["https:\/\/elfederalmendoza.com.ar\/wp-content\/uploads\/2023\/04\/CHOCO-PARED.jpg",1011,552,false],"2048x2048":["https:\/\/elfederalmendoza.com.ar\/wp-content\/uploads\/2023\/04\/CHOCO-PARED.jpg",1011,552,false],"ultp_layout_landscape_large":["https:\/\/elfederalmendoza.com.ar\/wp-content\/uploads\/2023\/04\/CHOCO-PARED.jpg",1011,552,false],"ultp_layout_landscape":["https:\/\/elfederalmendoza.com.ar\/wp-content\/uploads\/2023\/04\/CHOCO-PARED-870x552.jpg",870,552,true],"ultp_layout_portrait":["https:\/\/elfederalmendoza.com.ar\/wp-content\/uploads\/2023\/04\/CHOCO-PARED-600x552.jpg",600,552,true],"ultp_layout_square":["https:\/\/elfederalmendoza.com.ar\/wp-content\/uploads\/2023\/04\/CHOCO-PARED-600x552.jpg",600,552,true],"rpwe-thumbnail":["https:\/\/elfederalmendoza.com.ar\/wp-content\/uploads\/2023\/04\/CHOCO-PARED-45x45.jpg",45,45,true],"advps-thumb-one":["https:\/\/elfederalmendoza.com.ar\/wp-content\/uploads\/2023\/04\/CHOCO-PARED-1011x420.jpg",1011,420,true]},"rttpg_author":{"display_name":"Redacci\u00f3n El Federal","author_link":"https:\/\/elfederalmendoza.com.ar\/index.php\/author\/angelflores\/"},"rttpg_comment":0,"rttpg_category":"<a href=\"https:\/\/elfederalmendoza.com.ar\/index.php\/category\/mza\/\" rel=\"category tag\">Mendoza<\/a>","rttpg_excerpt":"Un joven de 20 a\u00f1os muri\u00f3\u00a0este martes a primera hora de la ma\u00f1ana en el\u00a0Acceso Este a la altura del Puente de Hierro, en el departamento de Guaymall\u00e9n. Seg\u00fan inform\u00f3 la Polic\u00eda desde el lugar, el conductor de un Volkswagen Gol circulaba por la autopista en sentido hacia el Este, perdi\u00f3 el control del auto,&hellip;","_links":{"self":[{"href":"https:\/\/elfederalmendoza.com.ar\/index.php\/wp-json\/wp\/v2\/posts\/21853","targetHints":{"allow":["GET"]}}],"collection":[{"href":"https:\/\/elfederalmendoza.com.ar\/index.php\/wp-json\/wp\/v2\/posts"}],"about":[{"href":"https:\/\/elfederalmendoza.com.ar\/index.php\/wp-json\/wp\/v2\/types\/post"}],"author":[{"embeddable":true,"href":"https:\/\/elfederalmendoza.com.ar\/index.php\/wp-json\/wp\/v2\/users\/2"}],"replies":[{"embeddable":true,"href":"https:\/\/elfederalmendoza.com.ar\/index.php\/wp-json\/wp\/v2\/comments?post=21853"}],"version-history":[{"count":3,"href":"https:\/\/elfederalmendoza.com.ar\/index.php\/wp-json\/wp\/v2\/posts\/21853\/revisions"}],"predecessor-version":[{"id":21860,"href":"https:\/\/elfederalmendoza.com.ar\/index.php\/wp-json\/wp\/v2\/posts\/21853\/revisions\/21860"}],"wp:featuredmedia":[{"embeddable":true,"href":"https:\/\/elfederalmendoza.com.ar\/index.php\/wp-json\/wp\/v2\/media\/21856"}],"wp:attachment":[{"href":"https:\/\/elfederalmendoza.com.ar\/index.php\/wp-json\/wp\/v2\/media?parent=21853"}],"wp:term":[{"taxonomy":"category","embeddable":true,"href":"https:\/\/elfederalmendoza.com.ar\/index.php\/wp-json\/wp\/v2\/categories?post=21853"},{"taxonomy":"post_tag","embeddable":true,"href":"https:\/\/elfederalmendoza.com.ar\/index.php\/wp-json\/wp\/v2\/tags?post=21853"}],"curies":[{"name":"wp","href":"https:\/\/api.w.org\/{rel}","templated":true}]}}