{"id":21861,"date":"2023-04-11T09:39:57","date_gmt":"2023-04-11T12:39:57","guid":{"rendered":"https:\/\/elfederalmendoza.com\/?p=21861"},"modified":"2023-04-11T09:39:58","modified_gmt":"2023-04-11T12:39:58","slug":"la-excesiva-y-peligrosa-ambicion-de-de-marchi-por-poder-y-fondos-de-campana","status":"publish","type":"post","link":"https:\/\/elfederalmendoza.com.ar\/index.php\/2023\/04\/11\/la-excesiva-y-peligrosa-ambicion-de-de-marchi-por-poder-y-fondos-de-campana\/","title":{"rendered":"La excesiva y peligrosa ambici\u00f3n de De Marchi por poder y fondos de campa\u00f1a"},"content":{"rendered":"\n<p>El interventor del PRO,\u00a0<strong>Humberto Schiavoni<\/strong>, inscribi\u00f3 al partido dentro del frente\u00a0<strong>Cambia Mendoza<\/strong>\u00a0y la reacci\u00f3n del sector que responde a\u00a0<strong>Omar De Marchi<\/strong>\u00a0no se hizo esperar. La estrategia de los abogados ser\u00e1 por un lado\u00a0<strong>pedir la nulidad de la intervenci\u00f3n del partido<\/strong>\u00a0en la Justicia Electoral Federal e impugnar la inscripci\u00f3n en el frente oficialista mendocino, y en paralelo\u00a0<strong>inscribir al PRO en el frente que liderar\u00e1 el mismo De Marchi.<\/strong><\/p>\n\n\n\n<figure class=\"wp-block-image size-full\"><img loading=\"lazy\" decoding=\"async\" width=\"1017\" height=\"641\" src=\"https:\/\/elfederalmendoza.com\/wp-content\/uploads\/2023\/04\/humberto.jpg\" alt=\"\" class=\"wp-image-21863\" srcset=\"https:\/\/elfederalmendoza.com.ar\/wp-content\/uploads\/2023\/04\/humberto.jpg 1017w, https:\/\/elfederalmendoza.com.ar\/wp-content\/uploads\/2023\/04\/humberto-300x189.jpg 300w, https:\/\/elfederalmendoza.com.ar\/wp-content\/uploads\/2023\/04\/humberto-768x484.jpg 768w\" sizes=\"auto, (max-width: 1017px) 100vw, 1017px\" \/><figcaption class=\"wp-element-caption\">El interventor del PRO,\u00a0<strong>Humberto Schiavoni<\/strong>, inscribi\u00f3 al partido dentro del frente\u00a0<strong>Cambia Mendoza<\/strong><\/figcaption><\/figure>\n\n\n\n<p>Es claro que la gran\u00a0<strong>disputa legal ser\u00e1 por qui\u00e9n se queda con el sello del partido amarillo<\/strong>, no s\u00f3lo por el peso simb\u00f3lico que tiene en lo pol\u00edtico, sino tambi\u00e9n por lo que involucra a la hora de conseguir\u00a0<strong>financiamiento\u00a0para la campa\u00f1a, en una excesiva y peligrosa ambici\u00f3n personal y pol\u00edtica.<\/strong><\/p>\n\n\n\n<p>La estrat\u00e9gica jugada ya estaba estudiada. Sin embargo, los abogados del PRO mendocino alineado detr\u00e1s de De Marchi esperaron a ser notificados formalmente de la intervenci\u00f3n del partido y la posterior inscripci\u00f3n en Cambia Mendoza para\u00a0<strong>contraatacar<\/strong>.<\/p>\n\n\n\n<h2 class=\"wp-block-heading\">El contraataque del demarchismo<\/h2>\n\n\n\n<p>Esa notificaci\u00f3n se dio pasadas las 13 de este lunes, y dispar\u00f3 en principio<strong>&nbsp;un escrito pidiendo la nulidad de la intervenci\u00f3n del PRO mendocino<\/strong>&nbsp;que ingresar\u00eda en las primeras horas de este martes en el&nbsp;<strong>Juzgado Electoral Federal N\u00b01, a cargo de Mar\u00eda Servini de Cubr\u00eda;<\/strong>&nbsp;y la consecuente<strong>&nbsp;impugnaci\u00f3n del acta de la inscripci\u00f3n del PRO en Cambia Mendoza que firm\u00f3 el interventor Humberto Schiavoni.<\/strong><\/p>\n\n\n\n<p>Pero el giro magistral vino despu\u00e9s. Como<strong>&nbsp;en el PRO demarchista entienden que la intervenci\u00f3n del partido no est\u00e1 firme por ese cuestionamiento judicial,<\/strong>&nbsp;tampoco deber\u00eda tener validez la posterior inscripci\u00f3n en la Junta Electoral dentro del frente oficialista mendocino y por tanto entienden que&nbsp;<strong>est\u00e1n habilitados a inscribir al PRO como uno de los partidos que conformar\u00e1n el frente que liderar\u00e1 Omar De Marchi<\/strong>, y que al menos hasta ahora no tiene un nombre oficial.<\/p>\n\n\n\n<p><strong>\u00abLa intervenci\u00f3n del partido no est\u00e1 firme\u00bb, precisaron desde el entorno de De Marchi<\/strong><\/p>\n\n\n\n<p>\u00abLa intervenci\u00f3n del partido&nbsp;<strong>no est\u00e1 firme<\/strong>, sino que est\u00e1 condicionada a lo que resuelva la Justicia Electoral Federal tras el pedido de nulidad, porque bien podr\u00eda la Justicia anularla por improcedente. Entonces por ende la inscripci\u00f3n en el frente oficialista tampoco tendr\u00eda validez y como&nbsp;<strong>estamos en los plazos legales nosotros podemos inscribir al PRO en el frente que se est\u00e1 formando. As\u00ed el PRO quedar\u00eda provisoriamente inscripto en dos frentes y la Justicia dir\u00e1 que es lo que corresponde<\/strong>\u00ab, precisaron.<\/p>\n\n\n\n<p>Ahora, una vez que se concreten todos esos planteos judiciales, es de esperar que deriven en una catarata de&nbsp;<strong>impugnaciones&nbsp;<\/strong>de un lado y del otro.<\/p>\n\n\n\n<h2 class=\"wp-block-heading\">Las dos posturas de un PRO mendocino dividido<\/h2>\n\n\n\n<p>Despu\u00e9s de que se resolvi\u00f3 la intervenci\u00f3n del PRO mendocino, desde el&nbsp;<strong>sector bullrichista<\/strong>&nbsp;circul\u00f3&nbsp;<strong>parte de la resoluci\u00f3n en la que se confirmaba la intervenci\u00f3n ordenada por las autoridades nacionales durante 30 d\u00edas&nbsp;<\/strong>(plazo en el que hay que conformar frentes y listas para las elecciones provinciales)&nbsp;<strong>y se nombraba como responsable a Humberto Schiavoni<\/strong>&nbsp;para \u00abresolver las cuestiones que suscitaron la intervenci\u00f3n y todas aquellas que se presenten para el fortalecimiento de las instituciones partidarias\u00bb.<\/p>\n\n\n\n<p>En las redes sociales de ese sector del partido sosten\u00edan que esa intervenci\u00f3n dejaba \u00ab<strong>sin validez a los \u00f3rganos&nbsp;<\/strong>provinciales y departamentales, debido al vencimiento de los mandatos de sus autoridades el 31 de marzo de 2023&#8243;.<\/p>\n\n\n\n<figure class=\"wp-block-image\"><img decoding=\"async\" src=\"https:\/\/media.diariouno.com.ar\/p\/57b07a828b22772a5d769e94b38acc44\/adjuntos\/298\/imagenes\/009\/138\/0009138012\/1200x0\/smart\/intervencion-pro.png\" alt=\"\"\/><\/figure>\n\n\n\n<p>Este lunes, luego de inscribir al partido dentro del frente Cambia Mendoza en la Junta Electoral mendocina,&nbsp;<strong>Schiavoni asegur\u00f3 que esa intervenci\u00f3n se deb\u00eda a que el partido no hab\u00eda cumplido con la directiva nacional de integrar los frentes que se referencian a nivel nacional con Juntos por el Cambio<\/strong>, en este caso el frente oficialista que lidera la UCR,&nbsp;<strong>y tambi\u00e9n por los cuestionamientos legales a los mandatos vencidos de las autoridades mendocinas.<\/strong><\/p>\n\n\n\n<p>Del lado del demarchismo retrucan que entre los argumentos de la intervenci\u00f3n que decidi\u00f3 el Consejo Nacional del PRO&nbsp;<strong>no estaba el tema del plazo<\/strong>&nbsp;del mandato de \u00c1lvaro Mart\u00ednez al frente del partido en Mendoza.<\/p>\n\n\n\n<p>\u00ab<strong>La intervenci\u00f3n tiene como \u00fanico objetivo obligar a que el PRO integre Cambia Mendoza<\/strong>. Pero nosotros vamos a resistir. Aparte, somos miembros del PRO y lo seguiremos siendo.&nbsp;<strong>Para sacarnos a todos tendr\u00edan que iniciar un proceso mucho m\u00e1s complejo\u00bb,&nbsp;<\/strong>resaltan.<\/p>\n\n\n\n<p>Tambi\u00e9n remarcan que el interventor nacional&nbsp;<strong>no tiene la facultad para inscribir al partido en un frente electoral&nbsp;<\/strong>como hizo Schiavoni y cuestionan que desde la c\u00fapula nacional del PRO no respetan la autonom\u00eda del partido provincial.<\/p>\n","protected":false},"excerpt":{"rendered":"<p>El interventor del PRO,\u00a0Humberto Schiavoni, inscribi\u00f3 al partido dentro del frente\u00a0Cambia Mendoza\u00a0y la reacci\u00f3n del sector que responde a\u00a0Omar De Marchi\u00a0no se hizo esperar. La estrategia de los abogados ser\u00e1 por un lado\u00a0pedir la nulidad de la intervenci\u00f3n del partido\u00a0en la Justicia Electoral Federal e impugnar la inscripci\u00f3n en el frente oficialista mendocino, y en<a class=\"read-more\" href=\"https:\/\/elfederalmendoza.com.ar\/index.php\/2023\/04\/11\/la-excesiva-y-peligrosa-ambicion-de-de-marchi-por-poder-y-fondos-de-campana\/\"> [&hellip;]<\/a><\/p>\n","protected":false},"author":2,"featured_media":21862,"comment_status":"open","ping_status":"open","sticky":false,"template":"","format":"standard","meta":{"footnotes":""},"categories":[1],"tags":[],"class_list":["post-21861","post","type-post","status-publish","format-standard","has-post-thumbnail","hentry","category-mza"],"rttpg_featured_image_url":{"full":["https:\/\/elfederalmendoza.com.ar\/wp-content\/uploads\/2023\/04\/DE-MARCHI-PRO.jpg",949,645,false],"landscape":["https:\/\/elfederalmendoza.com.ar\/wp-content\/uploads\/2023\/04\/DE-MARCHI-PRO.jpg",949,645,false],"portraits":["https:\/\/elfederalmendoza.com.ar\/wp-content\/uploads\/2023\/04\/DE-MARCHI-PRO.jpg",949,645,false],"thumbnail":["https:\/\/elfederalmendoza.com.ar\/wp-content\/uploads\/2023\/04\/DE-MARCHI-PRO-150x150.jpg",150,150,true],"medium":["https:\/\/elfederalmendoza.com.ar\/wp-content\/uploads\/2023\/04\/DE-MARCHI-PRO-300x204.jpg",300,204,true],"large":["https:\/\/elfederalmendoza.com.ar\/wp-content\/uploads\/2023\/04\/DE-MARCHI-PRO.jpg",640,435,false],"1536x1536":["https:\/\/elfederalmendoza.com.ar\/wp-content\/uploads\/2023\/04\/DE-MARCHI-PRO.jpg",949,645,false],"2048x2048":["https:\/\/elfederalmendoza.com.ar\/wp-content\/uploads\/2023\/04\/DE-MARCHI-PRO.jpg",949,645,false],"ultp_layout_landscape_large":["https:\/\/elfederalmendoza.com.ar\/wp-content\/uploads\/2023\/04\/DE-MARCHI-PRO.jpg",949,645,false],"ultp_layout_landscape":["https:\/\/elfederalmendoza.com.ar\/wp-content\/uploads\/2023\/04\/DE-MARCHI-PRO-870x570.jpg",870,570,true],"ultp_layout_portrait":["https:\/\/elfederalmendoza.com.ar\/wp-content\/uploads\/2023\/04\/DE-MARCHI-PRO-600x645.jpg",600,645,true],"ultp_layout_square":["https:\/\/elfederalmendoza.com.ar\/wp-content\/uploads\/2023\/04\/DE-MARCHI-PRO-600x600.jpg",600,600,true],"rpwe-thumbnail":["https:\/\/elfederalmendoza.com.ar\/wp-content\/uploads\/2023\/04\/DE-MARCHI-PRO-45x45.jpg",45,45,true],"advps-thumb-one":["https:\/\/elfederalmendoza.com.ar\/wp-content\/uploads\/2023\/04\/DE-MARCHI-PRO-949x420.jpg",949,420,true]},"rttpg_author":{"display_name":"Redacci\u00f3n El Federal","author_link":"https:\/\/elfederalmendoza.com.ar\/index.php\/author\/angelflores\/"},"rttpg_comment":0,"rttpg_category":"<a href=\"https:\/\/elfederalmendoza.com.ar\/index.php\/category\/mza\/\" rel=\"category tag\">Mendoza<\/a>","rttpg_excerpt":"El interventor del PRO,\u00a0Humberto Schiavoni, inscribi\u00f3 al partido dentro del frente\u00a0Cambia Mendoza\u00a0y la reacci\u00f3n del sector que responde a\u00a0Omar De Marchi\u00a0no se hizo esperar. La estrategia de los abogados ser\u00e1 por un lado\u00a0pedir la nulidad de la intervenci\u00f3n del partido\u00a0en la Justicia Electoral Federal e impugnar la inscripci\u00f3n en el frente oficialista mendocino, y en&hellip;","_links":{"self":[{"href":"https:\/\/elfederalmendoza.com.ar\/index.php\/wp-json\/wp\/v2\/posts\/21861","targetHints":{"allow":["GET"]}}],"collection":[{"href":"https:\/\/elfederalmendoza.com.ar\/index.php\/wp-json\/wp\/v2\/posts"}],"about":[{"href":"https:\/\/elfederalmendoza.com.ar\/index.php\/wp-json\/wp\/v2\/types\/post"}],"author":[{"embeddable":true,"href":"https:\/\/elfederalmendoza.com.ar\/index.php\/wp-json\/wp\/v2\/users\/2"}],"replies":[{"embeddable":true,"href":"https:\/\/elfederalmendoza.com.ar\/index.php\/wp-json\/wp\/v2\/comments?post=21861"}],"version-history":[{"count":1,"href":"https:\/\/elfederalmendoza.com.ar\/index.php\/wp-json\/wp\/v2\/posts\/21861\/revisions"}],"predecessor-version":[{"id":21864,"href":"https:\/\/elfederalmendoza.com.ar\/index.php\/wp-json\/wp\/v2\/posts\/21861\/revisions\/21864"}],"wp:featuredmedia":[{"embeddable":true,"href":"https:\/\/elfederalmendoza.com.ar\/index.php\/wp-json\/wp\/v2\/media\/21862"}],"wp:attachment":[{"href":"https:\/\/elfederalmendoza.com.ar\/index.php\/wp-json\/wp\/v2\/media?parent=21861"}],"wp:term":[{"taxonomy":"category","embeddable":true,"href":"https:\/\/elfederalmendoza.com.ar\/index.php\/wp-json\/wp\/v2\/categories?post=21861"},{"taxonomy":"post_tag","embeddable":true,"href":"https:\/\/elfederalmendoza.com.ar\/index.php\/wp-json\/wp\/v2\/tags?post=21861"}],"curies":[{"name":"wp","href":"https:\/\/api.w.org\/{rel}","templated":true}]}}