{"id":21869,"date":"2023-04-11T04:23:00","date_gmt":"2023-04-11T07:23:00","guid":{"rendered":"https:\/\/elfederalmendoza.com\/?p=21869"},"modified":"2023-04-11T12:33:04","modified_gmt":"2023-04-11T15:33:04","slug":"cuatro-senadores-que-responden-a-de-marchi-abandonaron-cambia-mendoza-y-armaron-un-nuevo-bloque","status":"publish","type":"post","link":"https:\/\/elfederalmendoza.com.ar\/index.php\/2023\/04\/11\/cuatro-senadores-que-responden-a-de-marchi-abandonaron-cambia-mendoza-y-armaron-un-nuevo-bloque\/","title":{"rendered":"Cuatro senadores que responden a De Marchi abandonaron Cambia Mendoza y armaron un nuevo bloque"},"content":{"rendered":"\n<p>La novela por la salida del PRO de Cambia Mendoza sum\u00f3 este martes un nuevo cap\u00edtulo, con epicentro en la Legislatura. Cuatro senadores que responden a&nbsp;<strong>Omar de Marchi<\/strong>&nbsp;anunciaron su&nbsp;<mark>salida del interbloque<\/mark>&nbsp;que integraban con el radicalismo y la conformaci\u00f3n de un espacio legislativo propio.<\/p>\n\n\n\n<p>El PRO mendocino fue intervenido por las autoridades nacionales de la fuerza, en respuesta a la decisi\u00f3n de De Marchi de competir por la gobernaci\u00f3n por fuera de Cambia Mendoza. Ante esta movida,\u00a0<mark>los alfiles del diputado nacional anunciaron que judicializar\u00e1n la decisi\u00f3n y luchar\u00e1n por quedarse con el sello partidario.<\/mark><\/p>\n\n\n\n<p>En sinton\u00eda con esa determinaci\u00f3n del exintendente de Luj\u00e1n, este martes los senadores&nbsp;<strong>Rolando Baldasso, Germ\u00e1n Vicchi, Gabriel Pradines y Valent\u00edn Gonz\u00e1lez<\/strong>&nbsp;anunciaron su salida del interbloque Cambia Mendoza. En cambio,&nbsp;<strong>Pablo Priore<\/strong>&nbsp;se quedar\u00eda dentro del frente.<\/p>\n\n\n\n<p><em>\u201cSeguiremos siendo el bloque PRO. Esa intervenci\u00f3n no interviene consejos partidarios ni funciones de legislador\u201d<\/em>, insistieron allegados a De Marchi. En este caso Baldasso seguir\u00e1 presidiendo el bloque.<\/p>\n\n\n\n<p>Se espera que en la C\u00e1mara de Diputados ocurra algo similar.\u00a0<strong>Laura Balsells Mir\u00f3, Gabriel Vilches, Gustavo Cairo y Enrique Thomas\u00a0<\/strong>son los legisladores del PRO, y los tres primeros abandonar\u00e1n Cambia Mendoza.<\/p>\n\n\n\n<p>Este escenario legislativo&nbsp;<mark>se desencaden\u00f3 luego de que el lujanino anunciara su salida del frente luego de varios meses de incertidumbre<\/mark>. Ahora s\u00f3lo resta esperar que De Marchi anuncie en qu\u00e9 espacio competir\u00e1 por la gobernaci\u00f3n. El plazo para presentar los frentes vence este mi\u00e9rcoles.<\/p>\n\n\n\n<p>Mientras tanto, el PRO est\u00e1 intervenido por decisi\u00f3n del Consejo Nacional. El lunes el interventor&nbsp;<strong>Humberto Schiavoni&nbsp;<\/strong>firm\u00f3 la integraci\u00f3n del partido a Cambia Mendoza para competir en las elecciones provinciales.<\/p>\n\n\n\n<p><em>\u201cEl sello del PRO est\u00e1 dentro del frente y por lo tanto De Marchi est\u00e1 en su derecho de participar por afuera, pero sin el sello partidario\u201d,<\/em>&nbsp;declar\u00f3 Schiavoni, quien explic\u00f3 que se tom\u00f3 esa medida porque no se acat\u00f3 la directiva de la c\u00fapula nacional de integrar los frentes que pertenecen a Juntos por el Cambio.<\/p>\n\n\n\n<p>Otro argumento fue el vencimiento de los mandatos partidarios.&nbsp;<em>\u201cSe intervino por ambas razones\u201d<\/em>, asegur\u00f3 Schiavoni, y agreg\u00f3 que&nbsp;<em>\u201cla directiva pol\u00edtica nacional fue integrar en las provincias los frentes que se referencian en Juntos por el Cambio, que en este caso es Cambia Mendoza\u201d.<\/em><\/p>\n\n\n\n<p>Tambi\u00e9n fustig\u00f3 a De Marchi puntualizando que&nbsp;<em>\u201cel PRO no es una franquicia, es un partido nacional y la inobservancia de esa directiva pol\u00edtica nacional fue una de las razones\u201d.<\/em><\/p>\n","protected":false},"excerpt":{"rendered":"<p>La novela por la salida del PRO de Cambia Mendoza sum\u00f3 este martes un nuevo cap\u00edtulo, con epicentro en la Legislatura. Cuatro senadores que responden a&nbsp;Omar de Marchi&nbsp;anunciaron su&nbsp;salida del interbloque&nbsp;que integraban con el radicalismo y la conformaci\u00f3n de un espacio legislativo propio. El PRO mendocino fue intervenido por las autoridades nacionales de la fuerza,<a class=\"read-more\" href=\"https:\/\/elfederalmendoza.com.ar\/index.php\/2023\/04\/11\/cuatro-senadores-que-responden-a-de-marchi-abandonaron-cambia-mendoza-y-armaron-un-nuevo-bloque\/\"> [&hellip;]<\/a><\/p>\n","protected":false},"author":2,"featured_media":21876,"comment_status":"open","ping_status":"open","sticky":false,"template":"","format":"standard","meta":{"footnotes":""},"categories":[1],"tags":[],"class_list":["post-21869","post","type-post","status-publish","format-standard","has-post-thumbnail","hentry","category-mza"],"rttpg_featured_image_url":{"full":["https:\/\/elfederalmendoza.com.ar\/wp-content\/uploads\/2023\/04\/baldasso.webp",1200,900,false],"landscape":["https:\/\/elfederalmendoza.com.ar\/wp-content\/uploads\/2023\/04\/baldasso.webp",1200,900,false],"portraits":["https:\/\/elfederalmendoza.com.ar\/wp-content\/uploads\/2023\/04\/baldasso.webp",1200,900,false],"thumbnail":["https:\/\/elfederalmendoza.com.ar\/wp-content\/uploads\/2023\/04\/baldasso-150x150.webp",150,150,true],"medium":["https:\/\/elfederalmendoza.com.ar\/wp-content\/uploads\/2023\/04\/baldasso-300x225.webp",300,225,true],"large":["https:\/\/elfederalmendoza.com.ar\/wp-content\/uploads\/2023\/04\/baldasso-1024x768.webp",640,480,true],"1536x1536":["https:\/\/elfederalmendoza.com.ar\/wp-content\/uploads\/2023\/04\/baldasso.webp",1200,900,false],"2048x2048":["https:\/\/elfederalmendoza.com.ar\/wp-content\/uploads\/2023\/04\/baldasso.webp",1200,900,false],"ultp_layout_landscape_large":["https:\/\/elfederalmendoza.com.ar\/wp-content\/uploads\/2023\/04\/baldasso-1200x800.webp",1200,800,true],"ultp_layout_landscape":["https:\/\/elfederalmendoza.com.ar\/wp-content\/uploads\/2023\/04\/baldasso-870x570.webp",870,570,true],"ultp_layout_portrait":["https:\/\/elfederalmendoza.com.ar\/wp-content\/uploads\/2023\/04\/baldasso-600x900.webp",600,900,true],"ultp_layout_square":["https:\/\/elfederalmendoza.com.ar\/wp-content\/uploads\/2023\/04\/baldasso-600x600.webp",600,600,true],"rpwe-thumbnail":["https:\/\/elfederalmendoza.com.ar\/wp-content\/uploads\/2023\/04\/baldasso-45x45.webp",45,45,true],"advps-thumb-one":["https:\/\/elfederalmendoza.com.ar\/wp-content\/uploads\/2023\/04\/baldasso-1200x420.webp",1200,420,true]},"rttpg_author":{"display_name":"Redacci\u00f3n El Federal","author_link":"https:\/\/elfederalmendoza.com.ar\/index.php\/author\/angelflores\/"},"rttpg_comment":0,"rttpg_category":"<a href=\"https:\/\/elfederalmendoza.com.ar\/index.php\/category\/mza\/\" rel=\"category tag\">Mendoza<\/a>","rttpg_excerpt":"La novela por la salida del PRO de Cambia Mendoza sum\u00f3 este martes un nuevo cap\u00edtulo, con epicentro en la Legislatura. Cuatro senadores que responden a&nbsp;Omar de Marchi&nbsp;anunciaron su&nbsp;salida del interbloque&nbsp;que integraban con el radicalismo y la conformaci\u00f3n de un espacio legislativo propio. El PRO mendocino fue intervenido por las autoridades nacionales de la fuerza,&hellip;","_links":{"self":[{"href":"https:\/\/elfederalmendoza.com.ar\/index.php\/wp-json\/wp\/v2\/posts\/21869","targetHints":{"allow":["GET"]}}],"collection":[{"href":"https:\/\/elfederalmendoza.com.ar\/index.php\/wp-json\/wp\/v2\/posts"}],"about":[{"href":"https:\/\/elfederalmendoza.com.ar\/index.php\/wp-json\/wp\/v2\/types\/post"}],"author":[{"embeddable":true,"href":"https:\/\/elfederalmendoza.com.ar\/index.php\/wp-json\/wp\/v2\/users\/2"}],"replies":[{"embeddable":true,"href":"https:\/\/elfederalmendoza.com.ar\/index.php\/wp-json\/wp\/v2\/comments?post=21869"}],"version-history":[{"count":1,"href":"https:\/\/elfederalmendoza.com.ar\/index.php\/wp-json\/wp\/v2\/posts\/21869\/revisions"}],"predecessor-version":[{"id":21877,"href":"https:\/\/elfederalmendoza.com.ar\/index.php\/wp-json\/wp\/v2\/posts\/21869\/revisions\/21877"}],"wp:featuredmedia":[{"embeddable":true,"href":"https:\/\/elfederalmendoza.com.ar\/index.php\/wp-json\/wp\/v2\/media\/21876"}],"wp:attachment":[{"href":"https:\/\/elfederalmendoza.com.ar\/index.php\/wp-json\/wp\/v2\/media?parent=21869"}],"wp:term":[{"taxonomy":"category","embeddable":true,"href":"https:\/\/elfederalmendoza.com.ar\/index.php\/wp-json\/wp\/v2\/categories?post=21869"},{"taxonomy":"post_tag","embeddable":true,"href":"https:\/\/elfederalmendoza.com.ar\/index.php\/wp-json\/wp\/v2\/tags?post=21869"}],"curies":[{"name":"wp","href":"https:\/\/api.w.org\/{rel}","templated":true}]}}