{"id":21870,"date":"2023-04-11T12:28:10","date_gmt":"2023-04-11T15:28:10","guid":{"rendered":"https:\/\/elfederalmendoza.com\/?p=21870"},"modified":"2023-04-11T12:28:56","modified_gmt":"2023-04-11T15:28:56","slug":"imputaron-al-dueno-de-los-perros-que-atacaron-a-un-nino-en-el-este","status":"publish","type":"post","link":"https:\/\/elfederalmendoza.com.ar\/index.php\/2023\/04\/11\/imputaron-al-dueno-de-los-perros-que-atacaron-a-un-nino-en-el-este\/","title":{"rendered":"Imputaron por \u00ablesiones graves culposas\u00bb al due\u00f1o de los perros que atacaron a un ni\u00f1o en Rivadavia"},"content":{"rendered":"\n<p>El fiscal Correccional&nbsp;<strong>Emiliano Ortega<\/strong>&nbsp;imput\u00f3 la ma\u00f1ana de este martes al due\u00f1o de los&nbsp;<strong>perros<\/strong>&nbsp;que atacaron el domingo a un ni\u00f1o de 5 a\u00f1os en&nbsp;<strong>Rivadavia<\/strong>&nbsp;y lo dejaron en grave estado.<\/p>\n\n\n\n<p>Fuentes judiciales se\u00f1alaron que el representante del Ministerio P\u00fablico&nbsp;<mark>formaliz\u00f3 la acusaci\u00f3n por lesiones graves culposas contra&nbsp;<strong>Ricardo Osman Ganum<\/strong><\/mark>, de 61 a\u00f1os, quien se encuentra en libertad.<\/p>\n\n\n\n<p>El hombre s\u00f3lo estuvo demorado algunas horas, luego de presentarse en la\u00a0<strong>Comisar\u00eda 19\u00aa\u00a0<\/strong>de Jun\u00edn por sus propios medios y comunicarle a las autoridades que sus canes hab\u00edan herido a la criatura en su propiedad del barrio Do\u00f1a Florencia.<\/p>\n\n\n\n<p><mark>Debido a que se puso a disposici\u00f3n desde un comienzo, el fiscal del caso no orden\u00f3 ninguna medida privativa de la libertad contra el Ganum, ya que consider\u00f3 que no existe riesgo procesal o de fuga.<\/mark><\/p>\n\n\n\n<p>En las \u00faltimas horas, Ortega recibi\u00f3 en su despacho una serie de informes que restaban incorporar al expediente y con esas pruebas pudo notificar la imputaci\u00f3n al propietario de los perros.<\/p>\n\n\n\n<h2 class=\"wp-block-heading\" id=\"h-en-jauria\">En jaur\u00eda<\/h2>\n\n\n\n<p>Corr\u00eda la siesta del domingo cuando un llamado al 911 alert\u00f3 sobre la desaparici\u00f3n de un ni\u00f1o, que hab\u00eda ingresado a una finca donde viven canes peligrosos, en la citada barriada del carril Moyano.<\/p>\n\n\n\n<p>La polic\u00eda acudi\u00f3 al lugar y entrevist\u00f3 a los vecinos de la zona, quienes manifestaron que el peque\u00f1o hab\u00eda aparecido, pero estaba lesionado debido a un ataque de la jaur\u00eda propiedad de Ganum.<\/p>\n\n\n\n<p>La v\u00edctima fue trasladada de urgencia al Hospital Perrupato por sus familiares, pero luego la derivaron al Hospital Notti y\u00a0<mark>le diagnosticaron m\u00faltiples heridas por mordeduras y fue sometida a una intervenci\u00f3n quir\u00fargica<\/mark>. Hasta la ma\u00f1ana de este martes contin\u00faa alojado en ese nosocomio pedi\u00e1trico y su estado es delicado.<\/p>\n\n\n\n<p>Seg\u00fan las averiguaciones, el ni\u00f1o jugaba junto a otros menores cuando observaron al grupo de perros y se asustaron. Acto seguido, comenzaron a correr, pero la criatura fue alcanzada por los animales, quienes lo arrastraron unos 100 metros hacia el interior de la finca.<\/p>\n\n\n\n<p>All\u00ed,&nbsp;<mark>Ganum tom\u00f3 al ni\u00f1o, lo entreg\u00f3 a sus progenitores y luego se dirigi\u00f3 hasta la mencionada dependencia juninse para ponerse a disposici\u00f3n<\/mark>&nbsp;de las autoridades intervinientes en la causa.<\/p>\n\n\n\n<p>En medio de las tareas, los habitantes del barrio se manifestaron en la calle y arrojaron piedras contra el domicilio del propietario de los perros, aunque la polic\u00eda pudo mediar el conflicto y la situaci\u00f3n no pas\u00f3 a mayores.<\/p>\n\n\n\n<p><em>Fuente: El Sol<\/em><\/p>\n","protected":false},"excerpt":{"rendered":"<p>El fiscal Correccional&nbsp;Emiliano Ortega&nbsp;imput\u00f3 la ma\u00f1ana de este martes al due\u00f1o de los&nbsp;perros&nbsp;que atacaron el domingo a un ni\u00f1o de 5 a\u00f1os en&nbsp;Rivadavia&nbsp;y lo dejaron en grave estado. Fuentes judiciales se\u00f1alaron que el representante del Ministerio P\u00fablico&nbsp;formaliz\u00f3 la acusaci\u00f3n por lesiones graves culposas contra&nbsp;Ricardo Osman Ganum, de 61 a\u00f1os, quien se encuentra en libertad. El<a class=\"read-more\" href=\"https:\/\/elfederalmendoza.com.ar\/index.php\/2023\/04\/11\/imputaron-al-dueno-de-los-perros-que-atacaron-a-un-nino-en-el-este\/\"> [&hellip;]<\/a><\/p>\n","protected":false},"author":2,"featured_media":21871,"comment_status":"open","ping_status":"open","sticky":false,"template":"","format":"standard","meta":{"footnotes":""},"categories":[1],"tags":[],"class_list":["post-21870","post","type-post","status-publish","format-standard","has-post-thumbnail","hentry","category-mza"],"rttpg_featured_image_url":{"full":["https:\/\/elfederalmendoza.com.ar\/wp-content\/uploads\/2023\/04\/2023-04-09-18_01_28-Window.webp",1024,587,false],"landscape":["https:\/\/elfederalmendoza.com.ar\/wp-content\/uploads\/2023\/04\/2023-04-09-18_01_28-Window.webp",1024,587,false],"portraits":["https:\/\/elfederalmendoza.com.ar\/wp-content\/uploads\/2023\/04\/2023-04-09-18_01_28-Window.webp",1024,587,false],"thumbnail":["https:\/\/elfederalmendoza.com.ar\/wp-content\/uploads\/2023\/04\/2023-04-09-18_01_28-Window-150x150.webp",150,150,true],"medium":["https:\/\/elfederalmendoza.com.ar\/wp-content\/uploads\/2023\/04\/2023-04-09-18_01_28-Window-300x172.webp",300,172,true],"large":["https:\/\/elfederalmendoza.com.ar\/wp-content\/uploads\/2023\/04\/2023-04-09-18_01_28-Window.webp",640,367,false],"1536x1536":["https:\/\/elfederalmendoza.com.ar\/wp-content\/uploads\/2023\/04\/2023-04-09-18_01_28-Window.webp",1024,587,false],"2048x2048":["https:\/\/elfederalmendoza.com.ar\/wp-content\/uploads\/2023\/04\/2023-04-09-18_01_28-Window.webp",1024,587,false],"ultp_layout_landscape_large":["https:\/\/elfederalmendoza.com.ar\/wp-content\/uploads\/2023\/04\/2023-04-09-18_01_28-Window.webp",1024,587,false],"ultp_layout_landscape":["https:\/\/elfederalmendoza.com.ar\/wp-content\/uploads\/2023\/04\/2023-04-09-18_01_28-Window-870x570.webp",870,570,true],"ultp_layout_portrait":["https:\/\/elfederalmendoza.com.ar\/wp-content\/uploads\/2023\/04\/2023-04-09-18_01_28-Window-600x587.webp",600,587,true],"ultp_layout_square":["https:\/\/elfederalmendoza.com.ar\/wp-content\/uploads\/2023\/04\/2023-04-09-18_01_28-Window-600x587.webp",600,587,true],"rpwe-thumbnail":["https:\/\/elfederalmendoza.com.ar\/wp-content\/uploads\/2023\/04\/2023-04-09-18_01_28-Window-45x45.webp",45,45,true],"advps-thumb-one":["https:\/\/elfederalmendoza.com.ar\/wp-content\/uploads\/2023\/04\/2023-04-09-18_01_28-Window-1024x420.webp",1024,420,true]},"rttpg_author":{"display_name":"Redacci\u00f3n El Federal","author_link":"https:\/\/elfederalmendoza.com.ar\/index.php\/author\/angelflores\/"},"rttpg_comment":0,"rttpg_category":"<a href=\"https:\/\/elfederalmendoza.com.ar\/index.php\/category\/mza\/\" rel=\"category tag\">Mendoza<\/a>","rttpg_excerpt":"El fiscal Correccional&nbsp;Emiliano Ortega&nbsp;imput\u00f3 la ma\u00f1ana de este martes al due\u00f1o de los&nbsp;perros&nbsp;que atacaron el domingo a un ni\u00f1o de 5 a\u00f1os en&nbsp;Rivadavia&nbsp;y lo dejaron en grave estado. Fuentes judiciales se\u00f1alaron que el representante del Ministerio P\u00fablico&nbsp;formaliz\u00f3 la acusaci\u00f3n por lesiones graves culposas contra&nbsp;Ricardo Osman Ganum, de 61 a\u00f1os, quien se encuentra en libertad. El&hellip;","_links":{"self":[{"href":"https:\/\/elfederalmendoza.com.ar\/index.php\/wp-json\/wp\/v2\/posts\/21870","targetHints":{"allow":["GET"]}}],"collection":[{"href":"https:\/\/elfederalmendoza.com.ar\/index.php\/wp-json\/wp\/v2\/posts"}],"about":[{"href":"https:\/\/elfederalmendoza.com.ar\/index.php\/wp-json\/wp\/v2\/types\/post"}],"author":[{"embeddable":true,"href":"https:\/\/elfederalmendoza.com.ar\/index.php\/wp-json\/wp\/v2\/users\/2"}],"replies":[{"embeddable":true,"href":"https:\/\/elfederalmendoza.com.ar\/index.php\/wp-json\/wp\/v2\/comments?post=21870"}],"version-history":[{"count":3,"href":"https:\/\/elfederalmendoza.com.ar\/index.php\/wp-json\/wp\/v2\/posts\/21870\/revisions"}],"predecessor-version":[{"id":21875,"href":"https:\/\/elfederalmendoza.com.ar\/index.php\/wp-json\/wp\/v2\/posts\/21870\/revisions\/21875"}],"wp:featuredmedia":[{"embeddable":true,"href":"https:\/\/elfederalmendoza.com.ar\/index.php\/wp-json\/wp\/v2\/media\/21871"}],"wp:attachment":[{"href":"https:\/\/elfederalmendoza.com.ar\/index.php\/wp-json\/wp\/v2\/media?parent=21870"}],"wp:term":[{"taxonomy":"category","embeddable":true,"href":"https:\/\/elfederalmendoza.com.ar\/index.php\/wp-json\/wp\/v2\/categories?post=21870"},{"taxonomy":"post_tag","embeddable":true,"href":"https:\/\/elfederalmendoza.com.ar\/index.php\/wp-json\/wp\/v2\/tags?post=21870"}],"curies":[{"name":"wp","href":"https:\/\/api.w.org\/{rel}","templated":true}]}}