{"id":21878,"date":"2023-04-11T12:38:33","date_gmt":"2023-04-11T15:38:33","guid":{"rendered":"https:\/\/elfederalmendoza.com\/?p=21878"},"modified":"2023-04-11T12:39:19","modified_gmt":"2023-04-11T15:39:19","slug":"murio-un-joven-de-20-anos-en-un-choque-en-el-acceso-este","status":"publish","type":"post","link":"https:\/\/elfederalmendoza.com.ar\/index.php\/2023\/04\/11\/murio-un-joven-de-20-anos-en-un-choque-en-el-acceso-este\/","title":{"rendered":"Muri\u00f3 un joven de 20 a\u00f1os en un choque en el Acceso Este"},"content":{"rendered":"\n<p><strong>Un hombre de 20 a\u00f1os muri\u00f3<\/strong>\u00a0este martes a primera hora de la ma\u00f1ana en el\u00a0<strong>Acceso Este a la altura del Puente de Hierro<\/strong>, en el departamento de Guaymall\u00e9n.<\/p>\n\n\n\n<p>Seg\u00fan inform\u00f3 la Polic\u00eda desde el lugar, el conductor de un Volkswagen Gol circulaba por la autopista en sentido hacia el Este, perdi\u00f3 el control del auto, sali\u00f3 del asfalto e impact\u00f3 contra el pared\u00f3n, quedando el frente del veh\u00edculo totalmente aplastado.<\/p>\n\n\n\n<p>Una ambulancia del Servicio Coordinado de Emergencia lleg\u00f3 al lugar y la profesional a cargo constat\u00f3 la muerte del joven.<\/p>\n\n\n\n<p>Hasta el momento\u00a0<strong>se desconoce la identidad del fallecido<\/strong>. Los especialistas descartan que se haya quedado dormido y Cient\u00edfica intenta determinar las causas del hecho.\u00a0\u00a0<\/p>\n","protected":false},"excerpt":{"rendered":"<p>Un hombre de 20 a\u00f1os muri\u00f3\u00a0este martes a primera hora de la ma\u00f1ana en el\u00a0Acceso Este a la altura del Puente de Hierro, en el departamento de Guaymall\u00e9n. Seg\u00fan inform\u00f3 la Polic\u00eda desde el lugar, el conductor de un Volkswagen Gol circulaba por la autopista en sentido hacia el Este, perdi\u00f3 el control del auto,<a class=\"read-more\" href=\"https:\/\/elfederalmendoza.com.ar\/index.php\/2023\/04\/11\/murio-un-joven-de-20-anos-en-un-choque-en-el-acceso-este\/\"> [&hellip;]<\/a><\/p>\n","protected":false},"author":2,"featured_media":21881,"comment_status":"open","ping_status":"open","sticky":false,"template":"","format":"standard","meta":{"footnotes":""},"categories":[1],"tags":[],"class_list":["post-21878","post","type-post","status-publish","format-standard","has-post-thumbnail","hentry","category-mza"],"rttpg_featured_image_url":{"full":["https:\/\/elfederalmendoza.com.ar\/wp-content\/uploads\/2023\/04\/64353c079a1cc_1024_440.webp",1024,440,false],"landscape":["https:\/\/elfederalmendoza.com.ar\/wp-content\/uploads\/2023\/04\/64353c079a1cc_1024_440.webp",1024,440,false],"portraits":["https:\/\/elfederalmendoza.com.ar\/wp-content\/uploads\/2023\/04\/64353c079a1cc_1024_440.webp",1024,440,false],"thumbnail":["https:\/\/elfederalmendoza.com.ar\/wp-content\/uploads\/2023\/04\/64353c079a1cc_1024_440-150x150.webp",150,150,true],"medium":["https:\/\/elfederalmendoza.com.ar\/wp-content\/uploads\/2023\/04\/64353c079a1cc_1024_440-300x129.webp",300,129,true],"large":["https:\/\/elfederalmendoza.com.ar\/wp-content\/uploads\/2023\/04\/64353c079a1cc_1024_440.webp",640,275,false],"1536x1536":["https:\/\/elfederalmendoza.com.ar\/wp-content\/uploads\/2023\/04\/64353c079a1cc_1024_440.webp",1024,440,false],"2048x2048":["https:\/\/elfederalmendoza.com.ar\/wp-content\/uploads\/2023\/04\/64353c079a1cc_1024_440.webp",1024,440,false],"ultp_layout_landscape_large":["https:\/\/elfederalmendoza.com.ar\/wp-content\/uploads\/2023\/04\/64353c079a1cc_1024_440.webp",1024,440,false],"ultp_layout_landscape":["https:\/\/elfederalmendoza.com.ar\/wp-content\/uploads\/2023\/04\/64353c079a1cc_1024_440-870x440.webp",870,440,true],"ultp_layout_portrait":["https:\/\/elfederalmendoza.com.ar\/wp-content\/uploads\/2023\/04\/64353c079a1cc_1024_440-600x440.webp",600,440,true],"ultp_layout_square":["https:\/\/elfederalmendoza.com.ar\/wp-content\/uploads\/2023\/04\/64353c079a1cc_1024_440-600x440.webp",600,440,true],"rpwe-thumbnail":["https:\/\/elfederalmendoza.com.ar\/wp-content\/uploads\/2023\/04\/64353c079a1cc_1024_440-45x45.webp",45,45,true],"advps-thumb-one":["https:\/\/elfederalmendoza.com.ar\/wp-content\/uploads\/2023\/04\/64353c079a1cc_1024_440-1024x420.webp",1024,420,true]},"rttpg_author":{"display_name":"Redacci\u00f3n El Federal","author_link":"https:\/\/elfederalmendoza.com.ar\/index.php\/author\/angelflores\/"},"rttpg_comment":0,"rttpg_category":"<a href=\"https:\/\/elfederalmendoza.com.ar\/index.php\/category\/mza\/\" rel=\"category tag\">Mendoza<\/a>","rttpg_excerpt":"Un hombre de 20 a\u00f1os muri\u00f3\u00a0este martes a primera hora de la ma\u00f1ana en el\u00a0Acceso Este a la altura del Puente de Hierro, en el departamento de Guaymall\u00e9n. Seg\u00fan inform\u00f3 la Polic\u00eda desde el lugar, el conductor de un Volkswagen Gol circulaba por la autopista en sentido hacia el Este, perdi\u00f3 el control del auto,&hellip;","_links":{"self":[{"href":"https:\/\/elfederalmendoza.com.ar\/index.php\/wp-json\/wp\/v2\/posts\/21878","targetHints":{"allow":["GET"]}}],"collection":[{"href":"https:\/\/elfederalmendoza.com.ar\/index.php\/wp-json\/wp\/v2\/posts"}],"about":[{"href":"https:\/\/elfederalmendoza.com.ar\/index.php\/wp-json\/wp\/v2\/types\/post"}],"author":[{"embeddable":true,"href":"https:\/\/elfederalmendoza.com.ar\/index.php\/wp-json\/wp\/v2\/users\/2"}],"replies":[{"embeddable":true,"href":"https:\/\/elfederalmendoza.com.ar\/index.php\/wp-json\/wp\/v2\/comments?post=21878"}],"version-history":[{"count":1,"href":"https:\/\/elfederalmendoza.com.ar\/index.php\/wp-json\/wp\/v2\/posts\/21878\/revisions"}],"predecessor-version":[{"id":21880,"href":"https:\/\/elfederalmendoza.com.ar\/index.php\/wp-json\/wp\/v2\/posts\/21878\/revisions\/21880"}],"wp:featuredmedia":[{"embeddable":true,"href":"https:\/\/elfederalmendoza.com.ar\/index.php\/wp-json\/wp\/v2\/media\/21881"}],"wp:attachment":[{"href":"https:\/\/elfederalmendoza.com.ar\/index.php\/wp-json\/wp\/v2\/media?parent=21878"}],"wp:term":[{"taxonomy":"category","embeddable":true,"href":"https:\/\/elfederalmendoza.com.ar\/index.php\/wp-json\/wp\/v2\/categories?post=21878"},{"taxonomy":"post_tag","embeddable":true,"href":"https:\/\/elfederalmendoza.com.ar\/index.php\/wp-json\/wp\/v2\/tags?post=21878"}],"curies":[{"name":"wp","href":"https:\/\/api.w.org\/{rel}","templated":true}]}}