{"id":21882,"date":"2023-04-12T09:13:54","date_gmt":"2023-04-12T12:13:54","guid":{"rendered":"https:\/\/elfederalmendoza.com\/?p=21882"},"modified":"2023-04-12T09:13:55","modified_gmt":"2023-04-12T12:13:55","slug":"imparable-inflacion-proyectan-un-7-para-marzo","status":"publish","type":"post","link":"https:\/\/elfederalmendoza.com.ar\/index.php\/2023\/04\/12\/imparable-inflacion-proyectan-un-7-para-marzo\/","title":{"rendered":"Imparable inflaci\u00f3n: proyectan un 7% para marzo"},"content":{"rendered":"\n<p>Dos consultoras econ\u00f3micas midieron los aumentos de\u00a0<strong>alimentos y bebidas<\/strong>\u00a0durante la primera semana de abril y coincidieron en destacar una suba que no se registraba desde febrero. A esto se suman las previsiones sobre la inflaci\u00f3n de marzo y el dato de que en el primer bimestre del a\u00f1o las canastas b\u00e1sica y alimentaria\u00a0<strong>superaron en porcentaje al \u00cdndice de Precios al Consumidor<\/strong>\u00a0(IPC).<\/p>\n\n\n\n<p>Lejos qued\u00f3 el objetivo que propuso el ministro de Econom\u00eda,\u00a0<strong>Sergio Massa<\/strong>, de que la\u00a0<strong>inflaci\u00f3n<\/strong>\u00a0de abril comience con un 3. En lo que va de 2023, la tendencia se muestra alcista (6% en enero, 6,6% en febrero) y en marzo no parece ser la excepci\u00f3n: seg\u00fan el Relevamiento de Expectativas de Mercado (REM) del Banco Central, que le pregunt\u00f3 a 26 consultoras y 14 entidades financieras por los n\u00fameros del tercer mes del a\u00f1o,\u00a0<strong>la cifra se ubicar\u00eda en el 7%<\/strong>.<\/p>\n\n\n\n<p>En ese marco, Eco Go puso el term\u00f3metro entre las g\u00f3ndolas durante la primera semana de abril y registr\u00f3 malas noticias en el rubro alimentos y bebidas, <strong>que mostr\u00f3\u00a0un aumento promedio del 2%. Para la consultora LCG, centrada en los valores que marcan las cadenas de supermercados, la suba se ubica en el 2,5%<\/strong>.<\/p>\n\n\n\n<p>Los productos que mayor incremento mostraron fueron las&nbsp;<strong>frutas c\u00edtricas&nbsp;<\/strong>(8,3%),&nbsp;<strong>az\u00facar y edulcorantes<\/strong>&nbsp;(5,7%),&nbsp;<strong>pastas frescas<\/strong>&nbsp;(4,9),&nbsp;<strong>tomates en conserva<\/strong>&nbsp;(4,5%) y&nbsp;<strong>merluza fresca y congelada, y menudencias y achuras frescas vacunas&nbsp;<\/strong>(4,3%).<\/p>\n\n\n\n<p>Con estos n\u00fameros, ambas consultoras subrayan que si bien las \u00faltimas dos semanas de marzo mostraron una desaceleraci\u00f3n, abril fue un parte aguas y volvieron a dispararse los precios. De esta manera, la suba de precios se ubic\u00f3 en torno al 2%, el n\u00famero m\u00e1s alto desde la tercera semana de febrero.<\/p>\n\n\n\n<p>En las grandes cadenas de supermercados, LCG registr\u00f3 que las\u00a0<strong>verduras<\/strong>\u00a0(7,9%),\u00a0<strong>las comidas para llevar\u00a0<\/strong>(3,2%),<strong>\u00a0las carnes y aceites<\/strong>\u00a0(2,6%) y l<strong>os productos de panificaci\u00f3n, cereales y pastas<\/strong>\u00a0(2%) fueron los productos que mostraron cifras m\u00e1s altas.<a href=\"https:\/\/www.msn.com\/es-ar\/finanzas\/other\/inflaci%C3%B3n-en-las-g%C3%B3ndolas-abril-ya-registr%C3%B3-un-2-5-de-aumento-en-alimentos-y-bebidas\/ar-AA19LKZB?fullscreen=true#image=1\"><\/a><a href=\"https:\/\/www.msn.com\/es-ar\/finanzas\/other\/inflaci%C3%B3n-en-las-g%C3%B3ndolas-abril-ya-registr%C3%B3-un-2-5-de-aumento-en-alimentos-y-bebidas\/ar-AA19LKZB?fullscreen=true#image=1\"><\/a><\/p>\n\n\n\n<figure class=\"wp-block-image size-full\"><img loading=\"lazy\" decoding=\"async\" width=\"980\" height=\"509\" src=\"https:\/\/elfederalmendoza.com\/wp-content\/uploads\/2023\/04\/COMPRANDO-SUPERMERCADO4.jpg\" alt=\"\" class=\"wp-image-21883\" srcset=\"https:\/\/elfederalmendoza.com.ar\/wp-content\/uploads\/2023\/04\/COMPRANDO-SUPERMERCADO4.jpg 980w, https:\/\/elfederalmendoza.com.ar\/wp-content\/uploads\/2023\/04\/COMPRANDO-SUPERMERCADO4-300x156.jpg 300w, https:\/\/elfederalmendoza.com.ar\/wp-content\/uploads\/2023\/04\/COMPRANDO-SUPERMERCADO4-768x399.jpg 768w\" sizes=\"auto, (max-width: 980px) 100vw, 980px\" \/><\/figure>\n\n\n\n<p><strong>Este viernes, en tanto, se conocer\u00e1 el n\u00famero de la inflaci\u00f3n de marzo para el INDEC<\/strong>. Sin embargo, las consultoras ya miran el dato de la primera semana de abril y estiman, teniendo en cuenta las subas acumuladas, que el n\u00famero del mes cuatro puede ubicarse en torno al 6,5%.<\/p>\n","protected":false},"excerpt":{"rendered":"<p>Dos consultoras econ\u00f3micas midieron los aumentos de\u00a0alimentos y bebidas\u00a0durante la primera semana de abril y coincidieron en destacar una suba que no se registraba desde febrero. A esto se suman las previsiones sobre la inflaci\u00f3n de marzo y el dato de que en el primer bimestre del a\u00f1o las canastas b\u00e1sica y alimentaria\u00a0superaron en porcentaje<a class=\"read-more\" href=\"https:\/\/elfederalmendoza.com.ar\/index.php\/2023\/04\/12\/imparable-inflacion-proyectan-un-7-para-marzo\/\"> [&hellip;]<\/a><\/p>\n","protected":false},"author":2,"featured_media":21884,"comment_status":"open","ping_status":"open","sticky":false,"template":"","format":"standard","meta":{"footnotes":""},"categories":[5618],"tags":[],"class_list":["post-21882","post","type-post","status-publish","format-standard","has-post-thumbnail","hentry","category-arg"],"rttpg_featured_image_url":{"full":["https:\/\/elfederalmendoza.com.ar\/wp-content\/uploads\/2023\/04\/comprando-supermercado5.jpg",768,512,false],"landscape":["https:\/\/elfederalmendoza.com.ar\/wp-content\/uploads\/2023\/04\/comprando-supermercado5.jpg",768,512,false],"portraits":["https:\/\/elfederalmendoza.com.ar\/wp-content\/uploads\/2023\/04\/comprando-supermercado5.jpg",768,512,false],"thumbnail":["https:\/\/elfederalmendoza.com.ar\/wp-content\/uploads\/2023\/04\/comprando-supermercado5-150x150.jpg",150,150,true],"medium":["https:\/\/elfederalmendoza.com.ar\/wp-content\/uploads\/2023\/04\/comprando-supermercado5-300x200.jpg",300,200,true],"large":["https:\/\/elfederalmendoza.com.ar\/wp-content\/uploads\/2023\/04\/comprando-supermercado5.jpg",640,427,false],"1536x1536":["https:\/\/elfederalmendoza.com.ar\/wp-content\/uploads\/2023\/04\/comprando-supermercado5.jpg",768,512,false],"2048x2048":["https:\/\/elfederalmendoza.com.ar\/wp-content\/uploads\/2023\/04\/comprando-supermercado5.jpg",768,512,false],"ultp_layout_landscape_large":["https:\/\/elfederalmendoza.com.ar\/wp-content\/uploads\/2023\/04\/comprando-supermercado5.jpg",768,512,false],"ultp_layout_landscape":["https:\/\/elfederalmendoza.com.ar\/wp-content\/uploads\/2023\/04\/comprando-supermercado5.jpg",768,512,false],"ultp_layout_portrait":["https:\/\/elfederalmendoza.com.ar\/wp-content\/uploads\/2023\/04\/comprando-supermercado5-600x512.jpg",600,512,true],"ultp_layout_square":["https:\/\/elfederalmendoza.com.ar\/wp-content\/uploads\/2023\/04\/comprando-supermercado5-600x512.jpg",600,512,true],"rpwe-thumbnail":["https:\/\/elfederalmendoza.com.ar\/wp-content\/uploads\/2023\/04\/comprando-supermercado5-45x45.jpg",45,45,true],"advps-thumb-one":["https:\/\/elfederalmendoza.com.ar\/wp-content\/uploads\/2023\/04\/comprando-supermercado5-768x420.jpg",768,420,true]},"rttpg_author":{"display_name":"Redacci\u00f3n El Federal","author_link":"https:\/\/elfederalmendoza.com.ar\/index.php\/author\/angelflores\/"},"rttpg_comment":0,"rttpg_category":"<a href=\"https:\/\/elfederalmendoza.com.ar\/index.php\/category\/arg\/\" rel=\"category tag\">Argentina<\/a>","rttpg_excerpt":"Dos consultoras econ\u00f3micas midieron los aumentos de\u00a0alimentos y bebidas\u00a0durante la primera semana de abril y coincidieron en destacar una suba que no se registraba desde febrero. A esto se suman las previsiones sobre la inflaci\u00f3n de marzo y el dato de que en el primer bimestre del a\u00f1o las canastas b\u00e1sica y alimentaria\u00a0superaron en porcentaje&hellip;","_links":{"self":[{"href":"https:\/\/elfederalmendoza.com.ar\/index.php\/wp-json\/wp\/v2\/posts\/21882","targetHints":{"allow":["GET"]}}],"collection":[{"href":"https:\/\/elfederalmendoza.com.ar\/index.php\/wp-json\/wp\/v2\/posts"}],"about":[{"href":"https:\/\/elfederalmendoza.com.ar\/index.php\/wp-json\/wp\/v2\/types\/post"}],"author":[{"embeddable":true,"href":"https:\/\/elfederalmendoza.com.ar\/index.php\/wp-json\/wp\/v2\/users\/2"}],"replies":[{"embeddable":true,"href":"https:\/\/elfederalmendoza.com.ar\/index.php\/wp-json\/wp\/v2\/comments?post=21882"}],"version-history":[{"count":1,"href":"https:\/\/elfederalmendoza.com.ar\/index.php\/wp-json\/wp\/v2\/posts\/21882\/revisions"}],"predecessor-version":[{"id":21885,"href":"https:\/\/elfederalmendoza.com.ar\/index.php\/wp-json\/wp\/v2\/posts\/21882\/revisions\/21885"}],"wp:featuredmedia":[{"embeddable":true,"href":"https:\/\/elfederalmendoza.com.ar\/index.php\/wp-json\/wp\/v2\/media\/21884"}],"wp:attachment":[{"href":"https:\/\/elfederalmendoza.com.ar\/index.php\/wp-json\/wp\/v2\/media?parent=21882"}],"wp:term":[{"taxonomy":"category","embeddable":true,"href":"https:\/\/elfederalmendoza.com.ar\/index.php\/wp-json\/wp\/v2\/categories?post=21882"},{"taxonomy":"post_tag","embeddable":true,"href":"https:\/\/elfederalmendoza.com.ar\/index.php\/wp-json\/wp\/v2\/tags?post=21882"}],"curies":[{"name":"wp","href":"https:\/\/api.w.org\/{rel}","templated":true}]}}