{"id":21886,"date":"2023-04-12T13:45:13","date_gmt":"2023-04-12T16:45:13","guid":{"rendered":"https:\/\/elfederalmendoza.com\/?p=21886"},"modified":"2023-04-12T13:45:14","modified_gmt":"2023-04-12T16:45:14","slug":"jovenes-y-adultos-mayores-pueden-ganar-130-mil-trabajando-en-la-justicia","status":"publish","type":"post","link":"https:\/\/elfederalmendoza.com.ar\/index.php\/2023\/04\/12\/jovenes-y-adultos-mayores-pueden-ganar-130-mil-trabajando-en-la-justicia\/","title":{"rendered":"J\u00f3venes y adultos mayores pueden ganar $130 mil trabajando en la Justicia"},"content":{"rendered":"\n<p>Para quienes est\u00e9n buscando un trabajo y sean mayores de 18 a\u00f1os (hasta la edad jubilatoria, seg\u00fan corresponda por g\u00e9nero), la noticia es que el\u00a0<strong>Poder Judicial<\/strong>\u00a0abrir\u00e1 un\u00a0<strong>concurso de ingreso de personal t\u00e9cnico y administrativo<\/strong>. Son<strong>\u00a0200<\/strong>\u00a0los\u00a0<strong>cargos vacantes<\/strong>,\u00a0<strong>130 mil pesos el sueldo inicial<\/strong>\u00a0y 6 las circunscripciones en las que se repartir\u00e1n dentro de\u00a0<strong>Mendoza<\/strong>.<\/p>\n\n\n\n<p>Se trata de una decisi\u00f3n de la\u00a0<strong>Suprema Corte de Justicia\u00a0<\/strong>que se efectiviz\u00f3 a trav\u00e9s de la acordada N\u00b0 31.005. Y en esta ocasi\u00f3n, la novedad luego de ocho a\u00f1os sin realizar este tipo de convocatorias, es que el\u00a0<strong>examen de ingreso\u00a0<\/strong>est\u00e1 completamente reformulado.<\/p>\n\n\n\n<p>As\u00ed, quienes rindan esta evaluaci\u00f3n 2023 se encontrar\u00e1n con preguntas adaptadas a las necesidades actuales, que requieren m\u00e1s y mejor conocimiento. La&nbsp;<strong>modalidad<\/strong>, a diferencia de otras veces, ser\u00e1&nbsp;<strong>completamente virtual<\/strong>.<\/p>\n\n\n\n<figure class=\"wp-block-image is-resized\"><img loading=\"lazy\" decoding=\"async\" src=\"https:\/\/www.mendozapost.com\/files\/image\/473\/473319\/6435df3a2cee6_570_380!.jpg?s=7ce729569fbb76bf7609cca4f60dbb6c&amp;d=1681252159\" alt=\"\" width=\"954\" height=\"636\"\/><figcaption class=\"wp-element-caption\">El edificio central del Poder Judicial de Mendoza.<\/figcaption><\/figure>\n\n\n\n<h2 class=\"wp-block-heading\"><strong>Fechas de inscripciones<\/strong><\/h2>\n\n\n\n<p>Desde el<strong>&nbsp;viernes<\/strong>&nbsp;<strong>14&nbsp;<\/strong>y hasta el&nbsp;<strong>domingo 23 de abril<\/strong>, tendr\u00e1n tiempo de inscribirse quienes aspiren a uno de estos&nbsp;<strong>200 puestos de trabajo que luego tendr\u00e1n un cargo de auxiliar&nbsp;administrativo<\/strong>. El&nbsp;<strong>formulario de inscripci\u00f3n<\/strong>&nbsp;deber\u00e1 completarse a trav\u00e9s de la p\u00e1gina web del&nbsp;<strong>Poder Judicial de Mendoza<\/strong>&nbsp;en&nbsp;<a href=\"https:\/\/jusmendoza.gob.ar\/\" target=\"_blank\" rel=\"noreferrer noopener\">este enlace<\/a>.<\/p>\n\n\n\n<p>Las&nbsp;<strong>vacantes disponibles<\/strong>&nbsp;son de&nbsp;<strong>personal t\u00e9cnico y administrativo<\/strong>, la clase de ingreso es la 13 y el&nbsp;<strong>sueldo<\/strong>&nbsp;-dec\u00edamos- de&nbsp;<strong>$130.000 mensuales<\/strong>. Los cargos disponibles son para turno ma\u00f1ana y tarde y en todas las&nbsp;<\/p>\n\n\n\n<p>La convocatoria, cabe tambi\u00e9n apuntar, se realizar\u00e1 por orden de m\u00e9rito de acuerdo al cupo por circunscripci\u00f3n. A saber:<\/p>\n\n\n\n<figure class=\"wp-block-image\"><img decoding=\"async\" src=\"https:\/\/www.mendozapost.com\/files\/image\/473\/473321\/6435df6bd0244.jpg\" alt=\"\"\/><\/figure>\n\n\n\n<h2 class=\"wp-block-heading\"><strong>Requisitos para los aspirantes<\/strong><\/h2>\n\n\n\n<p>En cuanto a los&nbsp;<strong>requisitos<\/strong>, es importante conocer que el\/la aspirante debe tener entre 18 a\u00f1os y la edad jubilatoria (60 a\u00f1os las mujeres y 65, los hombres), ser argentino o residente y tener el polimodal o secundario completo. A su vez, debe residir a no m\u00e1s de 100 kil\u00f3metros de la sede laboral a la que quiera ingresar. Esto se deber\u00e1 acreditar con el domicilio actualizado en el Documento Nacional de Identidad.<\/p>\n\n\n\n<p>Tambi\u00e9n, hay que detallar que&nbsp;<strong>no podr\u00e1n anotarse aquellas personas que tengan una condena penal firme por un delito doloso<\/strong>&nbsp;y no hayan transcurrido los plazos de caducidad fijados en el Art\u00edculo 51 del C\u00f3digo Penal.<\/p>\n\n\n\n<p>Tampoco, los&nbsp;<strong>empleados p\u00fablicos que hayan sido separados por mal desempe\u00f1o de sus tareas, por un acto administrativo; personas que est\u00e1n jubiladas, quienes est\u00e9n dentro del Registro de Deudores Alimentarios y toda persona que est\u00e9 dentro de lo que establece el art\u00edculo 11&nbsp;<\/strong>del decreto Ley N\u00b0560\/73.<\/p>\n\n\n\n<p><strong>Art\u00edculo 11-&nbsp;<\/strong>No podr\u00e1 ingresar a las dependencias comprendidas en el \u00e1mbito del presente estatuto:<\/p>\n\n\n\n<p>a) El que hubiera sufrido condena por hecho doloso.<\/p>\n\n\n\n<p>b) El que hubiera sido condenado por delito cometido en perjuicio o contra la administraci\u00f3n p\u00fablica.<\/p>\n\n\n\n<p>c) El fallido o concursado civilmente, hasta que obtuviere su rehabilitaci\u00f3n.<\/p>\n\n\n\n<p>d) El que tenga pendiente proceso criminal.<\/p>\n\n\n\n<p>e) El que este inhabilitado para el ejercicio de cargos p\u00fablicos, durante el t\u00e9rmino de la inhabilitaci\u00f3n.<\/p>\n\n\n\n<p>f) El que hubiera sido exonerado en cualquier dependencia de la naci\u00f3n, de las provincias o de las municipalidades, hasta tanto no fuere rehabilitado.<\/p>\n\n\n\n<p>g) El que se encuentre en situaci\u00f3n de incompatibilidad.<\/p>\n\n\n\n<p>h) El que padezca enfermedad infecto-contagiosa.<\/p>\n\n\n\n<p>i) El que se encuentre en infracci\u00f3n a las obligaciones de empadronamiento, enrolamiento o servicio militar.<\/p>\n\n\n\n<p>j) El que hubiere sido declarado deudor moroso del fisco, mientras no haya regularizado su situaci\u00f3n.<\/p>\n\n\n\n<p>k) Toda persona con edad superior a la m\u00ednima establecida para la jubilaci\u00f3n ordinaria para el personal dependiente, salvo aquellas de reconocido prestigio que podr\u00e1n ingresar \u00fanicamente como personal no permanente.<\/p>\n\n\n\n<p>Una vez inscriptos, la Sala Administrativa de la Suprema Corte de Justicia fijar\u00e1 fecha para la realizaci\u00f3n del primer examen. Todo el&nbsp;<strong>material de estudio que se necesita para poder rendir<\/strong>&nbsp;estar\u00e1 disponible en la p\u00e1gina web del Poder Judicial&nbsp;<strong>a partir del viernes 21 de abril<\/strong>.<\/p>\n\n\n\n<figure class=\"wp-block-image is-resized\"><img loading=\"lazy\" decoding=\"async\" src=\"https:\/\/www.mendozapost.com\/files\/image\/423\/423953\/6346f39c66dbc_570_376!.jpg?s=105ff9ee51874494187743910dd70e73&amp;d=1665594271\" alt=\"\" width=\"953\" height=\"629\"\/><figcaption class=\"wp-element-caption\">Desde el 14 de abril estar\u00e1n abiertas las inscripciones para los 200 cargos disponibles.<\/figcaption><\/figure>\n\n\n\n<p>A su vez todo el contenido tem\u00e1tico de cada examen se encontrar\u00e1 fijado en el programa que ser\u00e1 publicado tambi\u00e9n en el portal web del Poder Judicial&nbsp;.<\/p>\n\n\n\n<h2 class=\"wp-block-heading\"><strong>En qu\u00e9 consiste el concurso<\/strong><\/h2>\n\n\n\n<p>La evaluaci\u00f3n constar\u00e1 de&nbsp;<strong>tres instancias<\/strong>. La primera ser\u00e1 de simulaci\u00f3n. Es de car\u00e1cter optativo y su resultado no ser\u00e1 vinculante para el ingreso. La segunda y tercera instancia, ser\u00e1n los ex\u00e1menes de conocimientos, de instancia obligatoria. Si se reprueba cualquiera de estos ex\u00e1menes el aspirante autom\u00e1ticamente queda eliminado del proceso de selecci\u00f3n.<\/p>\n\n\n\n<p>Cada examen tendr\u00e1 una duraci\u00f3n limitada, estar\u00e1 conformado por preguntas secuenciales y no habr\u00e1 posibilidad de retroceder para modificar respuestas. Las preguntas ser\u00e1n de m\u00faltiple choice (opciones m\u00faltiples) y s\u00f3lo una ser\u00e1 la respuesta correcta.<\/p>\n\n\n\n<p>Para tener en cuenta, el primer examen es de conocimiento. En la fecha a definir por la Sala Administrativa de la Suprema Corte de Justicia, se rendir\u00e1 la evaluaci\u00f3n de manera virtual. Los temas ser\u00e1n: Introducci\u00f3n a la Organizaci\u00f3n Institucional del Poder Judicial y Conocimientos Jur\u00eddicos.<\/p>\n\n\n\n<p>Este examen representa el 55% del puntaje total. El aspirante tendr\u00e1 80 minutos para responder 80 preguntas. El puntaje m\u00ednimo para aprobar es de 75% y el mismo programa con el que se toma la evaluaci\u00f3n, al terminarla, le dir\u00e1 a la persona si aprob\u00f3 o no. Cada pregunta valdr\u00e1 1,25 (correcta) y -0,3125 (incorrecta).<\/p>\n\n\n\n<p>En caso de aprobar, pasar\u00e1 a la segunda instancia. Ser\u00e1 la Sala Administrativa la que fije la fecha para la realizaci\u00f3n de este segundo examen que constar\u00e1 de: Conocimientos Jur\u00eddicos, Sistemas y Herramientas Inform\u00e1ticas y Otras competencias y Habilidades. Este examen representa el 45% del puntaje total. Ser\u00e1n 64 preguntas que deber\u00e1n ser respondidas en 64 minutos, cada una de ellas valdr\u00e1 1,5625 (correcta) y -0,390625 (incorrecta).<\/p>\n\n\n\n<p>Con los&nbsp;<strong>resultados obtenidos en ambas instancias se conformar\u00e1 una n\u00f3mina provisoria de aspirantes por cada una de las circunscripciones judiciales por orden de m\u00e9rito<\/strong>&nbsp;(seg\u00fan se detall\u00f3 m\u00e1s arriba) y ser\u00e1n publicadas en el portal web del&nbsp;<strong>Poder Judicial de Mendoza<\/strong>.<\/p>\n\n\n\n<figure class=\"wp-block-image is-resized\"><img loading=\"lazy\" decoding=\"async\" src=\"https:\/\/www.mendozapost.com\/files\/image\/473\/473323\/6435df9fdf188_570_360!.jpg?s=eaca91f51187141228bc724fd6514cac&amp;d=1681252265\" alt=\"\" width=\"953\" height=\"602\"\/><\/figure>\n\n\n\n<p>Asimismo, las personas que aspiren a estas posibilidades laborales deber\u00e1n pasar el examen psicof\u00edsico, que est\u00e1 dividido entre el \u00e1rea psicolaboral y los ex\u00e1menes m\u00e9dicos de rutina que se realizan al ingresar a cualquier trabajo.<\/p>\n\n\n\n<h2 class=\"wp-block-heading\"><strong>Correcci\u00f3n de ex\u00e1menes e impugnaciones<\/strong><\/h2>\n\n\n\n<p>Concluido cada examen, el participante podr\u00e1 visualizar en pantalla el resultado obtenido. A partir del d\u00eda calendario siguiente a la fecha del examen y por el t\u00e9rmino de cinco d\u00edas, la persona podr\u00e1 ingresar a la plataforma Moodle con su usuario y contrase\u00f1a. All\u00ed, tendr\u00e1 a disposici\u00f3n su examen para su revisi\u00f3n y descarga.<\/p>\n\n\n\n<p>Tambi\u00e9n en un plazo de cinco d\u00edas, los aspirantes podr\u00e1n deducir ante la Comisi\u00f3n de Concurso impugnaci\u00f3n por arbitrariedad manifiesta, error material o vicios graves de procedimiento. Esto ser\u00e1 con un formulario digital (Sistema Tickets) que se pondr\u00e1 a disposici\u00f3n para tal fin por igual t\u00e9rmino.<\/p>\n\n\n\n<p>La&nbsp;<strong>Comisi\u00f3n de Concurso&nbsp;<\/strong>resolver\u00e1 las observaciones en el plazo de diez d\u00edas, que podr\u00e1 ser ampliado por Sala Administrativa en funci\u00f3n del n\u00famero de impugnaciones recibidas.<\/p>\n\n\n\n<p>Cabe aclarar, finalmente, que se&nbsp;<strong>desestimar\u00e1n aquellas impugnaciones que constituyan \u00fanicamente una expresi\u00f3n de disconformidad<\/strong>&nbsp;con los criterios establecidos por el Tribunal o no respeten los requisitos exigidos.<\/p>\n","protected":false},"excerpt":{"rendered":"<p>Para quienes est\u00e9n buscando un trabajo y sean mayores de 18 a\u00f1os (hasta la edad jubilatoria, seg\u00fan corresponda por g\u00e9nero), la noticia es que el\u00a0Poder Judicial\u00a0abrir\u00e1 un\u00a0concurso de ingreso de personal t\u00e9cnico y administrativo. Son\u00a0200\u00a0los\u00a0cargos vacantes,\u00a0130 mil pesos el sueldo inicial\u00a0y 6 las circunscripciones en las que se repartir\u00e1n dentro de\u00a0Mendoza. Se trata de una<a class=\"read-more\" href=\"https:\/\/elfederalmendoza.com.ar\/index.php\/2023\/04\/12\/jovenes-y-adultos-mayores-pueden-ganar-130-mil-trabajando-en-la-justicia\/\"> [&hellip;]<\/a><\/p>\n","protected":false},"author":2,"featured_media":21887,"comment_status":"open","ping_status":"open","sticky":false,"template":"","format":"standard","meta":{"footnotes":""},"categories":[1],"tags":[],"class_list":["post-21886","post","type-post","status-publish","format-standard","has-post-thumbnail","hentry","category-mza"],"rttpg_featured_image_url":{"full":["https:\/\/elfederalmendoza.com.ar\/wp-content\/uploads\/2023\/04\/poder-judicial-mendoza1.jpg",1095,608,false],"landscape":["https:\/\/elfederalmendoza.com.ar\/wp-content\/uploads\/2023\/04\/poder-judicial-mendoza1.jpg",1095,608,false],"portraits":["https:\/\/elfederalmendoza.com.ar\/wp-content\/uploads\/2023\/04\/poder-judicial-mendoza1.jpg",1095,608,false],"thumbnail":["https:\/\/elfederalmendoza.com.ar\/wp-content\/uploads\/2023\/04\/poder-judicial-mendoza1-150x150.jpg",150,150,true],"medium":["https:\/\/elfederalmendoza.com.ar\/wp-content\/uploads\/2023\/04\/poder-judicial-mendoza1-300x167.jpg",300,167,true],"large":["https:\/\/elfederalmendoza.com.ar\/wp-content\/uploads\/2023\/04\/poder-judicial-mendoza1-1024x569.jpg",640,356,true],"1536x1536":["https:\/\/elfederalmendoza.com.ar\/wp-content\/uploads\/2023\/04\/poder-judicial-mendoza1.jpg",1095,608,false],"2048x2048":["https:\/\/elfederalmendoza.com.ar\/wp-content\/uploads\/2023\/04\/poder-judicial-mendoza1.jpg",1095,608,false],"ultp_layout_landscape_large":["https:\/\/elfederalmendoza.com.ar\/wp-content\/uploads\/2023\/04\/poder-judicial-mendoza1.jpg",1095,608,false],"ultp_layout_landscape":["https:\/\/elfederalmendoza.com.ar\/wp-content\/uploads\/2023\/04\/poder-judicial-mendoza1-870x570.jpg",870,570,true],"ultp_layout_portrait":["https:\/\/elfederalmendoza.com.ar\/wp-content\/uploads\/2023\/04\/poder-judicial-mendoza1-600x608.jpg",600,608,true],"ultp_layout_square":["https:\/\/elfederalmendoza.com.ar\/wp-content\/uploads\/2023\/04\/poder-judicial-mendoza1-600x600.jpg",600,600,true],"rpwe-thumbnail":["https:\/\/elfederalmendoza.com.ar\/wp-content\/uploads\/2023\/04\/poder-judicial-mendoza1-45x45.jpg",45,45,true],"advps-thumb-one":["https:\/\/elfederalmendoza.com.ar\/wp-content\/uploads\/2023\/04\/poder-judicial-mendoza1-1095x420.jpg",1095,420,true]},"rttpg_author":{"display_name":"Redacci\u00f3n El Federal","author_link":"https:\/\/elfederalmendoza.com.ar\/index.php\/author\/angelflores\/"},"rttpg_comment":0,"rttpg_category":"<a href=\"https:\/\/elfederalmendoza.com.ar\/index.php\/category\/mza\/\" rel=\"category tag\">Mendoza<\/a>","rttpg_excerpt":"Para quienes est\u00e9n buscando un trabajo y sean mayores de 18 a\u00f1os (hasta la edad jubilatoria, seg\u00fan corresponda por g\u00e9nero), la noticia es que el\u00a0Poder Judicial\u00a0abrir\u00e1 un\u00a0concurso de ingreso de personal t\u00e9cnico y administrativo. Son\u00a0200\u00a0los\u00a0cargos vacantes,\u00a0130 mil pesos el sueldo inicial\u00a0y 6 las circunscripciones en las que se repartir\u00e1n dentro de\u00a0Mendoza. Se trata de una&hellip;","_links":{"self":[{"href":"https:\/\/elfederalmendoza.com.ar\/index.php\/wp-json\/wp\/v2\/posts\/21886","targetHints":{"allow":["GET"]}}],"collection":[{"href":"https:\/\/elfederalmendoza.com.ar\/index.php\/wp-json\/wp\/v2\/posts"}],"about":[{"href":"https:\/\/elfederalmendoza.com.ar\/index.php\/wp-json\/wp\/v2\/types\/post"}],"author":[{"embeddable":true,"href":"https:\/\/elfederalmendoza.com.ar\/index.php\/wp-json\/wp\/v2\/users\/2"}],"replies":[{"embeddable":true,"href":"https:\/\/elfederalmendoza.com.ar\/index.php\/wp-json\/wp\/v2\/comments?post=21886"}],"version-history":[{"count":1,"href":"https:\/\/elfederalmendoza.com.ar\/index.php\/wp-json\/wp\/v2\/posts\/21886\/revisions"}],"predecessor-version":[{"id":21888,"href":"https:\/\/elfederalmendoza.com.ar\/index.php\/wp-json\/wp\/v2\/posts\/21886\/revisions\/21888"}],"wp:featuredmedia":[{"embeddable":true,"href":"https:\/\/elfederalmendoza.com.ar\/index.php\/wp-json\/wp\/v2\/media\/21887"}],"wp:attachment":[{"href":"https:\/\/elfederalmendoza.com.ar\/index.php\/wp-json\/wp\/v2\/media?parent=21886"}],"wp:term":[{"taxonomy":"category","embeddable":true,"href":"https:\/\/elfederalmendoza.com.ar\/index.php\/wp-json\/wp\/v2\/categories?post=21886"},{"taxonomy":"post_tag","embeddable":true,"href":"https:\/\/elfederalmendoza.com.ar\/index.php\/wp-json\/wp\/v2\/tags?post=21886"}],"curies":[{"name":"wp","href":"https:\/\/api.w.org\/{rel}","templated":true}]}}